{"id":11700,"date":"2015-10-16T08:38:29","date_gmt":"2015-10-16T11:38:29","guid":{"rendered":"https:\/\/www.mpal.mp.br\/?p=11700"},"modified":"2022-07-11T08:41:00","modified_gmt":"2022-07-11T11:41:00","slug":"projeto-socioeducacao-realiza-treinamento-das-equipes-de-execucao-na-area-de-liberdade-assistida-e-prestacao-de-servico-a-comunidade","status":"publish","type":"post","link":"https:\/\/www.mpal.mp.br\/?p=11700","title":{"rendered":"Projeto Socioeduca\u00e7\u00e3o realiza treinamento das equipes de execu\u00e7\u00e3o na \u00e1rea de liberdade assistida e presta\u00e7\u00e3o de servi\u00e7o \u00e0 comunidade"},"content":{"rendered":"<p style=\"text-align: justify;\"><span style=\"font-size: 14pt;\">Coordenado pela promotora de Justi\u00e7a Alexandra Beurlen, o projeto estrat\u00e9gico \u201cSocioeduca\u00e7\u00e3o: lugar de adolescente \u00e9 em casa\u201d promove, nos dias 19 e 23 de outubro, das 8h \u00e0s 12h, um treinamento das equipes de execu\u00e7\u00e3o. A forma\u00e7\u00e3o, que ocorrer\u00e1 na Escola Superior da Magistratura de Alagoas (Esmal), no Farol, abordar\u00e1 a liberdade assistida e a presta\u00e7\u00e3o de servi\u00e7o \u00e0 comunidade. A Procuradoria Geral de Justi\u00e7a dispensou de suas atividades os membros e servidores do Minist\u00e9rio P\u00fablico do Estado de Alagoas (MPE\/AL) que participarem do evento.<\/span><\/p>\n<p style=\"text-align: justify;\"><span style=\"font-size: 14pt;\">Al\u00e9m da apresenta\u00e7\u00e3o do projeto, o treinamento trar\u00e1 palestras sobre medidas socioeducativa, Estatuto da Crian\u00e7a e do Adolescente (ECA), controle social, causas da pr\u00e1tica dos atos infracionais e processo de execu\u00e7\u00e3o na \u00e1rea. Para isso, estar\u00e3o presentes especialistas no assunto como o juiz de Direito da 1\u00ba Vara da Inf\u00e2ncia e Juventude de Macei\u00f3, Ney Alc\u00e2ntara, o promotor de Justi\u00e7a da Inf\u00e2ncia e da Juventude de Palmeiras dos \u00cdndios, Rog\u00e9rio Paranhos, e os representantes da Defensoria P\u00fablica na \u00e1rea, Ricardo Duarte e F\u00e1bio Passos.<\/span><\/p>\n<p style=\"text-align: justify;\"><span style=\"font-size: 14pt;\">Durante o evento, tamb\u00e9m ser\u00e3o compartilhadas as experi\u00eancias de liberdade assistida e de presta\u00e7\u00e3o de servi\u00e7o \u00e0 comunidade nos munic\u00edpios de Macei\u00f3, Boca da Mata e Palmeira dos \u00cdndios, bem como a avalia\u00e7\u00e3o dos aspectos positivos e negativos das duas pr\u00e1ticas pelas equipes de execu\u00e7\u00e3o do projeto e por membros do Minist\u00e9rio P\u00fablico, Judici\u00e1rio e Defensoria P\u00fablica.<\/span><\/p>\n<p style=\"text-align: justify;\"><span style=\"font-size: 14pt;\">Segundo a promotora de Justi\u00e7a Alexandra Beurlen, a fam\u00edlia, a sociedade e o Estado precisam ter clareza de sua responsabilidade no cuidado com o socioeducando. \u201cA aten\u00e7\u00e3o aos adolescentes e jovens deve ser integral. N\u00e3o se pode esquecer de que tratamos de um sujeito de direitos, em desenvolvimento, cuja viola\u00e7\u00e3o de quaisquer de seus direitos essenciais interfere profundamente em todo o seu processo socioeducativo.\u00a0O evento visa \u00e0 integra\u00e7\u00e3o entre todos os \u00f3rg\u00e3os imprescind\u00edveis na execu\u00e7\u00e3o das medidas socioeducativas de liberdade assistida e presta\u00e7\u00e3o de servi\u00e7o \u00e0 comunidade\u201d, disse.<\/span><\/p>\n<p style=\"text-align: justify;\"><span style=\"font-size: 14pt;\">O evento \u00e9 uma promo\u00e7\u00e3o do Minist\u00e9rio P\u00fablico do Estado de Alagoas, por meio coordena\u00e7\u00e3o do projeto e da Assessoria de Planejamento e Gest\u00e3o Estrat\u00e9gica (Asplage). Ele conta com o apoio da Escola Superior do Minist\u00e9rio P\u00fablico (ESMP), Associa\u00e7\u00e3o do Minist\u00e9rio P\u00fablico do Estado de Alagoas (Ampal), do Poder Judici\u00e1rio de Alagoas, da Defensoria P\u00fablica Estadual, do Centro de Defesa dos Direitos da Crian\u00e7a e do Adolescente Zumbi dos Palmares (Cedeca\/AL) e do Projeto de Defesa Jur\u00eddico-Social de Adolescentes.<\/span><\/p>\n<p style=\"text-align: justify;\"><span style=\"font-size: 14pt;\"><strong>Projeto estrat\u00e9gico<\/strong><\/span><\/p>\n<p style=\"text-align: justify;\"><span style=\"font-size: 14pt;\">Com o apoio da Assessoria de Planejamento e Gest\u00e3o Estrat\u00e9gica (Asplage) do Minist\u00e9rio P\u00fablico do Estado de Alagoas (MPE\/AL), o projeto &#8216;Socioeduca\u00e7\u00e3o: lugar de adolescente \u00e9 em casa&#8217; foi elaborada com o objetivo de contribuir para a implanta\u00e7\u00e3o, organiza\u00e7\u00e3o, funcionamento e aprimoramento da atua\u00e7\u00e3o do Centro de Refer\u00eancia Especializado de Assist\u00eancia Social (Creas) em todo o Estado de Alagoas, em especial, no \u00e2mbito de medidas socioeducativas em meio aberto.<\/span><\/p>\n<p style=\"text-align: justify;\"><span style=\"font-size: 14pt;\">Para isso, o Minist\u00e9rio P\u00fablico diagnosticar\u00e1 a abrang\u00eancia e a estrutura dos Creas existentes no estado, bem como a qualidade da liberdade assistida e presta\u00e7\u00e3o de servi\u00e7os comunit\u00e1rios praticados pelos socioeducandos.<\/span><\/p>\n<p style=\"text-align: justify;\"><span style=\"font-size: 14pt;\">Durante o desenvolvimento da iniciativa estrat\u00e9gica, a equipe ofertar\u00e1 assist\u00eancia e apoio na atua\u00e7\u00e3o dos membros do Minist\u00e9rio P\u00fablico que possuam atribui\u00e7\u00e3o para atuar na \u00e1rea de Inf\u00e2ncia e Juventude, inclusive na ado\u00e7\u00e3o de medidas extrajudiciais e judicias para o aperfei\u00e7oamento dos Creas existentes e implementa\u00e7\u00e3o dos servi\u00e7os de liberdade assistida (LA) e presta\u00e7\u00e3o de servi\u00e7os \u00e0 comunidade (PSC) ofertados.<\/span><\/p>\n<p style=\"text-align: justify;\"><span style=\"font-size: 14pt;\">No final do projeto, em mar\u00e7o de 2016, ser\u00e1 apresentado um diagn\u00f3stico final, com elabora\u00e7\u00e3o de relat\u00f3rio, que descrever\u00e1 a situa\u00e7\u00e3o dos Creas em Alagoas, bem como a quantidade e a qualidade dos servi\u00e7os de LA e PSC estaduais.<\/span><\/p>\n<p style=\"text-align: justify;\"><span style=\"font-size: 14pt;\">Al\u00e9m da promotora Alexandra Beurlen, fazem parte do projeto os promotores de Justi\u00e7a Adriana Gomes Moreira dos Santos e Rog\u00e9rio Paranhos. Os servidores Ednaldo Miguel da Silva J\u00fanior, Jo\u00e3o Alcides de S\u00e1 Cerqueira, Victor Hugo Lessa Pierre e M\u00e1rcia de Oliveira Barros tamb\u00e9m integram a iniciativa.<\/span><\/p>\n<p style=\"text-align: justify;\"><span style=\"font-size: 14pt;\"><strong>Programa\u00e7\u00e3o<\/strong><\/span><\/p>\n<p style=\"text-align: justify;\"><span style=\"font-size: 14pt;\"><em>19\/10\/2015 (8h a 12h)<\/em><\/span><\/p>\n<p style=\"text-align: justify;\"><span style=\"font-size: 14pt;\">8h \u2013 Abertura<\/span><\/p>\n<p style=\"text-align: justify;\"><span style=\"font-size: 14pt;\">8h10 \u2013 Apresenta\u00e7\u00e3o do projeto estrat\u00e9gico \u201cSocioeduca\u00e7\u00e3o: lugar de adolescente \u00e9 em casa\u201d (Alexandra Beurlen \u2013 promotora de Justi\u00e7a e gerente do projeto)<\/span><\/p>\n<p style=\"text-align: justify;\"><span style=\"font-size: 14pt;\">8h15 \u2013 Palestra \u201cDo ato infracional \u00e0 medida socioeducativa sob a vis\u00e3o do ECA e SINASE\u201d (Gra\u00e7a Carvalho \u2013 advogada do Cedeca\/Alagoas)<\/span><\/p>\n<p style=\"text-align: justify;\"><span style=\"font-size: 14pt;\">9h45 \u2013 Coffee Break<\/span><\/p>\n<p style=\"text-align: justify;\"><span style=\"font-size: 14pt;\">10h \u2013 Palestra \u201cInterlocu\u00e7\u00e3o entre SINASE e SUAS na execu\u00e7\u00e3o de medidas socioeducativas LA e PSC\u201d (Emanuel Belarmino \u2013 psic\u00f3logo e Maria Thamires \u2013 assistente social, ambos do servi\u00e7o de LA e PSC de Macei\u00f3)<\/span><\/p>\n<p style=\"text-align: justify;\"><span style=\"font-size: 14pt;\">11h \u2013 Debate<\/span><\/p>\n<p style=\"text-align: justify;\"><span style=\"font-size: 14pt;\"><em>23\/10\/2015 (8h a 12h)<\/em><\/span><\/p>\n<p style=\"text-align: justify;\"><span style=\"font-size: 14pt;\">8h \u2013 Palestra \u201cAlgumas causas para a pr\u00e1tica de atos infracionais\u201d (F\u00e1bio Passos \u2013 defensor p\u00fablico da 1\u00aa Vara da Inf\u00e2ncia e Juventude de Macei\u00f3)<\/span><\/p>\n<p style=\"text-align: justify;\"><span style=\"font-size: 14pt;\">8h15 \u2013 Palestra \u201cO processo de execu\u00e7\u00e3o de medidas socioeducativas\u201d (Ney Alc\u00e2ntara \u2013 juiz de Direito da 1\u00aa Vara da Inf\u00e2ncia e Juventude de Macei\u00f3)<\/span><\/p>\n<p style=\"text-align: justify;\"><span style=\"font-size: 14pt;\">9h \u2013 Palestra \u201cOs instrumentos usados durante o processo de execu\u00e7\u00e3o de medida socioeducativa\u201d (Rog\u00e9rio Paranhos \u2013 promotor de Justi\u00e7a da Inf\u00e2ncia e da Juventude de Palmeiras dos \u00cdndios)<\/span><\/p>\n<p style=\"text-align: justify;\"><span style=\"font-size: 14pt;\">9h45 \u2013 Coffee break<\/span><\/p>\n<p style=\"text-align: justify;\"><span style=\"font-size: 14pt;\">10h &#8211; \u201cLevantamento da execu\u00e7\u00e3o de medidas socioeducativa de LA e PSC de Alagoas (Edmilson Vasconcelos \u2013 representante da SEADES)<\/span><\/p>\n<p style=\"text-align: justify;\"><span style=\"font-size: 14pt;\">10h45 \u2013 Experi\u00eancia de execu\u00e7\u00e3o de LA e PSC (Macei\u00f3, Boca da Mata e Palmeira dos \u00cdndios) e Aspectos positivos e negativos (equipes de execu\u00e7\u00e3o e representantes do Minist\u00e9rio P\u00fablico, Defensoria P\u00fablica e Judici\u00e1rio)<\/span><\/p>\n","protected":false},"excerpt":{"rendered":"<p> [&hellip;]<\/p>\n","protected":false},"author":4,"featured_media":11701,"comment_status":"open","ping_status":"open","sticky":false,"template":"","format":"standard","meta":{"om_disable_all_campaigns":false,"_monsterinsights_skip_tracking":false,"_monsterinsights_sitenote_active":false,"_monsterinsights_sitenote_note":"","_monsterinsights_sitenote_category":0,"_uf_show_specific_survey":0,"_uf_disable_surveys":false,"footnotes":""},"categories":[2],"tags":[],"class_list":["post-11700","post","type-post","status-publish","format-standard","has-post-thumbnail","hentry","category-not_mpal"],"aioseo_notices":[],"_links":{"self":[{"href":"https:\/\/www.mpal.mp.br\/index.php?rest_route=\/wp\/v2\/posts\/11700","targetHints":{"allow":["GET"]}}],"collection":[{"href":"https:\/\/www.mpal.mp.br\/index.php?rest_route=\/wp\/v2\/posts"}],"about":[{"href":"https:\/\/www.mpal.mp.br\/index.php?rest_route=\/wp\/v2\/types\/post"}],"author":[{"embeddable":true,"href":"https:\/\/www.mpal.mp.br\/index.php?rest_route=\/wp\/v2\/users\/4"}],"replies":[{"embeddable":true,"href":"https:\/\/www.mpal.mp.br\/index.php?rest_route=%2Fwp%2Fv2%2Fcomments&post=11700"}],"version-history":[{"count":2,"href":"https:\/\/www.mpal.mp.br\/index.php?rest_route=\/wp\/v2\/posts\/11700\/revisions"}],"predecessor-version":[{"id":11703,"href":"https:\/\/www.mpal.mp.br\/index.php?rest_route=\/wp\/v2\/posts\/11700\/revisions\/11703"}],"wp:featuredmedia":[{"embeddable":true,"href":"https:\/\/www.mpal.mp.br\/index.php?rest_route=\/wp\/v2\/media\/11701"}],"wp:attachment":[{"href":"https:\/\/www.mpal.mp.br\/index.php?rest_route=%2Fwp%2Fv2%2Fmedia&parent=11700"}],"wp:term":[{"taxonomy":"category","embeddable":true,"href":"https:\/\/www.mpal.mp.br\/index.php?rest_route=%2Fwp%2Fv2%2Fcategories&post=11700"},{"taxonomy":"post_tag","embeddable":true,"href":"https:\/\/www.mpal.mp.br\/index.php?rest_route=%2Fwp%2Fv2%2Ftags&post=11700"}],"curies":[{"name":"wp","href":"https:\/\/api.w.org\/{rel}","templated":true}]}}