{"id":11697,"date":"2016-01-15T08:34:54","date_gmt":"2016-01-15T10:34:54","guid":{"rendered":"https:\/\/www.mpal.mp.br\/?p=11697"},"modified":"2022-07-11T08:38:20","modified_gmt":"2022-07-11T11:38:20","slug":"mpe-al-pede-abertura-de-inquerito-para-apurar-agressao-a-menor-em-supermercado-da-area-nobre","status":"publish","type":"post","link":"https:\/\/www.mpal.mp.br\/?p=11697","title":{"rendered":"MPE\/AL pede abertura de inqu\u00e9rito para apurar agress\u00e3o a menor em supermercado da \u00e1rea nobre"},"content":{"rendered":"<p style=\"text-align: justify;\"><span style=\"font-size: 14pt;\">Em face de um v\u00eddeo repercutido pela imprensa e nas redes sociais, em que um adolescente aparece sendo agredido pelo seguran\u00e7a de uma rede de supermercados localizada no bairro da Jati\u00faca, ap\u00f3s, supostamente, tentar furtar um produto de higiene pessoal, a promotora de Justi\u00e7a Dalva Ten\u00f3rio solicitar\u00e1, na manh\u00e3 desta sexta-feira (15), abertura de inqu\u00e9rito \u00e0 Pol\u00edcia Civil.<\/span><\/p>\n<p style=\"text-align: justify;\"><span style=\"font-size: 14pt;\">Ela enviar\u00e1 of\u00edcio \u00e0 Delegacia da Crian\u00e7a e do Adolescente.&#8221;Vou pedir que seja iniciada a investiga\u00e7\u00e3o por parte da autoridade competente, que trabalha na delegacia especializada. No documento, pe\u00e7o que sejam chamados o seguran\u00e7a que aparece nas imagens, a diretoria do supermercado e a v\u00edtima. Tamb\u00e9m ser\u00e1 necess\u00e1ria a presen\u00e7a de testemunhas, haja vista que foram algumas delas que fizeram as filmagens&#8221;, explicou Dalva Ten\u00f3rio.<\/span><\/p>\n<p style=\"text-align: justify;\"><span style=\"font-size: 14pt;\">&#8220;Inclusive, pe\u00e7o que qualquer pessoa que presenciou o fato se dirija ao pr\u00e9dio das Promotorias da Capital, localizado no Barro Duro, logo depois do f\u00f3rum da Justi\u00e7a estadual, e me procure. O Minist\u00e9rio P\u00fablico tamb\u00e9m vai ter que ouvir todo mundo envolvido nesse caso. Se o adolescente foi flagrado cometendo um ato infracional, ele deveria ter sido apreendido e encaminhado \u00e0 delegacia competente atrav\u00e9s do Conselho Tutelar. A agress\u00e3o cometida contra ele foi um absurdo. Esse n\u00e3o \u00e9 o caminho da ressocializa\u00e7\u00e3o&#8221;, completou a promotora.<\/span><\/p>\n<p style=\"text-align: justify;\"><span style=\"font-size: 14pt;\"><strong>A Promotoria<\/strong><\/span><\/p>\n<p style=\"text-align: justify;\"><span style=\"font-size: 14pt;\">A 59\u00aa Promotoria de Justi\u00e7a Criminal, de onde Dalva Ten\u00f3rio \u00e9 titular, tem atribui\u00e7\u00e3o para atuar em crimes contra crian\u00e7as, adolescentes, idosos e em crimes de tr\u00e2nsito, de Lei Seca e homic\u00eddios culposos. Ela atua perante a 14\u00aa Vara Criminal da Capital.<\/span><\/p>\n","protected":false},"excerpt":{"rendered":"<p> [&hellip;]<\/p>\n","protected":false},"author":4,"featured_media":11698,"comment_status":"open","ping_status":"open","sticky":false,"template":"","format":"standard","meta":{"om_disable_all_campaigns":false,"_monsterinsights_skip_tracking":false,"_monsterinsights_sitenote_active":false,"_monsterinsights_sitenote_note":"","_monsterinsights_sitenote_category":0,"_uf_show_specific_survey":0,"_uf_disable_surveys":false,"footnotes":""},"categories":[2],"tags":[],"class_list":["post-11697","post","type-post","status-publish","format-standard","has-post-thumbnail","hentry","category-not_mpal"],"aioseo_notices":[],"_links":{"self":[{"href":"https:\/\/www.mpal.mp.br\/index.php?rest_route=\/wp\/v2\/posts\/11697","targetHints":{"allow":["GET"]}}],"collection":[{"href":"https:\/\/www.mpal.mp.br\/index.php?rest_route=\/wp\/v2\/posts"}],"about":[{"href":"https:\/\/www.mpal.mp.br\/index.php?rest_route=\/wp\/v2\/types\/post"}],"author":[{"embeddable":true,"href":"https:\/\/www.mpal.mp.br\/index.php?rest_route=\/wp\/v2\/users\/4"}],"replies":[{"embeddable":true,"href":"https:\/\/www.mpal.mp.br\/index.php?rest_route=%2Fwp%2Fv2%2Fcomments&post=11697"}],"version-history":[{"count":1,"href":"https:\/\/www.mpal.mp.br\/index.php?rest_route=\/wp\/v2\/posts\/11697\/revisions"}],"predecessor-version":[{"id":11699,"href":"https:\/\/www.mpal.mp.br\/index.php?rest_route=\/wp\/v2\/posts\/11697\/revisions\/11699"}],"wp:featuredmedia":[{"embeddable":true,"href":"https:\/\/www.mpal.mp.br\/index.php?rest_route=\/wp\/v2\/media\/11698"}],"wp:attachment":[{"href":"https:\/\/www.mpal.mp.br\/index.php?rest_route=%2Fwp%2Fv2%2Fmedia&parent=11697"}],"wp:term":[{"taxonomy":"category","embeddable":true,"href":"https:\/\/www.mpal.mp.br\/index.php?rest_route=%2Fwp%2Fv2%2Fcategories&post=11697"},{"taxonomy":"post_tag","embeddable":true,"href":"https:\/\/www.mpal.mp.br\/index.php?rest_route=%2Fwp%2Fv2%2Ftags&post=11697"}],"curies":[{"name":"wp","href":"https:\/\/api.w.org\/{rel}","templated":true}]}}