{"id":11694,"date":"2016-02-04T08:32:42","date_gmt":"2016-02-04T10:32:42","guid":{"rendered":"https:\/\/www.mpal.mp.br\/?p=11694"},"modified":"2022-07-11T08:34:49","modified_gmt":"2022-07-11T11:34:49","slug":"a-pedido-e-com-o-apoio-do-mpe-al-prefeitura-de-sao-jose-da-tapera-cria-centro-de-acolhimento-a-crianca-e-ao-adolescente","status":"publish","type":"post","link":"https:\/\/www.mpal.mp.br\/?p=11694","title":{"rendered":"A pedido e com o apoio do MPE\/AL, Prefeitura de S\u00e3o Jos\u00e9 da Tapera cria Centro de Acolhimento \u00e0 Crian\u00e7a e ao Adolescente"},"content":{"rendered":"<p style=\"text-align: justify;\"><span style=\"font-size: 14pt;\">O Minist\u00e9rio P\u00fablico de Alagoas (MPE\/AL), por meio da Promotoria de Justi\u00e7a de S\u00e3o Jos\u00e9 da Tapera, solicitou \u00e0 Prefeitura desse munic\u00edpio e se mobilizou, em junho de 2015, para a cria\u00e7\u00e3o do Centro de Acolhimento \u00e0 Crian\u00e7a e ao Adolescente (CAACA). E agora, apenas oito meses depois, a unidade que recebeu o nome Joana Maria de Lima, foi inaugurada com o objetivo de oferecer educa\u00e7\u00e3o em tempo integral com acesso \u00e0 inform\u00e1tica, esporte e arte, propiciando um ambiente educativo que ir\u00e1 permitir o resgate dos valores b\u00e1sicos da conviv\u00eancia familiar e comunit\u00e1ria, contribuindo para o desenvolvimento dos acolhidos.<\/span><\/p>\n<p style=\"text-align: justify;\"><span style=\"font-size: 14pt;\">Durante o seu discurso nessa inaugura\u00e7\u00e3o, o promotor de Justi\u00e7a Luiz Ten\u00f3rio, que estava perceptivamente emocionado, fez um retrocesso hist\u00f3rico da realidade ca\u00f3tica em que encontrou o munic\u00edpio e destacou as lutas, a\u00e7\u00f5es implementadas e os apoios recebidos para que hoje haja melhorias em \u00e1reas como seguran\u00e7a p\u00fablica, sa\u00fade, educa\u00e7\u00e3o, esporte e assist\u00eancia social. Finalizou destacando a import\u00e2ncia do CAACA, os resultados alcan\u00e7ados e os quais ainda pretende alcan\u00e7ar no munic\u00edpio.<\/span><\/p>\n<p style=\"text-align: justify;\"><span style=\"font-size: 14pt;\">\u201cHoje S\u00e3o Jos\u00e9 da Tapera se orgulha em dizer que n\u00e3o h\u00e1 um menor trabalhando. Agora com o CAACA, o munic\u00edpio ganha mais uma ferramenta na luta para garantir as nossas crian\u00e7as e aos nossos adolescentes que se encontram em situa\u00e7\u00f5es de risco, os direitos fundamentais inerentes \u00e0 pessoa humana, assegurando-lhes o desenvolvimento f\u00edsico, mental, espiritual e social em condi\u00e7\u00f5es de dignidade e respeito. Retirando-lhes dos ambientes hostis que lhe submetem a todo tipo de abuso, que facilitam e incentivam o ingresso na marginalidade\u201d, exp\u00f4s o promotor.<\/span><\/p>\n<p style=\"text-align: justify;\"><span style=\"font-size: 14pt;\">Ainda de acordo com ele, o munic\u00edpio n\u00e3o possui nenhum processo que seja destinado por ato infracional praticado por menores.<\/span><\/p>\n<p style=\"text-align: justify;\"><span style=\"font-size: 14pt;\">\u201cEm S\u00e3o Jos\u00e9 da Tapera n\u00f3s n\u00e3o temos meninos de rua, mas sim meninos que vivem na rua. \u00c9 por essa raz\u00e3o que me sinto profundamente realizado, pois tenho a certeza de que o Minist\u00e9rio P\u00fablico tem atuado a altura da expectativa do nobre e honrado povo taperense. Cabe-me, por fim, expressar o sentimento venturoso que me invade, me domina e, o meu sincero agradecimento a todos aqueles que, de alguma forma, contribu\u00edram para concretiza\u00e7\u00e3o desse momento especial. Tudo isso significa que os criminosos, traficantes, tarados e estupradores n\u00e3o ganharam as nossas crian\u00e7as e os nossos adolescentes. Agora com o CAACA vamos ter muito mais melhorias em prol deles\u201d, concluiu o promotor.<\/span><\/p>\n<p style=\"text-align: justify;\"><span style=\"font-size: 14pt;\">Presente \u00e0 inaugura\u00e7\u00e3o e ap\u00f3s presenciar as melhorias registradas nesse munic\u00edpio, o Procurador-Geral de Justi\u00e7a S\u00e9rgio Juc\u00e1 discorreu sobre a alegria que sente em ver a uni\u00e3o entre os representantes dos poderes e da Igreja Cat\u00f3lica, empres\u00e1rios, conselheiros tutelares e taperenses em prol da constru\u00e7\u00e3o de um presente melhor para a cidade, que significa um futuro de desenvolvimento e bem-estar social.<\/span><\/p>\n<p style=\"text-align: justify;\"><span style=\"font-size: 14pt;\">\u201cAbro o meu cora\u00e7\u00e3o para revelar a felicidade que invade o meu peito, pois sou testemunha de uma quimera, um sonho dif\u00edcil de realizar, um sonho da uni\u00e3o do povo em torno de um objetivo. O CAACA, agora, o povo de S\u00e3o Jos\u00e9 da Tapera pode dizer que \u00e9 realidade. Vejo o povo taperense imbu\u00eddo de um nobre prop\u00f3sito, que \u00e9 o de investir no futuro, no tesouro de uma na\u00e7\u00e3o que s\u00e3o as crian\u00e7as e os adolescentes. E n\u00e3o \u00e9 \u00e0 toa que est\u00e3o unidos o poder executivo, o poder legislativo, o empresariado e a Igreja Cat\u00f3lica Apost\u00f3lica Romana\u201d, destacou Juc\u00e1.<\/span><\/p>\n<p style=\"text-align: justify;\"><span style=\"font-size: 14pt;\">O Procurador-geral de Justi\u00e7a, em seu pronunciamento fez quest\u00e3o de enaltecer a luta daqueles que contribu\u00edram, de forma significativa, para a cria\u00e7\u00e3o do CAACA no munic\u00edpio.<\/span><\/p>\n<p style=\"text-align: justify;\"><span style=\"font-size: 14pt;\">\u201cN\u00e3o posso deixar de falar da luta desses desbravadores, como o querido padre Rosevaldo e, destacar a luta de um expoente do Minist\u00e9rio P\u00fablico, o promotor Luiz Ten\u00f3rio, que \u00e9 querido e temido, por ser um promotor que busca distribuir justi\u00e7a. Ele tem essa meta e age no estrito cumprimento do dever funcional. Mas se ele \u00e9 rigoroso, tamb\u00e9m revela uma sensibilidade acendrada ao voltar os olhos para as crian\u00e7as e os adolescentes desse munic\u00edpio. Luiz Ten\u00f3rio n\u00e3o \u00e9 um promotor escondido num gabinete, que se limita a exercer a sua atribui\u00e7\u00e3o sem se preocupar com o seu semelhante, \u00e9 um promotor expoente do bravo MP de Alagoas\u201d.<\/span><\/p>\n<p style=\"text-align: justify;\"><span style=\"font-size: 14pt;\">Juc\u00e1 encerrou o seu pronunciamento citando a passagem b\u00edblica \u201cAmai-vos uns aos outros\u2019, a qual considera inesquec\u00edvel e que resume o que de mais importante deve existir na sociedade.<\/span><\/p>\n<p style=\"text-align: justify;\"><span style=\"font-size: 14pt;\">\u201cO CAACA \u00e9 uma prova inequ\u00edvoca de amor. Prova que os cidad\u00e3os de S\u00e3o da Tapera, juntos, est\u00e3o dando como exemplo a Alagoas e ao Brasil. Amanh\u00e3 essas crian\u00e7as e adolescentes destinat\u00e1rias do CAACA contribuir\u00e3o para que hajam cidad\u00e3os \u00fateis e prestantes \u00e0 sociedade. Estou orgulhoso daqueles que combatem ofensivamente e dos her\u00f3is an\u00f4nimos por essa prova significativa de amor. Em nome da institui\u00e7\u00e3o que eu chefio, o MP, quero parabenizar a todos. Desejo que, adiante, possamos ver essas crian\u00e7as e adolescentes brilhando como as estrelas do firmamento,e, isso, ser\u00e1 gra\u00e7as a todos que contribu\u00edram\u201d, concluiu o PGJ.<\/span><\/p>\n<p style=\"text-align: justify;\"><span style=\"font-size: 14pt;\">O CAACA, ainda de acordo com o PGJ \u00e9 uma obra maravilhosa, que tem como pioneiro o promotor de Justi\u00e7a Mauricio Wanderley, que tamb\u00e9m esteve presente na inaugura\u00e7\u00e3o.<\/span><\/p>\n<p style=\"text-align: justify;\"><span style=\"font-size: 14pt;\">\u201cEssa ideia eu comecei em Santana do Ipanema. E, hoje, tenho a alegria de parabenizar ao promotor Luiz Ten\u00f3rio pela iniciativa de trazer para S\u00e3o Jos\u00e9 da Tapera. Ele que \u00e9 um homem de bem, dedicado, uma reserva moral para o Estado. Estou feliz, pois vejo aflorar nesse meu colega o cuidado com a crian\u00e7a e o adolescente. Estes que s\u00e3o os maiores patrim\u00f4nios da na\u00e7\u00e3o. Aproveito para destacar que s\u00f3 a educa\u00e7\u00e3o faz com que o indiv\u00edduo progrida, melhore sua situa\u00e7\u00e3o financeira e cultural. S\u00f3 a Educa\u00e7\u00e3o permite que se possa galgar um espa\u00e7o melhor na sociedade, que se possa crescer e se destacar e, assim, usufruir do pr\u00f3prio esfor\u00e7o e trabalho. Que os benefici\u00e1rios possam colaborar com o sucesso desse munic\u00edpio, que busquem uma sociedade mais justa e solid\u00e1ria para todos\u201d, exp\u00f4s o promotor de Justi\u00e7a Maur\u00edcio Wanderley.<\/span><\/p>\n<p style=\"text-align: justify;\"><span style=\"font-size: 14pt;\">Para o prefeito de S\u00e3o Jos\u00e9 da Tapera, Jarbas Ricardo, o CAACA \u00e9 uma solu\u00e7\u00e3o para um futuro melhor das crian\u00e7as e dos adolescentes.<\/span><\/p>\n<p style=\"text-align: justify;\"><span style=\"font-size: 14pt;\"><strong>Cria\u00e7\u00e3o em S\u00e3o Jos\u00e9 da Tapera<\/strong><\/span><\/p>\n<p style=\"text-align: justify;\"><span style=\"font-size: 14pt;\">Em junho de 2015, os promotores de justi\u00e7a Luiz Ten\u00f3rio e Maur\u00edcio Wanderley reuniram-se com o prefeito de S\u00e3o Jos\u00e9 da Tapera, Jarbas Ricardo; com o coordenador dos CAACAs de Santana do Ipanema e Anadia, Elvio Carvalho, al\u00e9m de representantes da Igreja Cat\u00f3lica, dos conselheiros tutelares e de outras autoridades desse munic\u00edpio para discutir sobre a cria\u00e7\u00e3o do CAACA, sobre a obten\u00e7\u00e3o dos recursos e definir o local que ele seria instalado.<\/span><\/p>\n","protected":false},"excerpt":{"rendered":"<p> [&hellip;]<\/p>\n","protected":false},"author":4,"featured_media":11695,"comment_status":"open","ping_status":"open","sticky":false,"template":"","format":"standard","meta":{"om_disable_all_campaigns":false,"_monsterinsights_skip_tracking":false,"_monsterinsights_sitenote_active":false,"_monsterinsights_sitenote_note":"","_monsterinsights_sitenote_category":0,"_uf_show_specific_survey":0,"_uf_disable_surveys":false,"footnotes":""},"categories":[2],"tags":[],"class_list":["post-11694","post","type-post","status-publish","format-standard","has-post-thumbnail","hentry","category-not_mpal"],"aioseo_notices":[],"_links":{"self":[{"href":"https:\/\/www.mpal.mp.br\/index.php?rest_route=\/wp\/v2\/posts\/11694","targetHints":{"allow":["GET"]}}],"collection":[{"href":"https:\/\/www.mpal.mp.br\/index.php?rest_route=\/wp\/v2\/posts"}],"about":[{"href":"https:\/\/www.mpal.mp.br\/index.php?rest_route=\/wp\/v2\/types\/post"}],"author":[{"embeddable":true,"href":"https:\/\/www.mpal.mp.br\/index.php?rest_route=\/wp\/v2\/users\/4"}],"replies":[{"embeddable":true,"href":"https:\/\/www.mpal.mp.br\/index.php?rest_route=%2Fwp%2Fv2%2Fcomments&post=11694"}],"version-history":[{"count":1,"href":"https:\/\/www.mpal.mp.br\/index.php?rest_route=\/wp\/v2\/posts\/11694\/revisions"}],"predecessor-version":[{"id":11696,"href":"https:\/\/www.mpal.mp.br\/index.php?rest_route=\/wp\/v2\/posts\/11694\/revisions\/11696"}],"wp:featuredmedia":[{"embeddable":true,"href":"https:\/\/www.mpal.mp.br\/index.php?rest_route=\/wp\/v2\/media\/11695"}],"wp:attachment":[{"href":"https:\/\/www.mpal.mp.br\/index.php?rest_route=%2Fwp%2Fv2%2Fmedia&parent=11694"}],"wp:term":[{"taxonomy":"category","embeddable":true,"href":"https:\/\/www.mpal.mp.br\/index.php?rest_route=%2Fwp%2Fv2%2Fcategories&post=11694"},{"taxonomy":"post_tag","embeddable":true,"href":"https:\/\/www.mpal.mp.br\/index.php?rest_route=%2Fwp%2Fv2%2Ftags&post=11694"}],"curies":[{"name":"wp","href":"https:\/\/api.w.org\/{rel}","templated":true}]}}