{"id":11686,"date":"2016-04-22T08:22:02","date_gmt":"2016-04-22T11:22:02","guid":{"rendered":"https:\/\/www.mpal.mp.br\/?p=11686"},"modified":"2022-07-11T08:26:00","modified_gmt":"2022-07-11T11:26:00","slug":"nucleo-da-infancia-e-juventude-disponibiliza-legislacoes-para-auxiliar-no-trabalho-de-promotores-de-justica","status":"publish","type":"post","link":"https:\/\/www.mpal.mp.br\/?p=11686","title":{"rendered":"N\u00facleo da Inf\u00e2ncia e Juventude disponibiliza legisla\u00e7\u00f5es para auxiliar no trabalho de promotores de Justi\u00e7a"},"content":{"rendered":"<p style=\"text-align: justify;\"><span style=\"font-size: 14pt;\">Os promotores que desenvolvem suas atribui\u00e7\u00f5es e precisam estar atualizados com a legisla\u00e7\u00e3o pertinente a \u00e1rea da Inf\u00e2ncia e da Juventude j\u00e1 podem contar com um canal que lhes dar\u00e1 acesso mais f\u00e1cil \u00e0s normas jur\u00eddicas que tratam do assunto. A p\u00e1gina do Minist\u00e9rio P\u00fablico Estadual de Alagoas (MPE\/AL) agora disponibiliza leis, doutrinas e os telefones de todos os conselhos tutelares de Macei\u00f3.<\/span><\/p>\n<div>\n<p style=\"text-align: justify;\"><span style=\"font-size: 14pt;\">A iniciativa partiu do promotor de Justi\u00e7a Luiz Medeiros, coordenador do N\u00facleo de Defesa da Crian\u00e7a e do Adolescente do 1\u00ba Centro de Apoio Administrativo (CAO) do\u00a0MPE\/AL. Segundo ele, apesar de muitos membros n\u00e3o atuarem diretamente na \u00e1rea da Inf\u00e2ncia e da Juventude, em fun\u00e7\u00e3o das atividades que eles desenvolvem como fiscais da lei, em v\u00e1rios procedimentos precisaram trabalhar utilizando legisla\u00e7\u00e3o espec\u00edfica envolvendo esse p\u00fablico, o que o levou a perceber a necessidade da disponibiliza\u00e7\u00e3o das normas aos demais colegas. \u201cFizemos uma compila\u00e7\u00e3o dos dados que entendemos ser importantes e todos eles podem ser acessados pelo endere\u00e7o www.mpal.mp.br, no lado esquerdo da p\u00e1gina, no menu denominado &#8216;Inf\u00e2ncia&#8217;. L\u00e1, tem toda a legisla\u00e7\u00e3o pertinente \u00e0 mat\u00e9ria, bem como vasta doutrina abrangendo diversos temas relacionados a crian\u00e7a e ao adolescente, sendo poss\u00edvel, ainda, visualizar todas as regi\u00f5es administrativas de Macei\u00f3, com seus respectivos conselheiros tutelares e contatos\u201d, informou o promotor.<\/span><\/p>\n<p style=\"text-align: justify;\"><span style=\"font-size: 14pt;\">\u201cTal iniciativa, que foi autorizada e apoiada pelo procurador-geral de Justi\u00e7a, S\u00e9rgio Juc\u00e1, visa proporcionar aos promotores, tanto da \u00e1rea da Inf\u00e2ncia e da Juventude, quanto de outros ramos, mais uma ferramenta jur\u00eddica de f\u00e1cil e r\u00e1pido acesso, o que resultar\u00e1 em maior celeridade nas solu\u00e7\u00f5es das demandas pertinentes ao tema, haja vista tratar-se de tema amparado pelo princ\u00edpio da prioridade absoluta\u201d, complementou Luiz Medeiros.<\/span><\/p>\n<p style=\"text-align: justify;\"><span style=\"font-size: 14pt;\">Ainda segundo o promotor, ele est\u00e1 finalizando a colheita de modelos de representa\u00e7\u00e3o, remiss\u00e3o, a\u00e7\u00e3o civil p\u00fablica, peti\u00e7\u00e3o de extin\u00e7\u00e3o do poder familiar, medidas de prote\u00e7\u00e3o, dentre outros, para tamb\u00e9m serem disponibilizados no site do Minist\u00e9rio P\u00fablico. \u201cSer\u00e1 um importante banco de dados e aqueles colegas que quiserem contribuir para o seu desenvolvimento e aperfei\u00e7oamento, poder\u00e3o faz\u00ea-lo, ser\u00e1 uma contribui\u00e7\u00e3o importante\u201d, destacou o coordenador do N\u00facleo de Defesa da Crian\u00e7a e do Adolescente do MPE\/AL.<\/span><\/p>\n<\/div>\n","protected":false},"excerpt":{"rendered":"<p> [&hellip;]<\/p>\n","protected":false},"author":4,"featured_media":11687,"comment_status":"open","ping_status":"open","sticky":false,"template":"","format":"standard","meta":{"om_disable_all_campaigns":false,"_monsterinsights_skip_tracking":false,"_monsterinsights_sitenote_active":false,"_monsterinsights_sitenote_note":"","_monsterinsights_sitenote_category":0,"_uf_show_specific_survey":0,"_uf_disable_surveys":false,"footnotes":""},"categories":[2],"tags":[],"class_list":["post-11686","post","type-post","status-publish","format-standard","has-post-thumbnail","hentry","category-not_mpal"],"aioseo_notices":[],"_links":{"self":[{"href":"https:\/\/www.mpal.mp.br\/index.php?rest_route=\/wp\/v2\/posts\/11686","targetHints":{"allow":["GET"]}}],"collection":[{"href":"https:\/\/www.mpal.mp.br\/index.php?rest_route=\/wp\/v2\/posts"}],"about":[{"href":"https:\/\/www.mpal.mp.br\/index.php?rest_route=\/wp\/v2\/types\/post"}],"author":[{"embeddable":true,"href":"https:\/\/www.mpal.mp.br\/index.php?rest_route=\/wp\/v2\/users\/4"}],"replies":[{"embeddable":true,"href":"https:\/\/www.mpal.mp.br\/index.php?rest_route=%2Fwp%2Fv2%2Fcomments&post=11686"}],"version-history":[{"count":1,"href":"https:\/\/www.mpal.mp.br\/index.php?rest_route=\/wp\/v2\/posts\/11686\/revisions"}],"predecessor-version":[{"id":11688,"href":"https:\/\/www.mpal.mp.br\/index.php?rest_route=\/wp\/v2\/posts\/11686\/revisions\/11688"}],"wp:featuredmedia":[{"embeddable":true,"href":"https:\/\/www.mpal.mp.br\/index.php?rest_route=\/wp\/v2\/media\/11687"}],"wp:attachment":[{"href":"https:\/\/www.mpal.mp.br\/index.php?rest_route=%2Fwp%2Fv2%2Fmedia&parent=11686"}],"wp:term":[{"taxonomy":"category","embeddable":true,"href":"https:\/\/www.mpal.mp.br\/index.php?rest_route=%2Fwp%2Fv2%2Fcategories&post=11686"},{"taxonomy":"post_tag","embeddable":true,"href":"https:\/\/www.mpal.mp.br\/index.php?rest_route=%2Fwp%2Fv2%2Ftags&post=11686"}],"curies":[{"name":"wp","href":"https:\/\/api.w.org\/{rel}","templated":true}]}}