{"id":11683,"date":"2016-05-02T08:07:48","date_gmt":"2016-05-02T11:07:48","guid":{"rendered":"https:\/\/www.mpal.mp.br\/?p=11683"},"modified":"2022-07-11T08:21:47","modified_gmt":"2022-07-11T11:21:47","slug":"em-reuniao-em-brasilia-promotores-discutem-estrategias-do-ministerio-publico-na-area-da-infancia-e-da-juventude","status":"publish","type":"post","link":"https:\/\/www.mpal.mp.br\/?p=11683","title":{"rendered":"Em reuni\u00e3o em Bras\u00edlia, promotores discutem estrat\u00e9gias do Minist\u00e9rio P\u00fablico na \u00e1rea da inf\u00e2ncia e da juventude"},"content":{"rendered":"<p style=\"text-align: justify;\"><span style=\"font-size: 14pt;\">Promotores de Justi\u00e7a que trabalham na \u00e1rea da crian\u00e7a e do adolescente de todo o pa\u00eds estiveram reunidos, entre os dias 29 de abril e 1\u00ba de maio de 2016, em Bras\u00edlia, durante o III Congresso Nacional dos Membros do Minist\u00e9rio P\u00fablico da Inf\u00e2ncia e da Adolesc\u00eancia, promovido pelo F\u00f3rum Nacional dos Membros do Minist\u00e9rio P\u00fablico da Inf\u00e2ncia e da Adolesc\u00eancia (Proinf\u00e2ncia). Alagoas esteve representada pelos promotores de Justi\u00e7a Alexandra Beurlen e Humberto Pimentel.<\/span><\/p>\n<div>\n<div>\n<p style=\"text-align: justify;\"><span style=\"font-size: 14pt;\">O evento, que aconteceu na sede da Escola Superior do Minist\u00e9rio P\u00fablico do Distrito Federal e Territ\u00f3rios, teve o objetivo de integrar membros de todos os ramos ministeriais interessados pela \u00e1rea infantojuvenil e discutiu, dentre outras coisas, temas como o or\u00e7amento p\u00fablico para a \u00e1rea da crian\u00e7a e do adolescente, a Lei Org\u00e2nica do Conselho Tutelar e o fluxo do acolhimento institucional.<\/span><\/p>\n<p style=\"text-align: justify;\"><span style=\"font-size: 14pt;\">Durante o encontro, os promotores elaboraram quatro delibera\u00e7\u00f5es sobre os seguintes temas: a\u00e7\u00f5es preventivas do Minist\u00e9rio P\u00fablico contra a ado\u00e7\u00e3o direta, compet\u00eancia da vara da inf\u00e2ncia em a\u00e7\u00f5es de guarda que visam a ado\u00e7\u00e3o, impossibilidade de cadastramento de pretendentes a ado\u00e7\u00e3o fora do respectivo domic\u00edlio e ilegalidade das denominadas &#8220;audi\u00eancias de cust\u00f3dia&#8221; para adolescentes em conflito com a lei.<\/span><\/p>\n<p style=\"text-align: justify;\"><span style=\"font-size: 14pt;\">\u201cFoi um encontro onde pudemos discutir muitos temas e quais as melhores solu\u00e7\u00f5es, e, claro, as mais pr\u00e1ticas, para que possamos resguardar os direitos previstos no Estatuto da Crian\u00e7a e do Adolescente. A troca de experi\u00eancia foi maravilhosa e volto para Alagoas com muitas informa\u00e7\u00f5es a serem compartilhadas com os colegas\u201d, afirmou Alexandra Beurlen.<\/span><\/p>\n<p style=\"text-align: justify;\"><span style=\"font-size: 14pt;\">&#8220;Ficamos muito satisfeitos com a participa\u00e7\u00e3o de quase 70 colegas de 16 estados brasileiros nesse III Congresso. Os temas foram democraticamente escolhidos e os prof\u00edcuos debates, com a participa\u00e7\u00e3o de todos, puderam ampliar nossos conhecimentos e compartilhar d\u00favidas e ang\u00fastias. A proposta do Proinf\u00e2ncia \u00e9 justamente essa integra\u00e7\u00e3o de todos aqueles que laboram na defesa de nossas crian\u00e7as e adolescentes, de todos os pontos do nosso pa\u00eds, a fim de trocarmos experi\u00eancias e fortalecermos a a\u00e7\u00e3o do Minist\u00e9rio P\u00fablico brasileiro nessa \u00e1rea t\u00e3o sens\u00edvel e fundamental pro desenvolvimento da nossa sociedade&#8221;, declarou Andr\u00e9 Tuma Delbim Ferreira, promotor de Justi\u00e7a de Minas Gerais e um dos coordenadores do Proinf\u00e2ncia.<\/span><\/p>\n<p style=\"text-align: justify;\"><span style=\"font-size: 14pt;\"><strong>Boas pr\u00e1ticas<\/strong><\/span><\/p>\n<p style=\"text-align: justify;\"><span style=\"font-size: 14pt;\">Al\u00e9m disso, houve tamb\u00e9m um momento voltado \u00e0 apresenta\u00e7\u00e3o de boas pr\u00e1ticas, que j\u00e1 se tornou tradicional por valorizar a troca de experi\u00eancias entre os membros do Minist\u00e9rio P\u00fablico brasileiro. A promotora de Justi\u00e7a M\u00f4nica Reis Moreira Freire (PA) falou sobre o seu projeto. Ela mostrou a iniciativa que tem como objetivo aproximar o adolescente do Minist\u00e9rio P\u00fablico. \u201cOs jovens vivenciam o trabalho do MP e, com isso, tornam-se agentes de transforma\u00e7\u00e3o social no munic\u00edpio onde vivem. N\u00f3s efetivamente estimulamos o protagonismo juvenil&#8221;, disse.<\/span><\/p>\n<p style=\"text-align: justify;\"><span style=\"font-size: 14pt;\">Outra iniciativa que ganhou destaque foi a orquestra formada por adolescentes infratores do Centro de Interna\u00e7\u00e3o S\u00e3o Sebasti\u00e3o, em Bras\u00edlia. Em cumprimento de medidas socioeducativas, eles apresentaram para os promotores de Justi\u00e7a de todo o pa\u00eds reunidos no congresso.<\/span><\/p>\n<\/div>\n<\/div>\n","protected":false},"excerpt":{"rendered":"<p> [&hellip;]<\/p>\n","protected":false},"author":4,"featured_media":11684,"comment_status":"open","ping_status":"open","sticky":false,"template":"","format":"standard","meta":{"om_disable_all_campaigns":false,"_monsterinsights_skip_tracking":false,"_monsterinsights_sitenote_active":false,"_monsterinsights_sitenote_note":"","_monsterinsights_sitenote_category":0,"_uf_show_specific_survey":0,"_uf_disable_surveys":false,"footnotes":""},"categories":[2],"tags":[],"class_list":["post-11683","post","type-post","status-publish","format-standard","has-post-thumbnail","hentry","category-not_mpal"],"aioseo_notices":[],"_links":{"self":[{"href":"https:\/\/www.mpal.mp.br\/index.php?rest_route=\/wp\/v2\/posts\/11683","targetHints":{"allow":["GET"]}}],"collection":[{"href":"https:\/\/www.mpal.mp.br\/index.php?rest_route=\/wp\/v2\/posts"}],"about":[{"href":"https:\/\/www.mpal.mp.br\/index.php?rest_route=\/wp\/v2\/types\/post"}],"author":[{"embeddable":true,"href":"https:\/\/www.mpal.mp.br\/index.php?rest_route=\/wp\/v2\/users\/4"}],"replies":[{"embeddable":true,"href":"https:\/\/www.mpal.mp.br\/index.php?rest_route=%2Fwp%2Fv2%2Fcomments&post=11683"}],"version-history":[{"count":1,"href":"https:\/\/www.mpal.mp.br\/index.php?rest_route=\/wp\/v2\/posts\/11683\/revisions"}],"predecessor-version":[{"id":11685,"href":"https:\/\/www.mpal.mp.br\/index.php?rest_route=\/wp\/v2\/posts\/11683\/revisions\/11685"}],"wp:featuredmedia":[{"embeddable":true,"href":"https:\/\/www.mpal.mp.br\/index.php?rest_route=\/wp\/v2\/media\/11684"}],"wp:attachment":[{"href":"https:\/\/www.mpal.mp.br\/index.php?rest_route=%2Fwp%2Fv2%2Fmedia&parent=11683"}],"wp:term":[{"taxonomy":"category","embeddable":true,"href":"https:\/\/www.mpal.mp.br\/index.php?rest_route=%2Fwp%2Fv2%2Fcategories&post=11683"},{"taxonomy":"post_tag","embeddable":true,"href":"https:\/\/www.mpal.mp.br\/index.php?rest_route=%2Fwp%2Fv2%2Ftags&post=11683"}],"curies":[{"name":"wp","href":"https:\/\/api.w.org\/{rel}","templated":true}]}}