{"id":11634,"date":"2007-02-06T11:19:20","date_gmt":"2007-02-06T13:19:20","guid":{"rendered":"https:\/\/www.mpal.mp.br\/?p=11634"},"modified":"2022-07-08T11:20:01","modified_gmt":"2022-07-08T14:20:01","slug":"caos-na-educacao-promotores-de-justica-vao-a-brasilia-buscar-ajuda-do-governo-federal","status":"publish","type":"post","link":"https:\/\/www.mpal.mp.br\/?p=11634","title":{"rendered":"Caos na Educa\u00e7\u00e3o: promotores de Justi\u00e7a v\u00e3o a Bras\u00edlia buscar ajuda do Governo Federal"},"content":{"rendered":"<p style=\"text-align: justify;\"><span style=\"font-size: 14pt;\">Os promotores de Justi\u00e7a Jamyl Barbosa e Cec\u00edlia Carna\u00faba embarcam amanh\u00e3 (7\/2), junto com o governador Teot\u00f4nio Vilela Filho, para Bras\u00edlia, onde v\u00e3o se reunir com o ministro da Educa\u00e7\u00e3o, Fernando Haddad, para relatar os problemas da rede estadual de ensino alagoana e levantar verbas adicionais necess\u00e1rias a investimentos nas escolas e nomea\u00e7\u00e3o dos monitores. A audi\u00eancia com o ministro deve acontecer na quinta-feira.<\/span><\/p>\n<p style=\"text-align: justify;\"><span style=\"font-size: 14pt;\">No final da tarde desta ter\u00e7a-feira, os dois promotores de Justi\u00e7a se reuniram com diretores do Sindicato dos Trabalhadores da Educa\u00e7\u00e3o para apresentar o resultado de seguidas audi\u00eancias realizadas com o secret\u00e1rio de Educa\u00e7\u00e3o, F\u00e1bio Farias, e com o pr\u00f3prio governador.<\/span><\/p>\n<p style=\"text-align: justify;\"><span style=\"font-size: 14pt;\">\u201cN\u00e3o vamos abrir m\u00e3o da luta em defesa da Educa\u00e7\u00e3o em Alagoas, at\u00e9 chegarmos a um resultado positivo\u201d, garantiram os promotores de Justi\u00e7a. Conseguimos a nomea\u00e7\u00e3o de 130 na gest\u00e3o passada e, na \u00faltima sexta-feira, o governador prometeu nomear, at\u00e9 dia 8 (quinta-feira), 346 professores da reserva t\u00e9cnica do concurso de 2005\u201d, informaram os promotores de Justi\u00e7a, que receberam dos sindicalistas o Planos Estadual de Educa\u00e7\u00e3o, o de Magist\u00e9rio e o de Cargos e Carreiras, al\u00e9m da pauta de negocia\u00e7\u00f5es entregue ao governo.<\/span><\/p>\n<p style=\"text-align: justify;\"><span style=\"font-size: 14pt;\">Os representantes do MP alagoano disseram tamb\u00e9m que querem assegurar a nomea\u00e7\u00e3o do n\u00famero total de professores da reserva t\u00e9cnica (cerca de 500) e assegurar a resolu\u00e7\u00e3o de problemas de infra-estrutura e de seguran\u00e7a, que v\u00eam impedindo o funcionamento das escolas.<\/span><\/p>\n<p style=\"text-align: justify;\"><span style=\"font-size: 14pt;\">Representa\u00e7\u00e3o<\/span><\/p>\n<p style=\"text-align: justify;\"><span style=\"font-size: 14pt;\">Na ocasi\u00e3o, eles tamb\u00e9m entregaram \u00e0 presidente do Sinteal, Girlene L\u00e1zaro, c\u00f3pia de representa\u00e7\u00e3o de inconstitucionalidade do artigo 1\u00ba do Decreto 3.558\/07, entregue pessoalmente, pelo procurador-geral de Justi\u00e7a, Coaracy Fonseca, ao procurador-geral da Rep\u00fablica, Antonio Fernando Souza.<\/span><\/p>\n","protected":false},"excerpt":{"rendered":"<p> [&hellip;]<\/p>\n","protected":false},"author":5,"featured_media":11635,"comment_status":"open","ping_status":"open","sticky":false,"template":"","format":"standard","meta":{"om_disable_all_campaigns":false,"_monsterinsights_skip_tracking":false,"_monsterinsights_sitenote_active":false,"_monsterinsights_sitenote_note":"","_monsterinsights_sitenote_category":0,"_uf_show_specific_survey":0,"_uf_disable_surveys":false,"footnotes":""},"categories":[2],"tags":[],"class_list":["post-11634","post","type-post","status-publish","format-standard","has-post-thumbnail","hentry","category-not_mpal"],"aioseo_notices":[],"_links":{"self":[{"href":"https:\/\/www.mpal.mp.br\/index.php?rest_route=\/wp\/v2\/posts\/11634","targetHints":{"allow":["GET"]}}],"collection":[{"href":"https:\/\/www.mpal.mp.br\/index.php?rest_route=\/wp\/v2\/posts"}],"about":[{"href":"https:\/\/www.mpal.mp.br\/index.php?rest_route=\/wp\/v2\/types\/post"}],"author":[{"embeddable":true,"href":"https:\/\/www.mpal.mp.br\/index.php?rest_route=\/wp\/v2\/users\/5"}],"replies":[{"embeddable":true,"href":"https:\/\/www.mpal.mp.br\/index.php?rest_route=%2Fwp%2Fv2%2Fcomments&post=11634"}],"version-history":[{"count":1,"href":"https:\/\/www.mpal.mp.br\/index.php?rest_route=\/wp\/v2\/posts\/11634\/revisions"}],"predecessor-version":[{"id":11636,"href":"https:\/\/www.mpal.mp.br\/index.php?rest_route=\/wp\/v2\/posts\/11634\/revisions\/11636"}],"wp:featuredmedia":[{"embeddable":true,"href":"https:\/\/www.mpal.mp.br\/index.php?rest_route=\/wp\/v2\/media\/11635"}],"wp:attachment":[{"href":"https:\/\/www.mpal.mp.br\/index.php?rest_route=%2Fwp%2Fv2%2Fmedia&parent=11634"}],"wp:term":[{"taxonomy":"category","embeddable":true,"href":"https:\/\/www.mpal.mp.br\/index.php?rest_route=%2Fwp%2Fv2%2Fcategories&post=11634"},{"taxonomy":"post_tag","embeddable":true,"href":"https:\/\/www.mpal.mp.br\/index.php?rest_route=%2Fwp%2Fv2%2Ftags&post=11634"}],"curies":[{"name":"wp","href":"https:\/\/api.w.org\/{rel}","templated":true}]}}