{"id":11631,"date":"2007-03-06T11:18:05","date_gmt":"2007-03-06T14:18:05","guid":{"rendered":"https:\/\/www.mpal.mp.br\/?p=11631"},"modified":"2022-07-08T11:18:52","modified_gmt":"2022-07-08T14:18:52","slug":"mp-pode-garantir-matriculas-de-excedentes","status":"publish","type":"post","link":"https:\/\/www.mpal.mp.br\/?p=11631","title":{"rendered":"MP pode garantir matr\u00edculas de excedentes"},"content":{"rendered":"<p style=\"text-align: justify;\"><span style=\"font-size: 14pt;\">Uma nova reuni\u00e3o entre o secret\u00e1rio estadual de Educa\u00e7\u00e3o, F\u00e1bio Farias, e a promotora de Justi\u00e7a Cec\u00edlia Carna\u00faba, desta vez com a participa\u00e7\u00e3o do secret\u00e1rio municipal de Educa\u00e7\u00e3o, Tadeu Lira, deve acontecer, amanh\u00e3 (7\/3), \u00e0s 14 horas, para defini\u00e7\u00e3o da situa\u00e7\u00e3o de crian\u00e7as e adolescentes que v\u00e3o ficar fora das salas de aula, por falta de vagas.<\/span><\/p>\n<p style=\"text-align: justify;\"><span style=\"font-size: 14pt;\">De acordo com Cec\u00edlia, Farias adiantou que o Estado pode ceder espa\u00e7o nas escolas da rede estadual no Cepa e no Jaragu\u00e1, se o Munic\u00edpio assegurar os professores e demais profissionais para o funcionamento das salas de aula.<\/span><\/p>\n<p style=\"text-align: justify;\"><span style=\"font-size: 14pt;\">Durante a reuni\u00e3o desta ter\u00e7a-feira, que contou com a participa\u00e7\u00e3o do promotor de Justi\u00e7a Ubirajara Ramos, coordenador do N\u00facleo de Defesa da Inf\u00e2ncia e Juventude, tamb\u00e9m foram discutidos problemas enfrentados para conclus\u00e3o das matr\u00edculas relacionadas \u00e0s vagas oferecidas, atualmente, pela rede estadual.<\/span><\/p>\n<p style=\"text-align: justify;\"><span style=\"font-size: 14pt;\">O Minist\u00e9rio P\u00fablico teme que o n\u00e3o cumprimento do prazo para as matr\u00edculas (31 de mar\u00e7o) resulte no corte da verba do Fundeb, algo em torno de R$ 30 milh\u00f5es e em mais sofrimento para os estudantes da rede estadual. \u201cEsperamos que o Estado realize as matr\u00edculas. Caso contr\u00e1rio, vamos adotar as medidas judiciais cab\u00edveis\u201d, afirmou Cec\u00edlia<\/span><\/p>\n<p style=\"text-align: justify;\"><span style=\"font-size: 14pt;\">No final da tarde, dirigentes do Sinteal, convocados pela promotora de Justi\u00e7a, asseguraram que v\u00e3o discutir, em assembl\u00e9ia na pr\u00f3xima segunda-feira, \u00e0s 9 horas, a possibilidade da realiza\u00e7\u00e3o das matr\u00edculas pendentes pelos diretores, secret\u00e1rios escolares e agentes administrativos.<\/span><\/p>\n<p style=\"text-align: justify;\"><span style=\"font-size: 14pt;\">Censo escolar<\/span><\/p>\n<p style=\"text-align: justify;\"><span style=\"font-size: 14pt;\">O MP alagoano recomendou ainda ao secret\u00e1rio F\u00e1bio Farias que ainda esta semana a seja verificada com a dire\u00e7\u00e3o do IBGE a possibilidade de um conv\u00eanio para realiza\u00e7\u00e3o de um censo geral da educa\u00e7\u00e3o estadual. \u201c\u00c9 preciso saber qual o n\u00famero real de estudantes exclu\u00eddos para planejar inclusive a estrutura adequada ao planejamento do transporte escolar\u201d, enfatizou Cec\u00edlia.<\/span><\/p>\n","protected":false},"excerpt":{"rendered":"<p> [&hellip;]<\/p>\n","protected":false},"author":5,"featured_media":3993,"comment_status":"open","ping_status":"open","sticky":false,"template":"","format":"standard","meta":{"om_disable_all_campaigns":false,"_monsterinsights_skip_tracking":false,"_monsterinsights_sitenote_active":false,"_monsterinsights_sitenote_note":"","_monsterinsights_sitenote_category":0,"_uf_show_specific_survey":0,"_uf_disable_surveys":false,"footnotes":""},"categories":[2],"tags":[],"class_list":["post-11631","post","type-post","status-publish","format-standard","has-post-thumbnail","hentry","category-not_mpal"],"aioseo_notices":[],"_links":{"self":[{"href":"https:\/\/www.mpal.mp.br\/index.php?rest_route=\/wp\/v2\/posts\/11631","targetHints":{"allow":["GET"]}}],"collection":[{"href":"https:\/\/www.mpal.mp.br\/index.php?rest_route=\/wp\/v2\/posts"}],"about":[{"href":"https:\/\/www.mpal.mp.br\/index.php?rest_route=\/wp\/v2\/types\/post"}],"author":[{"embeddable":true,"href":"https:\/\/www.mpal.mp.br\/index.php?rest_route=\/wp\/v2\/users\/5"}],"replies":[{"embeddable":true,"href":"https:\/\/www.mpal.mp.br\/index.php?rest_route=%2Fwp%2Fv2%2Fcomments&post=11631"}],"version-history":[{"count":1,"href":"https:\/\/www.mpal.mp.br\/index.php?rest_route=\/wp\/v2\/posts\/11631\/revisions"}],"predecessor-version":[{"id":11632,"href":"https:\/\/www.mpal.mp.br\/index.php?rest_route=\/wp\/v2\/posts\/11631\/revisions\/11632"}],"wp:featuredmedia":[{"embeddable":true,"href":"https:\/\/www.mpal.mp.br\/index.php?rest_route=\/wp\/v2\/media\/3993"}],"wp:attachment":[{"href":"https:\/\/www.mpal.mp.br\/index.php?rest_route=%2Fwp%2Fv2%2Fmedia&parent=11631"}],"wp:term":[{"taxonomy":"category","embeddable":true,"href":"https:\/\/www.mpal.mp.br\/index.php?rest_route=%2Fwp%2Fv2%2Fcategories&post=11631"},{"taxonomy":"post_tag","embeddable":true,"href":"https:\/\/www.mpal.mp.br\/index.php?rest_route=%2Fwp%2Fv2%2Ftags&post=11631"}],"curies":[{"name":"wp","href":"https:\/\/api.w.org\/{rel}","templated":true}]}}