{"id":11627,"date":"2007-03-07T11:16:43","date_gmt":"2007-03-07T14:16:43","guid":{"rendered":"https:\/\/www.mpal.mp.br\/?p=11627"},"modified":"2022-07-08T11:17:29","modified_gmt":"2022-07-08T14:17:29","slug":"mp-quer-garantir-continuidade-do-ensino-publico-para-estudantes-que-concluiram-a-4a-serie","status":"publish","type":"post","link":"https:\/\/www.mpal.mp.br\/?p=11627","title":{"rendered":"MP quer garantir continuidade do ensino p\u00fablico para estudantes que conclu\u00edram a 4\u00aa s\u00e9rie"},"content":{"rendered":"<p style=\"text-align: justify;\"><span style=\"font-size: 14pt;\">A Secret\u00e1ria Municipal de Educa\u00e7\u00e3o deve encaminhar \u00e0 Secretaria Estadual de Educa\u00e7\u00e3o e Esportes, em sete dias, informa\u00e7\u00f5es sobre o n\u00famero exato de estudantes que conclu\u00edram a 4\u00aa s\u00e9rie do Ensino Fundamental, em 2006, nas escolas da rede municipal que ainda n\u00e3o conseguiram vagas para cursar a 5\u00aa s\u00e9rie nas escolas da rede estadual.<\/span><\/p>\n<p style=\"text-align: justify;\"><span style=\"font-size: 14pt;\">A determina\u00e7\u00e3o \u00e9 do Minist\u00e9rio P\u00fablico de Alagoas, que foi informado da dificuldade de encaixe desses alunos na rede estadual, durante reuni\u00e3o, nesta quarta-feira, com o secret\u00e1rio municipal de Educa\u00e7\u00e3o, Tadeu Lira, e estadual de Educa\u00e7\u00e3o, F\u00e1bio Farias, que tiveram seu primeiro contato oficial.<\/span><\/p>\n<p style=\"text-align: justify;\"><span style=\"font-size: 14pt;\">De acordo com as promotoras de Justi\u00e7a Cec\u00edlia Carna\u00faba, da Fazenda P\u00fablica Estadual, e Fernanda Moreira, da Fazenda P\u00fablica Municipal, o MP alagoano quer garantir a continuidade do ensino p\u00fablico para esses alunos, que s\u00e3o obrigados a sair das escolas do munic\u00edpio, ap\u00f3s a 4\u00aa s\u00e9rie.<\/span><\/p>\n<p style=\"text-align: justify;\"><span style=\"font-size: 14pt;\">As promotoras de Justi\u00e7a tamb\u00e9m recomendaram que seja firmado um conv\u00eanio entre o Executivo municipal e estadual para garantir a matr\u00edcula autom\u00e1tica dos estudantes que v\u00e3o cursar a 5\u00aa s\u00e9rie em 2008 e nos pr\u00f3ximos anos. Solicitaram ainda, num prazo de sete dias, uma resposta ao of\u00edcio do Conselho Tutelar que relata a necessidade de reforma e amplia\u00e7\u00e3o de unidades escolares.<\/span><\/p>\n<p style=\"text-align: justify;\"><span style=\"font-size: 14pt;\">Car\u00eancia de vagas<\/span><\/p>\n<p style=\"text-align: justify;\"><span style=\"font-size: 14pt;\">Com rela\u00e7\u00e3o \u00e0 car\u00eancia de vagas para o atendimento de aproximadamente 7 mil alunos da rede estadual nos bairros do Jacintinho, Benedito Bentes e do entorno, os dois secret\u00e1rios devem realizar um remanejamento de alunos e das vagas existentes, ap\u00f3s a conclus\u00e3o das matr\u00edculas da rede estadual. O secret\u00e1rio F\u00e1bio Farias adiantou ao MP alagoano que pode haver vagas excedentes no Cepa (que oferece um total de 6.969) e nas escolas Ladislau Neto e Campos Teixeira.<\/span><\/p>\n<p style=\"text-align: justify;\"><span style=\"font-size: 14pt;\">J\u00e1 o secret\u00e1rio municipal de Educa\u00e7\u00e3o informou que uma parceria com a Universidade Federal de Alagoas(Ufal) vai garantir, nos pr\u00f3ximos 20 dias, informa\u00e7\u00f5es sobre o n\u00famero de estudantes que est\u00e3o fora das salas de aula, em Macei\u00f3.<\/span><\/p>\n<p style=\"text-align: justify;\"><span style=\"font-size: 14pt;\">\u201cO resultado desse censo escolar vai servir tamb\u00e9m para que seja dimensionada a demanda de exclu\u00eddos das escolas da rede estadual. Portanto, n\u00e3o haver\u00e1 necessidade de o secret\u00e1rio de Educa\u00e7\u00e3o acionar o IBGE, como hav\u00edamos recomendado na reuni\u00e3o anterior\u201d, afirmou Cec\u00edlia.<\/span><\/p>\n","protected":false},"excerpt":{"rendered":"<p> [&hellip;]<\/p>\n","protected":false},"author":5,"featured_media":11629,"comment_status":"open","ping_status":"open","sticky":false,"template":"","format":"standard","meta":{"om_disable_all_campaigns":false,"_monsterinsights_skip_tracking":false,"_monsterinsights_sitenote_active":false,"_monsterinsights_sitenote_note":"","_monsterinsights_sitenote_category":0,"_uf_show_specific_survey":0,"_uf_disable_surveys":false,"footnotes":""},"categories":[2],"tags":[],"class_list":["post-11627","post","type-post","status-publish","format-standard","has-post-thumbnail","hentry","category-not_mpal"],"aioseo_notices":[],"_links":{"self":[{"href":"https:\/\/www.mpal.mp.br\/index.php?rest_route=\/wp\/v2\/posts\/11627","targetHints":{"allow":["GET"]}}],"collection":[{"href":"https:\/\/www.mpal.mp.br\/index.php?rest_route=\/wp\/v2\/posts"}],"about":[{"href":"https:\/\/www.mpal.mp.br\/index.php?rest_route=\/wp\/v2\/types\/post"}],"author":[{"embeddable":true,"href":"https:\/\/www.mpal.mp.br\/index.php?rest_route=\/wp\/v2\/users\/5"}],"replies":[{"embeddable":true,"href":"https:\/\/www.mpal.mp.br\/index.php?rest_route=%2Fwp%2Fv2%2Fcomments&post=11627"}],"version-history":[{"count":1,"href":"https:\/\/www.mpal.mp.br\/index.php?rest_route=\/wp\/v2\/posts\/11627\/revisions"}],"predecessor-version":[{"id":11630,"href":"https:\/\/www.mpal.mp.br\/index.php?rest_route=\/wp\/v2\/posts\/11627\/revisions\/11630"}],"wp:featuredmedia":[{"embeddable":true,"href":"https:\/\/www.mpal.mp.br\/index.php?rest_route=\/wp\/v2\/media\/11629"}],"wp:attachment":[{"href":"https:\/\/www.mpal.mp.br\/index.php?rest_route=%2Fwp%2Fv2%2Fmedia&parent=11627"}],"wp:term":[{"taxonomy":"category","embeddable":true,"href":"https:\/\/www.mpal.mp.br\/index.php?rest_route=%2Fwp%2Fv2%2Fcategories&post=11627"},{"taxonomy":"post_tag","embeddable":true,"href":"https:\/\/www.mpal.mp.br\/index.php?rest_route=%2Fwp%2Fv2%2Ftags&post=11627"}],"curies":[{"name":"wp","href":"https:\/\/api.w.org\/{rel}","templated":true}]}}