{"id":11622,"date":"2007-03-16T11:14:16","date_gmt":"2007-03-16T14:14:16","guid":{"rendered":"https:\/\/www.mpal.mp.br\/?p=11622"},"modified":"2022-07-08T11:14:55","modified_gmt":"2022-07-08T14:14:55","slug":"garantia-de-medicamentos-e-alimentos-de-unidades-de-saude","status":"publish","type":"post","link":"https:\/\/www.mpal.mp.br\/?p=11622","title":{"rendered":"Garantia de medicamentos e alimentos de unidades de sa\u00fade"},"content":{"rendered":"<p style=\"text-align: justify;\"><span style=\"font-size: 14pt;\">O reitor da Uncisal, Andr\u00e9 Falc\u00e3o, assegurou ao procurador-geral de Justi\u00e7a, Coaracy Fonseca, e \u00e0 promotora de Justi\u00e7a da Sa\u00fade, Micheline Ten\u00f3rio, que um grande preg\u00e3o eletr\u00f4nico est\u00e1 sendo organizado para abastecer com medicamentos e alimentos todas as unidades de sa\u00fade da universidade, bem como da Secretaria de Sa\u00fade (Sesau). A informa\u00e7\u00e3o foi repassada durante visita dos representantes do MP alagoano \u00e0 Uncisal, nesta sexta-feira pela manh\u00e3.<\/span><\/p>\n<p style=\"text-align: justify;\"><span style=\"font-size: 14pt;\">O reitor Andr\u00e9 Falc\u00e3o relatou a situa\u00e7\u00e3o das unidades complementares de sa\u00fade da Uncisal. Em rela\u00e7\u00e3o ao hospital H\u00e9lvio Auto, Falc\u00e3o disse que um dos principais problemas est\u00e1 relacionado \u00e0 quest\u00e3o de estrutura f\u00edsica da unidade. A respeito da Maternidade Santa M\u00f4nica, Falc\u00e3o informou que a unidade enfrenta problemas de superlota\u00e7\u00e3o devido \u00e0 falta de leitos na rede p\u00fablica de sa\u00fade do Estado. \u201cOu seja, quem chega \u00e0 maternidade, n\u00e3o volta para casa sem ser atendido. Ent\u00e3o, esse \u00e9 outro motivo da superlota\u00e7\u00e3o da Santa M\u00f4nica\u201d, explicou Falc\u00e3o.<\/span><\/p>\n<p style=\"text-align: justify;\"><span style=\"font-size: 14pt;\">Segundo ele, de acordo com o planejamento da sa\u00fade p\u00fablica estadual, deveria haver leitos para atendimento neonatal, principalmente, nas cidades de Arapiraca e Palmeira dos \u00cdndios. \u201cIsso n\u00e3o acontece atualmente\u201d, lamentou. O procurador-geral de Justi\u00e7a revelou que participou de uma reuni\u00e3o com o presidente da Associa\u00e7\u00e3o dos Munic\u00edpios Alagoanos (AMA), Jarbas Omena, e alertou para a necessidade da contrapartida financeira dos munic\u00edpios, com vistas a disponibilidade dos leitos. \u201cDinheiro para isso existe, porque h\u00e1 repasse federal\u201d, afirmou Fonseca.<\/span><\/p>\n<p style=\"text-align: justify;\"><span style=\"font-size: 14pt;\">No final da reuni\u00e3o, o pr\u00f3-reitor de Pesquisa e P\u00f3s-Gradua\u00e7\u00e3o da Uncisal, Guilherme Pita, entregou a minuta referente ao trabalho da comiss\u00e3o criada ano passado pelo governo do Estado, para discutir a cria\u00e7\u00e3o de um hospital geral, que seria formado com a jun\u00e7\u00e3o da Coordenadoria de Emerg\u00eancia Armando Lages (Coemal) e do hospital Jos\u00e9 Carneiro. \u201cA conclus\u00e3o desse trabalho visa garantir o atendimento \u00e0 popula\u00e7\u00e3o alagoana, uma necessidade urgente\u201d, declarou Pita.<\/span><\/p>\n<p style=\"text-align: justify;\"><span style=\"font-size: 14pt;\">O documento foi entregue \u00e0 promotora Micheline Ten\u00f3rio, que se colocou como parceira da Uncisal. \u201cO Minist\u00e9rio P\u00fablico est\u00e1 de m\u00e3os dadas com a universidade. Queremos garantir assist\u00eancia \u00e0 popula\u00e7\u00e3o\u201d, garantiu.<\/span><\/p>\n<p style=\"text-align: justify;\"><span style=\"font-size: 14pt;\">Relat\u00f3rios ao MP<\/span><\/p>\n<p style=\"text-align: justify;\"><span style=\"font-size: 14pt;\">No final da tarde de ontem (16\/3), dirigentes da Maternidade Santa M\u00f4nica, da Unidade de Emerg\u00eancia, do Hospital Jos\u00e9 Carneiro, do Hospital H\u00e9vio Auto, do Portugal Ramalho e do Hospital Universit\u00e1rio \u2013 unidades ligadas \u00e1 Uncisal &#8211; compareceram \u00e0 sede da Procuradoria Geral de Justi\u00e7a, para apresentar relat\u00f3rios detalhados sobre a situa\u00e7\u00e3o de suas unidades de sa\u00fade, sobretudo com rela\u00e7\u00e3o \u00e0s car\u00eancias relacionadas a medicamentos.<\/span><\/p>\n<p style=\"text-align: justify;\"><span style=\"font-size: 14pt;\">De acordo com a promotora de Justi\u00e7a da Sa\u00fade, Micheline Ten\u00f3rio, os relat\u00f3rios ser\u00e3o avaliados por ela e pelos promotores de Justi\u00e7a Ubirajara Ramos e Cec\u00edlia Carna\u00faba. &#8220;Pretendemos analisar os relatorios e reunir as informa\u00e7\u00f5es em um s\u00f3 documento. Com esse diagn\u00f3stico, ser\u00e1 poss\u00edvel acompanhar melhor o cotidiano dessas unidades e garantir uma atua\u00e7\u00e3o mais \u00e1gil na defesa da sa\u00fade da popula\u00e7\u00e3o&#8221;, afirmou Micheline, que conduziu a reuni\u00e3o de hoje.<\/span><\/p>\n","protected":false},"excerpt":{"rendered":"<p> [&hellip;]<\/p>\n","protected":false},"author":5,"featured_media":11623,"comment_status":"open","ping_status":"open","sticky":false,"template":"","format":"standard","meta":{"om_disable_all_campaigns":false,"_monsterinsights_skip_tracking":false,"_monsterinsights_sitenote_active":false,"_monsterinsights_sitenote_note":"","_monsterinsights_sitenote_category":0,"_uf_show_specific_survey":0,"_uf_disable_surveys":false,"footnotes":""},"categories":[2],"tags":[],"class_list":["post-11622","post","type-post","status-publish","format-standard","has-post-thumbnail","hentry","category-not_mpal"],"aioseo_notices":[],"_links":{"self":[{"href":"https:\/\/www.mpal.mp.br\/index.php?rest_route=\/wp\/v2\/posts\/11622","targetHints":{"allow":["GET"]}}],"collection":[{"href":"https:\/\/www.mpal.mp.br\/index.php?rest_route=\/wp\/v2\/posts"}],"about":[{"href":"https:\/\/www.mpal.mp.br\/index.php?rest_route=\/wp\/v2\/types\/post"}],"author":[{"embeddable":true,"href":"https:\/\/www.mpal.mp.br\/index.php?rest_route=\/wp\/v2\/users\/5"}],"replies":[{"embeddable":true,"href":"https:\/\/www.mpal.mp.br\/index.php?rest_route=%2Fwp%2Fv2%2Fcomments&post=11622"}],"version-history":[{"count":1,"href":"https:\/\/www.mpal.mp.br\/index.php?rest_route=\/wp\/v2\/posts\/11622\/revisions"}],"predecessor-version":[{"id":11625,"href":"https:\/\/www.mpal.mp.br\/index.php?rest_route=\/wp\/v2\/posts\/11622\/revisions\/11625"}],"wp:featuredmedia":[{"embeddable":true,"href":"https:\/\/www.mpal.mp.br\/index.php?rest_route=\/wp\/v2\/media\/11623"}],"wp:attachment":[{"href":"https:\/\/www.mpal.mp.br\/index.php?rest_route=%2Fwp%2Fv2%2Fmedia&parent=11622"}],"wp:term":[{"taxonomy":"category","embeddable":true,"href":"https:\/\/www.mpal.mp.br\/index.php?rest_route=%2Fwp%2Fv2%2Fcategories&post=11622"},{"taxonomy":"post_tag","embeddable":true,"href":"https:\/\/www.mpal.mp.br\/index.php?rest_route=%2Fwp%2Fv2%2Ftags&post=11622"}],"curies":[{"name":"wp","href":"https:\/\/api.w.org\/{rel}","templated":true}]}}