{"id":11616,"date":"2007-04-02T11:13:07","date_gmt":"2007-04-02T14:13:07","guid":{"rendered":"https:\/\/www.mpal.mp.br\/?p=11616"},"modified":"2022-07-08T11:13:48","modified_gmt":"2022-07-08T14:13:48","slug":"forum-quer-construir-codigo-de-conduta-do-turismo-contra-exploracao-sexual-infanto-juvenil","status":"publish","type":"post","link":"https:\/\/www.mpal.mp.br\/?p=11616","title":{"rendered":"F\u00f3rum quer construir C\u00f3digo de Conduta do Turismo contra Explora\u00e7\u00e3o Sexual Infanto-Juvenil"},"content":{"rendered":"<p style=\"text-align: justify;\"><span style=\"font-size: 14pt;\">As a\u00e7\u00f5es de combate ao turismo sexual e ao abuso e \u00e0 explora\u00e7\u00e3o sexual de crian\u00e7as e adolescentes v\u00e3o ganhar o refor\u00e7o do F\u00f3rum Alagoano de Enfrentamento \u00e0 Explora\u00e7\u00e3o Sexual Infanto-Juvenil e ao Turismo Sexual, criado nesta segunda-feira, durante reuni\u00e3o na sede da Procuradoria Geral de Justi\u00e7a de Alagoas (PGJ). A composi\u00e7\u00e3o do F\u00f3rum deve ser definida no pr\u00f3ximo dia 16, \u00e0s 9 horas, no audit\u00f3rio da PGJ.<\/span><\/p>\n<p style=\"text-align: justify;\"><span style=\"font-size: 14pt;\">\u201cNosso objetivo \u00e9 contribuir para mudar a dura realidade de milhares de meninas e meninos alagoanos, construindo um C\u00f3digo de Conduta do Turismo contra Explora\u00e7\u00e3o Sexual Infanto-Juvenil. Esse tipo de viol\u00eancia n\u00e3o rouba de suas v\u00edtimas apenas a inoc\u00eancia e os sonhos, rouba-lhes a sua pr\u00f3pria dignidade como pessoa humana, sendo, portanto, um crime contra a humanidade\u201d, enfatizou a promotora de Justi\u00e7a Marluce Falc\u00e3o , que representou o Minist\u00e9rio P\u00fablico de Alagoas na reuni\u00e3o juntamente com os promotores de Justi\u00e7a Ubirajara Ramos, Myri\u00e3 Tavares e Alexandra Beurlen.<\/span><\/p>\n<p style=\"text-align: justify;\"><span style=\"font-size: 14pt;\">Tamb\u00e9m participaram da reuni\u00e3o de instala\u00e7\u00e3o do F\u00f3rum representantes do Servi\u00e7o de Enfrentamento \u00e0 Viol\u00eancia, Abuso e Explora\u00e7\u00e3o Sexual de Crian\u00e7as (Sentinela) Secretaria de Defesa Social; da Secretaria de A\u00e7\u00e3o Social; Secretaria Municipal de Educa\u00e7\u00e3o; Pol\u00edcia Federal, CAV Crime, Pol\u00edcia Militar (CPC), ABIH, Correios, al\u00e9m de profissionais liberais volunt\u00e1rios, empres\u00e1rios dos setores de turismo e de educa\u00e7\u00e3o.<\/span><\/p>\n<p style=\"text-align: justify;\"><span style=\"font-size: 14pt;\">Primeiras a\u00e7\u00f5es<\/span><\/p>\n<p style=\"text-align: justify;\"><span style=\"font-size: 14pt;\">\u2022 Aderir \u00e0 campanha de preven\u00e7\u00e3o apresentada pelo Programa Sentinela, que deve acontecer em maio.<\/span><\/p>\n<p style=\"text-align: justify;\"><span style=\"font-size: 14pt;\">\u2022 Participar da campanha promovida pelo Comit\u00ea Nacional de Enfrentamento \u00e0 Viol\u00eancia Sexual Contra Crian\u00e7as e Adolescente, que tem por tema: \u201cCombater a Impunidade com Prioridade e Efetividade\u201d,<\/span><\/p>\n<p style=\"text-align: justify;\"><span style=\"font-size: 14pt;\">\u2022 Encaminhar ao Poder Judici\u00e1rio proposta de cria\u00e7\u00e3o de uma Vara Especializada nos Crimes Contra a Crian\u00e7a e o Adolescente;<\/span><\/p>\n<p style=\"text-align: justify;\"><span style=\"font-size: 14pt;\">\u2022 Encaminhar ao Secret\u00e1rio de Defesa Social e ao Gabinete de Gest\u00e3o Integrada \u2013 GGI delibera\u00e7\u00e3o do F\u00f3rum no sentido de serem mantidas as Delegacias Especializas dos Crimes Contra a Crian\u00e7a e o Adolescente, bem como a amplia\u00e7\u00e3o do atendimento com duas delegadas e da Delegacia do Turista, tendo o Munic\u00edpio de Macei\u00f3 j\u00e1 oferecido as instala\u00e7\u00f5es para sua reestrutura\u00e7\u00e3o f\u00edsica.<\/span><\/p>\n<p style=\"text-align: justify;\"><span style=\"font-size: 14pt;\">\u2022 Cobrar a regulariza\u00e7\u00e3o do conv\u00eanio com o Minist\u00e9rio da Justi\u00e7a e da transfer\u00eancia das verbas federais para manuten\u00e7\u00e3o do CAV CRIME \u2013 Centro de Atendimento as V\u00edtimas de Crime, sob a responsabilidade das Secretarias de Estado de Defesa Social e de A\u00e7\u00e3o Social;<\/span><\/p>\n<p style=\"text-align: justify;\"><span style=\"font-size: 14pt;\">\u2022 Encaminhar proposta para implementa\u00e7\u00e3o no IML de um atendimento especializado \u00e0s v\u00edtimas de viol\u00eancia sexual do sexo feminino, principalmente crian\u00e7as e adolescentes;<\/span><\/p>\n<p style=\"text-align: justify;\"><span style=\"font-size: 14pt;\">\u2022 Incentivar a capacita\u00e7\u00e3o da rede p\u00fablica de ensino estadual e municipal (professores), no que se refere a abuso e explora\u00e7\u00e3o sexual de crian\u00e7a e adolescentes de forma a possibilitar a identifica\u00e7\u00e3o de v\u00edtimas e o devido encaminhamento;<\/span><\/p>\n<p style=\"text-align: justify;\"><span style=\"font-size: 14pt;\">\u2022 Realizar de semin\u00e1rios no m\u00eas de maio pelas Faculdades e Universidade Federal para discuss\u00e3o do tema: \u201cExplora\u00e7\u00e3o Sexual de Crian\u00e7a e Adolescente &#8211; crime contra a humanidade\u201d;<\/span><\/p>\n<p style=\"text-align: justify;\"><span style=\"font-size: 14pt;\">\u2022 Lan\u00e7ar no m\u00eas de maio do C\u00f3digo de Conduta do Turismo Contra Explora\u00e7\u00e3o Sexual Infanto-Juvenil pelo Minist\u00e9rio P\u00fablico, ABIH e o Trade Tur\u00edstico de Alagoas;<\/span><\/p>\n<p style=\"text-align: justify;\"><span style=\"font-size: 14pt;\">\u2022 Capacitar das Pol\u00edcias Civil e Militar no enfrentamento dos crimes contra a crian\u00e7a e o adolescente;<\/span><\/p>\n<p style=\"text-align: justify;\"><span style=\"font-size: 14pt;\">\u2022 Criar e implementar disque den\u00fancia local com coopera\u00e7\u00e3o das Secretarias de Estado da Defesa Social e da Secretaria da Mulher, da Cidadania e dos Direitos Humanos;<\/span><\/p>\n<p style=\"text-align: justify;\"><span style=\"font-size: 14pt;\">\u2022 Reordenar e reestruturar a rede de prote\u00e7\u00e3o a crian\u00e7a e o adolescente j\u00e1 existente no \u00e2mbito do Munic\u00edpio de Macei\u00f3 e Estado de Alagoas;<\/span><\/p>\n<p style=\"text-align: justify;\"><span style=\"font-size: 14pt;\">\u2022 Capacitar toda a rede de atendimento, alcan\u00e7ando t\u00e9cnicos e funcion\u00e1rios, no atendimento as v\u00edtimas de crime relacionado a viol\u00eancia sexual;<\/span><\/p>\n<p style=\"text-align: justify;\"><span style=\"font-size: 14pt;\">\u2022 Reestruturar dos Conselhos Tutelares, capacita\u00e7\u00e3o dos Conselheiros e promo\u00e7\u00e3o da seguran\u00e7a nos atendimentos pela guarda municipal.<\/span><\/p>\n<p style=\"text-align: justify;\"><span style=\"font-size: 14pt;\">\u2022 Consultar o Instituto de Tecnologia em Inform\u00e1tica e Informa\u00e7\u00e3o do Estado de Alagoas (ITEC) sobre a possibilidade da implementa\u00e7\u00e3o de um banco de dados informatizado sobre a viol\u00eancia sexual contra a crian\u00e7a e o adolescente em Alagoas.<\/span><\/p>\n","protected":false},"excerpt":{"rendered":"<p> [&hellip;]<\/p>\n","protected":false},"author":5,"featured_media":11617,"comment_status":"open","ping_status":"open","sticky":false,"template":"","format":"standard","meta":{"om_disable_all_campaigns":false,"_monsterinsights_skip_tracking":false,"_monsterinsights_sitenote_active":false,"_monsterinsights_sitenote_note":"","_monsterinsights_sitenote_category":0,"_uf_show_specific_survey":0,"_uf_disable_surveys":false,"footnotes":""},"categories":[2],"tags":[],"class_list":["post-11616","post","type-post","status-publish","format-standard","has-post-thumbnail","hentry","category-not_mpal"],"aioseo_notices":[],"_links":{"self":[{"href":"https:\/\/www.mpal.mp.br\/index.php?rest_route=\/wp\/v2\/posts\/11616","targetHints":{"allow":["GET"]}}],"collection":[{"href":"https:\/\/www.mpal.mp.br\/index.php?rest_route=\/wp\/v2\/posts"}],"about":[{"href":"https:\/\/www.mpal.mp.br\/index.php?rest_route=\/wp\/v2\/types\/post"}],"author":[{"embeddable":true,"href":"https:\/\/www.mpal.mp.br\/index.php?rest_route=\/wp\/v2\/users\/5"}],"replies":[{"embeddable":true,"href":"https:\/\/www.mpal.mp.br\/index.php?rest_route=%2Fwp%2Fv2%2Fcomments&post=11616"}],"version-history":[{"count":1,"href":"https:\/\/www.mpal.mp.br\/index.php?rest_route=\/wp\/v2\/posts\/11616\/revisions"}],"predecessor-version":[{"id":11619,"href":"https:\/\/www.mpal.mp.br\/index.php?rest_route=\/wp\/v2\/posts\/11616\/revisions\/11619"}],"wp:featuredmedia":[{"embeddable":true,"href":"https:\/\/www.mpal.mp.br\/index.php?rest_route=\/wp\/v2\/media\/11617"}],"wp:attachment":[{"href":"https:\/\/www.mpal.mp.br\/index.php?rest_route=%2Fwp%2Fv2%2Fmedia&parent=11616"}],"wp:term":[{"taxonomy":"category","embeddable":true,"href":"https:\/\/www.mpal.mp.br\/index.php?rest_route=%2Fwp%2Fv2%2Fcategories&post=11616"},{"taxonomy":"post_tag","embeddable":true,"href":"https:\/\/www.mpal.mp.br\/index.php?rest_route=%2Fwp%2Fv2%2Ftags&post=11616"}],"curies":[{"name":"wp","href":"https:\/\/api.w.org\/{rel}","templated":true}]}}