{"id":11613,"date":"2007-04-03T11:12:01","date_gmt":"2007-04-03T14:12:01","guid":{"rendered":"https:\/\/www.mpal.mp.br\/?p=11613"},"modified":"2022-07-08T11:12:38","modified_gmt":"2022-07-08T14:12:38","slug":"educacao-mp-quer-retorno-de-mais-de-mil-professores-afastados-das-salas-de-aula","status":"publish","type":"post","link":"https:\/\/www.mpal.mp.br\/?p=11613","title":{"rendered":"Educa\u00e7\u00e3o: MP quer retorno de mais de mil professores afastados das salas de aula"},"content":{"rendered":"<div class=\"content-wrapper-1\">\n<div class=\"content-wrapper-2\">\n<div id=\"mainmiddle\">\n<div id=\"mainmiddle-expand\">\n<div id=\"content\">\n<div id=\"content-shift\">\n<div class=\"floatbox\">\n<div class=\"joomla \">\n<div class=\"article\">\n<div id=\"articlepxfontsize1\">\n<div class=\"corpo\">\n<p style=\"text-align: justify;\"><span style=\"font-size: 14pt;\">O Minist\u00e9rio P\u00fablico de Alagoas concedeu prazo de 30 dias \u00e0 Secretaria Estadual de Educa\u00e7\u00e3o para apresenta\u00e7\u00e3o de um levantamento com os nomes e locais de trabalho de mais de mil professores que est\u00e3o fora das salas de aula, atuando em servi\u00e7os burocr\u00e1ticos. Informa\u00e7\u00f5es preliminares levantadas pela promotora de Justi\u00e7a Cec\u00edlia Carna\u00faba indicam que h\u00e1 cerca de 1.228 professores nessa situa\u00e7\u00e3o. Desse total, 269 est\u00e3o com seus processos de aposentadoria em curso.<\/span><\/p>\n<p style=\"text-align: justify;\"><span style=\"font-size: 14pt;\">\u201cFicamos surpresos com a exist\u00eancia de um n\u00famero t\u00e3o alto de professores fora da sala de aula, enquanto lutamos h\u00e1 v\u00e1rios meses para agilizar a contrata\u00e7\u00e3o dos concursados e a sele\u00e7\u00e3o de monitores\u201d, ressaltou a promotora de Justi\u00e7a, ap\u00f3s reuni\u00e3o com o secret\u00e1rio Estadual de Educa\u00e7\u00e3o, F\u00e1bio Farias, o procurador de Estado M\u00e1rcio Guedes e a procuradora-chefe do Trabalho, Virg\u00ednia Ferreira, no in\u00edcio da tarde desta ter\u00e7a-feira.<\/span><\/p>\n<p style=\"text-align: justify;\"><span style=\"font-size: 14pt;\">Segundo Cec\u00edlia, ap\u00f3s realizar o levantamento solicitado, o secret\u00e1rio de Educa\u00e7\u00e3o se comprometeu com requalifica\u00e7\u00e3o desses professores para um imediato retorno \u00e0s salas de aula. Caso eles n\u00e3o queiram retornar, a representante do MP alagoano deve tomar as medidas cab\u00edveis para obrig\u00e1-los a cumprir sua tarefa de servidores p\u00fablicos, respeitando, evidentemente, as justificativas de sa\u00fade, devidamente confirmadas por per\u00edcia pr\u00f3pria. \u201cEssa situa\u00e7\u00e3o causa dano social e ao er\u00e1rio p\u00fablico\u201d, afirmou Cec\u00edlia.<\/span><\/p>\n<p style=\"text-align: justify;\"><span style=\"font-size: 14pt;\">Monitores<\/span><\/p>\n<p style=\"text-align: justify;\"><span style=\"font-size: 14pt;\">Com rela\u00e7\u00e3o \u00e0 sele\u00e7\u00e3o de monitores para as disciplinas da \u00e1rea de ci\u00eancias exatas, carente de professores desde 2003, o secret\u00e1rio de Educa\u00e7\u00e3o pediu mais tempo ao MP de Alagoas, alegando que o estado n\u00e3o conseguiu a publica\u00e7\u00e3o do edital no prazo determinado devido \u00e0 dificuldade de acesso \u00e0s instala\u00e7\u00f5es ocupadas pelos professores grevistas. A representante do MP concedeu novo prazo de 30 dias para a publica\u00e7\u00e3o do edital.<\/span><\/p>\n<p style=\"text-align: justify;\"><span style=\"font-size: 14pt;\">Ainda com rela\u00e7\u00e3o \u00e0 sele\u00e7\u00e3o de monitores, a procurador-chefe do Trabalho, Virg\u00ednia Ferreira, ratificou que o Minist\u00e9rio do Trabalho concorda com a contrata\u00e7\u00e3o emergencial, apenas para as mat\u00e9rias n\u00e3o constantes na reserva t\u00e9cnica (ci\u00eancias exatas e educa\u00e7\u00e3o f\u00edsica). \u201cA contrata\u00e7\u00e3o dos monitores para as demais mat\u00e9rias apenas se dar\u00e1 quando convocados os profissionais constantes da reserva t\u00e9cnica\u201d, refor\u00e7ou Virg\u00ednia, que tamb\u00e9m orientou o estado a incluir no mesmo edital da contrata\u00e7\u00e3o de monitores especializados em ensino ind\u00edgena.<\/span><\/p>\n<p style=\"text-align: justify;\"><span style=\"font-size: 14pt;\">Nomea\u00e7\u00f5es<\/span><\/p>\n<p style=\"text-align: justify;\"><span style=\"font-size: 14pt;\">O secret\u00e1rio tamb\u00e9m afirmou que at\u00e9 a pr\u00f3xima segunda-feira (9\/4), apresentar\u00e1 calend\u00e1rio para a nomea\u00e7\u00e3o de 78 professores da reserva t\u00e9cnica para cargos ainda n\u00e3o preenchidos, com a possibilidade de nomea\u00e7\u00e3o de 238 professores em decorr\u00eancia do remanejamento de vagas. Na mesma data, F\u00e1bio Farias tamb\u00e9m deve informar a previs\u00e3o para a publica\u00e7\u00e3o do edital de reop\u00e7\u00e3o para nomea\u00e7\u00e3o de 37 professores da reserva t\u00e9cnica.<\/span><\/p>\n<p style=\"text-align: justify;\"><span style=\"font-size: 14pt;\">Transporte escolar<\/span><\/p>\n<p style=\"text-align: justify;\"><span style=\"font-size: 14pt;\">No final da tarde, durante a reuni\u00e3o da representante do MP de Alagoas com o secret\u00e1rio de Educa\u00e7\u00e3o e o representante da Oscip Apoio, M\u00e1rcio Lessa, ficou definido que, at\u00e9 a pr\u00f3xima sexta-feira, o estado deve quitar d\u00edvidas pendentes com os prestadores de servi\u00e7o de transporte escolar referentes aos primeiros meses deste ano. J\u00e1 os d\u00e9bitos referentes aos meses de novembro e dezembro de 2006 v\u00e3o ser negociados com a Controladoria Geral do Estado.<\/span><\/p>\n<p style=\"text-align: justify;\"><span style=\"font-size: 14pt;\">Tamb\u00e9m foi ajustado que o pagamento \u00e0 Oscip Apoio ser\u00e1 de O R$ 160 mil por m\u00eas, a partir de janeiro de 2007, j\u00e1 que o valor anteriormente cobrado &#8211; R$ 245.539,52 \u2013 superava a capacidade or\u00e7ament\u00e1ria do estado. \u201cAl\u00e9m de repactuar o valor pago, tamb\u00e9m houve um comprometimento por parte do Estado de primar pela qualidade do servi\u00e7o e fiscalizar sua presta\u00e7\u00e3o efetiva\u201d, acrescentou Cec\u00edlia.<\/span><\/p>\n<\/div>\n<\/div>\n<\/div>\n<\/div>\n<\/div>\n<\/div>\n<\/div>\n<\/div>\n<\/div>\n<\/div>\n<\/div>\n<div class=\"content-wrapper-b1\">\n<div class=\"content-wrapper-b2\" style=\"text-align: justify;\"><\/div>\n<\/div>\n","protected":false},"excerpt":{"rendered":"<p> [&hellip;]<\/p>\n","protected":false},"author":5,"featured_media":11614,"comment_status":"open","ping_status":"open","sticky":false,"template":"","format":"standard","meta":{"om_disable_all_campaigns":false,"_monsterinsights_skip_tracking":false,"_monsterinsights_sitenote_active":false,"_monsterinsights_sitenote_note":"","_monsterinsights_sitenote_category":0,"_uf_show_specific_survey":0,"_uf_disable_surveys":false,"footnotes":""},"categories":[2],"tags":[],"class_list":["post-11613","post","type-post","status-publish","format-standard","has-post-thumbnail","hentry","category-not_mpal"],"aioseo_notices":[],"_links":{"self":[{"href":"https:\/\/www.mpal.mp.br\/index.php?rest_route=\/wp\/v2\/posts\/11613","targetHints":{"allow":["GET"]}}],"collection":[{"href":"https:\/\/www.mpal.mp.br\/index.php?rest_route=\/wp\/v2\/posts"}],"about":[{"href":"https:\/\/www.mpal.mp.br\/index.php?rest_route=\/wp\/v2\/types\/post"}],"author":[{"embeddable":true,"href":"https:\/\/www.mpal.mp.br\/index.php?rest_route=\/wp\/v2\/users\/5"}],"replies":[{"embeddable":true,"href":"https:\/\/www.mpal.mp.br\/index.php?rest_route=%2Fwp%2Fv2%2Fcomments&post=11613"}],"version-history":[{"count":1,"href":"https:\/\/www.mpal.mp.br\/index.php?rest_route=\/wp\/v2\/posts\/11613\/revisions"}],"predecessor-version":[{"id":11615,"href":"https:\/\/www.mpal.mp.br\/index.php?rest_route=\/wp\/v2\/posts\/11613\/revisions\/11615"}],"wp:featuredmedia":[{"embeddable":true,"href":"https:\/\/www.mpal.mp.br\/index.php?rest_route=\/wp\/v2\/media\/11614"}],"wp:attachment":[{"href":"https:\/\/www.mpal.mp.br\/index.php?rest_route=%2Fwp%2Fv2%2Fmedia&parent=11613"}],"wp:term":[{"taxonomy":"category","embeddable":true,"href":"https:\/\/www.mpal.mp.br\/index.php?rest_route=%2Fwp%2Fv2%2Fcategories&post=11613"},{"taxonomy":"post_tag","embeddable":true,"href":"https:\/\/www.mpal.mp.br\/index.php?rest_route=%2Fwp%2Fv2%2Ftags&post=11613"}],"curies":[{"name":"wp","href":"https:\/\/api.w.org\/{rel}","templated":true}]}}