{"id":11610,"date":"2007-04-11T11:11:07","date_gmt":"2007-04-11T14:11:07","guid":{"rendered":"https:\/\/www.mpal.mp.br\/?p=11610"},"modified":"2022-07-08T11:11:40","modified_gmt":"2022-07-08T14:11:40","slug":"mp-consegue-mais-8-mil-vagas-nas-escolas-publicas","status":"publish","type":"post","link":"https:\/\/www.mpal.mp.br\/?p=11610","title":{"rendered":"MP consegue mais 8 mil vagas nas escolas p\u00fablicas"},"content":{"rendered":"<p style=\"text-align: justify;\"><span style=\"font-size: 14pt;\">Os secret\u00e1rios de Educa\u00e7\u00e3o do Estado e de Macei\u00f3, F\u00e1bio Farias e Tadeu Lira, respectivamente, participaram hoje (11\/04) \u00e0 tarde de uma audi\u00eancia p\u00fablica, na sede da Procuradoria Geral de Justi\u00e7a. A audi\u00eancia durou cerca de duas horas e foi coordenada pelas promotoras Maria Cec\u00edlia Carna\u00faba, da Fazenda P\u00fablica Estadual, e Fernanda Moreira, da Fazenda P\u00fablica Municipal.<\/span><\/p>\n<p style=\"text-align: justify;\"><span style=\"font-size: 14pt;\">Durante a audi\u00eancia, os dois secret\u00e1rios se comprometeram em realizar um estudo para o preenchimento de vagas na rede do ensino p\u00fablico. Para isso, foi criada uma comiss\u00e3o, composta por seis integrantes das duas secretarias, para realizar o remanejamento de alunos e professores. Segundo o secret\u00e1rio F\u00e1bio Farias, h\u00e1 uma expectativa do preenchimento de cerca de 8 mil vagas nas escolas do Estado e do munic\u00edpio, s\u00f3 em Macei\u00f3.<\/span><\/p>\n<p style=\"text-align: justify;\"><span style=\"font-size: 14pt;\">\u201cS\u00e3o 5 mil vagas no Cepa, das quais 2 mil no hor\u00e1rio noturno, mais mil vagas em escolas da Paju\u00e7ara e Jaragu\u00e1, al\u00e9m das 2 mil vagas que o secret\u00e1rio municipal de Educa\u00e7\u00e3o disse que conseguiu com o remanejamento feito nas escolas administradas pela Prefeitura\u201d, explicou F\u00e1bio Farias. Segundo ele, h\u00e1 uma demanda grande no Benedito Bentes que ser\u00e1 beneficiada com essa parceria entre o Estado e a Prefeitura de Macei\u00f3.<\/span><\/p>\n<p style=\"text-align: justify;\"><span style=\"font-size: 14pt;\">\u201cOs alunos da periferia que ficaram de fora das escolas de seus bairros, poder\u00e3o ter a ajuda do transporte escolar para estudar no Cepa ou em outra escola com vagas mais perto\u201d, destacou o secret\u00e1rio. Para ele, o importante \u00e9 que a clientela seja atendida da melhor maneira poss\u00edvel. No entanto, o pr\u00f3prio secret\u00e1rio n\u00e3o sabe quem ir\u00e1 arcar com as despesas do transporte escolar. \u201cEsse assunto ser\u00e1 tratado pela comiss\u00e3o\u201d, disse.<\/span><\/p>\n<p style=\"text-align: justify;\"><span style=\"font-size: 14pt;\">Na audi\u00eancia, o secret\u00e1rio Tadeu Lira indicou T\u00e2nia Almeida, Vanda Costa e Rosicler Farias para representar o munic\u00edpio na Comiss\u00e3o. Pelo secret\u00e1rio F\u00e1bio Farias foram indicados Jos\u00e9 Neilton Nunes Alves, Marta Palmeira e Maria dos Prazeres Batista Silva. A comiss\u00e3o ter\u00e1 prazo de 15 dias para apresentar um relat\u00f3rio conclusivo sobre a quest\u00e3o. Por isso, uma nova audi\u00eancias com os dois secret\u00e1rios foi marcada para o dia 2 de maio, \u00e0s 14h30, na sede do Minist\u00e9rio P\u00fablico Estadual.<\/span><\/p>\n<p style=\"text-align: justify;\"><span style=\"font-size: 14pt;\">Para a promotora Cec\u00edlia Carna\u00faba, a audi\u00eancia foi produtiva e avan\u00e7ou muito no sentido de resolver o problema dos alunos que ainda est\u00e3o sem escola. \u201cPor fim, ficou acertado que o objetivo de todas as provid\u00eancias que foram tomadas at\u00e9 ent\u00e3o \u00e9 a cria\u00e7\u00e3o de aproximadamente 8 mil vagas, para o maior aproveitamento poss\u00edvel do alunado das escolas p\u00fablicas, no ano letivo de 2007\u201d, afirmou a promotora.<\/span><\/p>\n<p style=\"text-align: justify;\"><span style=\"font-size: 14pt;\">Libras<\/span><\/p>\n<p style=\"text-align: justify;\"><span style=\"font-size: 14pt;\">Ainda durante a audi\u00eancia, o secret\u00e1rio F\u00e1bio Farias informou que foi assinada uma ordem banc\u00e1ria para pagamento de dois meses dos interpretes e instrutores de Libras, a linguagem dos sinais, que dever\u00e1 se efetivar na pr\u00f3xima semana. Segundo o secret\u00e1rio, no pr\u00f3ximo concurso p\u00fablico, a ser realizado pela Secretaria Estadual de Educa\u00e7\u00e3o, dever\u00e3o ser ofertados cargos para esses profissionais. Al\u00e9m disso, o Estado prepara o que pode ser o primeiro concurso p\u00fablico para professor ind\u00edgena do Brasil.<\/span><\/p>\n","protected":false},"excerpt":{"rendered":"<p> [&hellip;]<\/p>\n","protected":false},"author":5,"featured_media":11611,"comment_status":"open","ping_status":"open","sticky":false,"template":"","format":"standard","meta":{"om_disable_all_campaigns":false,"_monsterinsights_skip_tracking":false,"_monsterinsights_sitenote_active":false,"_monsterinsights_sitenote_note":"","_monsterinsights_sitenote_category":0,"_uf_show_specific_survey":0,"_uf_disable_surveys":false,"footnotes":""},"categories":[2],"tags":[],"class_list":["post-11610","post","type-post","status-publish","format-standard","has-post-thumbnail","hentry","category-not_mpal"],"aioseo_notices":[],"_links":{"self":[{"href":"https:\/\/www.mpal.mp.br\/index.php?rest_route=\/wp\/v2\/posts\/11610","targetHints":{"allow":["GET"]}}],"collection":[{"href":"https:\/\/www.mpal.mp.br\/index.php?rest_route=\/wp\/v2\/posts"}],"about":[{"href":"https:\/\/www.mpal.mp.br\/index.php?rest_route=\/wp\/v2\/types\/post"}],"author":[{"embeddable":true,"href":"https:\/\/www.mpal.mp.br\/index.php?rest_route=\/wp\/v2\/users\/5"}],"replies":[{"embeddable":true,"href":"https:\/\/www.mpal.mp.br\/index.php?rest_route=%2Fwp%2Fv2%2Fcomments&post=11610"}],"version-history":[{"count":1,"href":"https:\/\/www.mpal.mp.br\/index.php?rest_route=\/wp\/v2\/posts\/11610\/revisions"}],"predecessor-version":[{"id":11612,"href":"https:\/\/www.mpal.mp.br\/index.php?rest_route=\/wp\/v2\/posts\/11610\/revisions\/11612"}],"wp:featuredmedia":[{"embeddable":true,"href":"https:\/\/www.mpal.mp.br\/index.php?rest_route=\/wp\/v2\/media\/11611"}],"wp:attachment":[{"href":"https:\/\/www.mpal.mp.br\/index.php?rest_route=%2Fwp%2Fv2%2Fmedia&parent=11610"}],"wp:term":[{"taxonomy":"category","embeddable":true,"href":"https:\/\/www.mpal.mp.br\/index.php?rest_route=%2Fwp%2Fv2%2Fcategories&post=11610"},{"taxonomy":"post_tag","embeddable":true,"href":"https:\/\/www.mpal.mp.br\/index.php?rest_route=%2Fwp%2Fv2%2Ftags&post=11610"}],"curies":[{"name":"wp","href":"https:\/\/api.w.org\/{rel}","templated":true}]}}