{"id":11606,"date":"2007-04-12T11:09:57","date_gmt":"2007-04-12T14:09:57","guid":{"rendered":"https:\/\/www.mpal.mp.br\/?p=11606"},"modified":"2022-07-08T11:10:33","modified_gmt":"2022-07-08T14:10:33","slug":"escola-vizinha-ao-antigo-crm-deve-voltar-a-funcionar-na-segunda-feira","status":"publish","type":"post","link":"https:\/\/www.mpal.mp.br\/?p=11606","title":{"rendered":"Escola vizinha ao antigo CRM deve voltar a funcionar na segunda-feira"},"content":{"rendered":"<p style=\"text-align: justify;\"><span style=\"font-size: 14pt;\">A Escola Estadual Coronel Francisco Alves Malta, que conta com cerca de 600 alunos, deve voltar a funcionar na pr\u00f3xima segunda-feira, depois das medidas de seguran\u00e7a que foram discutidas hoje \u00e0 tarde na audi\u00eancia do N\u00facleo da Promotoria da Fazenda P\u00fablica Estadual, na sede da Procuradoria Geral de Justi\u00e7a. A audi\u00eancia, coordenada pelas promotoras Cec\u00edlia Carna\u00faba e Miry\u00e3 Tavares Ferro, serviu para discutir o clima de inseguran\u00e7a vivido pela comunidade escolar, em fun\u00e7\u00e3o da proximidade da escola com a Unidade de Interna\u00e7\u00e3o Masculina (UIM) \u2013 o antigo Centro de Recupera\u00e7\u00e3o de Menores (CRM), alvo de constantes rebeli\u00f5es e fugas de menores infratores.<\/span><\/p>\n<p style=\"text-align: justify;\"><span style=\"font-size: 14pt;\">Durante a audi\u00eancia, a professora M\u00e1rcia Lemos disse que as constantes rebeli\u00f5es e as rotineiras fugas de menores geraram inseguran\u00e7a aos alunos e professores, o que estava impossibilitando o in\u00edcio do ano letivo de 2007. \u201cCom as medidas que foram decididas nessa audi\u00eancia, vamos mostrar a comunidade escolar \u2013 alunos, pais e professores \u2013 as provid\u00eancias que ser\u00e3o tomadas, para que possamos avaliar a possibilidade do retorno das aulas\u201d, afirmou M\u00e1rcia Lemos, acrescentando que a decis\u00e3o pela reabertura da escola n\u00e3o \u00e9 s\u00f3 dela, mas da comunidade escolar.<\/span><\/p>\n<p style=\"text-align: justify;\"><span style=\"font-size: 14pt;\">Entre as provid\u00eancias que ser\u00e3o tomadas para minimizar o clima de inseguran\u00e7a est\u00e1 a constru\u00e7\u00e3o de dois muros paralelos, com seis metros de altura cada e com intervalo de 25 metros entre ambos, dotados de guaritas, formando uma barreira que separa o Complexo Humberto Mendes da escola. A obras ser\u00e1 realizada com recursos do Estado e executada pelo Servi\u00e7o de Engenharia de Alagoas (Serveal), num prazo de 90 dias. Enquanto isso, o policiamento no local ser\u00e1 refor\u00e7ado com uma dupla de policiais pela manh\u00e3 e outra pela tarde.<\/span><\/p>\n<p style=\"text-align: justify;\"><span style=\"font-size: 14pt;\">Como medida imediata, para reduzir o clima de inseguran\u00e7a na comunidade escolar, ficou decidido que os internos do Complexo Humberto Mendes ser\u00e3o transferidos para a Unidade Feminina, que fica a uma dist\u00e2ncia maior da escola. Enquanto isso, as meninas ser\u00e3o transferidas para outro local ainda a ser definido. A secret\u00e1ria Wedna Miranda ficou respons\u00e1vel por fazer essa transfer\u00eancia, que foi sugerida pelas professoras da escola. Ficou definido tamb\u00e9m que o Minist\u00e9rio P\u00fablico Estadual ir\u00e1 requisitar \u00e0 Superintend\u00eancia de Ilumina\u00e7\u00e3o Municipal (Sima) melhorias na ilumina\u00e7\u00e3o da \u00e1rea.<\/span><\/p>\n<p style=\"text-align: justify;\"><span style=\"font-size: 14pt;\">A audi\u00eancia contou ainda com a participa\u00e7\u00e3o da secret\u00e1ria estadual da Mulher, da Cidadania e dos Direitos Humanos, Wedna Miranda; do tenente-coronel Adilson Bispo, comandante do policiamento da Capital, do tenente-coronel Luiz Carlos Ferreira, comandante do Batalh\u00e3o Escolar; da professora M\u00e1rcia Lemos, diretora da Escola Estadual Coronel Francisco Alves Malta; do engenheiro Raul Cleto, representando o setor de engenharia da Secretaria Estadual da Educa\u00e7\u00e3o; al\u00e9m de Iara Bentes e Wilson Nonato, superintendente de medidas s\u00f3cio-educativas e diretor do Complexo Educacional Humberto Mendes, respectivamente.<\/span><\/p>\n","protected":false},"excerpt":{"rendered":"<p> [&hellip;]<\/p>\n","protected":false},"author":5,"featured_media":11608,"comment_status":"open","ping_status":"open","sticky":false,"template":"","format":"standard","meta":{"om_disable_all_campaigns":false,"_monsterinsights_skip_tracking":false,"_monsterinsights_sitenote_active":false,"_monsterinsights_sitenote_note":"","_monsterinsights_sitenote_category":0,"_uf_show_specific_survey":0,"_uf_disable_surveys":false,"footnotes":""},"categories":[2],"tags":[],"class_list":["post-11606","post","type-post","status-publish","format-standard","has-post-thumbnail","hentry","category-not_mpal"],"aioseo_notices":[],"_links":{"self":[{"href":"https:\/\/www.mpal.mp.br\/index.php?rest_route=\/wp\/v2\/posts\/11606","targetHints":{"allow":["GET"]}}],"collection":[{"href":"https:\/\/www.mpal.mp.br\/index.php?rest_route=\/wp\/v2\/posts"}],"about":[{"href":"https:\/\/www.mpal.mp.br\/index.php?rest_route=\/wp\/v2\/types\/post"}],"author":[{"embeddable":true,"href":"https:\/\/www.mpal.mp.br\/index.php?rest_route=\/wp\/v2\/users\/5"}],"replies":[{"embeddable":true,"href":"https:\/\/www.mpal.mp.br\/index.php?rest_route=%2Fwp%2Fv2%2Fcomments&post=11606"}],"version-history":[{"count":1,"href":"https:\/\/www.mpal.mp.br\/index.php?rest_route=\/wp\/v2\/posts\/11606\/revisions"}],"predecessor-version":[{"id":11609,"href":"https:\/\/www.mpal.mp.br\/index.php?rest_route=\/wp\/v2\/posts\/11606\/revisions\/11609"}],"wp:featuredmedia":[{"embeddable":true,"href":"https:\/\/www.mpal.mp.br\/index.php?rest_route=\/wp\/v2\/media\/11608"}],"wp:attachment":[{"href":"https:\/\/www.mpal.mp.br\/index.php?rest_route=%2Fwp%2Fv2%2Fmedia&parent=11606"}],"wp:term":[{"taxonomy":"category","embeddable":true,"href":"https:\/\/www.mpal.mp.br\/index.php?rest_route=%2Fwp%2Fv2%2Fcategories&post=11606"},{"taxonomy":"post_tag","embeddable":true,"href":"https:\/\/www.mpal.mp.br\/index.php?rest_route=%2Fwp%2Fv2%2Ftags&post=11606"}],"curies":[{"name":"wp","href":"https:\/\/api.w.org\/{rel}","templated":true}]}}