{"id":11603,"date":"2007-04-13T11:08:36","date_gmt":"2007-04-13T14:08:36","guid":{"rendered":"https:\/\/www.mpal.mp.br\/?p=11603"},"modified":"2022-08-19T10:34:16","modified_gmt":"2022-08-19T13:34:16","slug":"laudo-da-pm-constata-falhas-na-seguranca-do-antigo-crm","status":"publish","type":"post","link":"https:\/\/www.mpal.mp.br\/?p=11603","title":{"rendered":"Laudo da PM constata falhas na seguran\u00e7a do antigo CRM"},"content":{"rendered":"<p style=\"text-align: justify;\"><span style=\"font-size: 14pt;\">O tenente-coronel PM Adilson Bispo, comandante do policiamento da Capital, entregou hoje \u00e0 tarde \u00e0 promotora Cec\u00edlia Carna\u00faba, do N\u00facleo da Fazenda P\u00fablica Estadual, o laudo t\u00e9cnico sobre a situa\u00e7\u00e3o de seguran\u00e7a do Complexo Humberto Mendes, onde est\u00e3o instaladas a Unidade de Interna\u00e7\u00e3o Feminina e a Unidade de Interna\u00e7\u00e3o Masculina (UIM), o antigo Centro de Recupera\u00e7\u00e3o de Menores (CRM). De acordo com o laudo, foram constatadas v\u00e1rias falhas na seguran\u00e7a nas duas unidades de recupera\u00e7\u00e3o de menores, bem como em todo o Complexo Humberto Mendes.<\/span><\/p>\n<p style=\"text-align: justify;\"><span style=\"font-size: 14pt;\">\u201cAs falhas na seguran\u00e7a interna dessas unidades precisam ser corrigidas para evitar as constantes tentativas de fugas por parte dos menores\u201d, afirmou o coronel Adilson Bispo, acrescentando que n\u00e3o recomendaria a transfer\u00eancia das menores da Unidade Feminina para o Complexo Humberto Mendes, bem como a transfer\u00eancia dos internos do Complexo Humberto Mendes para Unidade Feminina, que fica mais distante da Escola Estadual Coronel Francisco Alves Malta. \u201cEssa troca de alojamento \u00e9 incompat\u00edvel e n\u00e3o aumentaria em nada a seguran\u00e7a do local\u201d, afirmou Bispo.<\/span><\/p>\n<p style=\"text-align: justify;\"><span style=\"font-size: 14pt;\">A promotora Cec\u00edlia Carna\u00faba explicou que a transfer\u00eancia, da forma como foi proposta na audi\u00eancia de quinta-feira, n\u00e3o foi aceita pela Promotoria e pela Vara da Inf\u00e2ncia e Juventude. \u201cO remanejamento dos adolescentes vai acontecer, mas n\u00e3o dessa forma. Nossa preocupa\u00e7\u00e3o agora \u00e9 com rela\u00e7\u00e3o ao refor\u00e7o na seguran\u00e7a para garantir o funcionamento da escola\u201d, destacou a promotora. Segundo ela, enquanto o remanejamento n\u00e3o for conclu\u00eddo, o coronel Adilson Bispo se comprometeu em refor\u00e7ar a seguran\u00e7a externa do Complexo Humberto Mendes.<\/span><\/p>\n<p style=\"text-align: justify;\"><span style=\"font-size: 14pt;\">Durante a reuni\u00e3o com a promotora, o coronel Adilson Bispo informou que o Batalh\u00e3o Escolar j\u00e1 tinha colocado em execu\u00e7\u00e3o o refor\u00e7o do policiamento no local, com uma dupla de PMs pela manh\u00e3 e outra \u00e0 tarde. Al\u00e9m dessa provid\u00eancia, que foi requerida durante a audi\u00eancia da \u00faltima quinta-feira, o coronel adiantou que o laudo pode servir para elabora\u00e7\u00e3o de um plano permanente de policiamento do Complexo Humberto Mendes, com utiliza\u00e7\u00e3o de guaritas em pontos estrat\u00e9gicos e com sa\u00eddas externas, para evitar o contato direto dos policiais com os adolescentes.<\/span><\/p>\n","protected":false},"excerpt":{"rendered":"<p> [&hellip;]<\/p>\n","protected":false},"author":5,"featured_media":11604,"comment_status":"open","ping_status":"open","sticky":false,"template":"","format":"standard","meta":{"om_disable_all_campaigns":false,"_monsterinsights_skip_tracking":false,"_monsterinsights_sitenote_active":false,"_monsterinsights_sitenote_note":"","_monsterinsights_sitenote_category":0,"_uf_show_specific_survey":0,"_uf_disable_surveys":false,"footnotes":""},"categories":[2],"tags":[],"class_list":["post-11603","post","type-post","status-publish","format-standard","has-post-thumbnail","hentry","category-not_mpal"],"aioseo_notices":[],"_links":{"self":[{"href":"https:\/\/www.mpal.mp.br\/index.php?rest_route=\/wp\/v2\/posts\/11603","targetHints":{"allow":["GET"]}}],"collection":[{"href":"https:\/\/www.mpal.mp.br\/index.php?rest_route=\/wp\/v2\/posts"}],"about":[{"href":"https:\/\/www.mpal.mp.br\/index.php?rest_route=\/wp\/v2\/types\/post"}],"author":[{"embeddable":true,"href":"https:\/\/www.mpal.mp.br\/index.php?rest_route=\/wp\/v2\/users\/5"}],"replies":[{"embeddable":true,"href":"https:\/\/www.mpal.mp.br\/index.php?rest_route=%2Fwp%2Fv2%2Fcomments&post=11603"}],"version-history":[{"count":1,"href":"https:\/\/www.mpal.mp.br\/index.php?rest_route=\/wp\/v2\/posts\/11603\/revisions"}],"predecessor-version":[{"id":11605,"href":"https:\/\/www.mpal.mp.br\/index.php?rest_route=\/wp\/v2\/posts\/11603\/revisions\/11605"}],"wp:featuredmedia":[{"embeddable":true,"href":"https:\/\/www.mpal.mp.br\/index.php?rest_route=\/wp\/v2\/media\/11604"}],"wp:attachment":[{"href":"https:\/\/www.mpal.mp.br\/index.php?rest_route=%2Fwp%2Fv2%2Fmedia&parent=11603"}],"wp:term":[{"taxonomy":"category","embeddable":true,"href":"https:\/\/www.mpal.mp.br\/index.php?rest_route=%2Fwp%2Fv2%2Fcategories&post=11603"},{"taxonomy":"post_tag","embeddable":true,"href":"https:\/\/www.mpal.mp.br\/index.php?rest_route=%2Fwp%2Fv2%2Ftags&post=11603"}],"curies":[{"name":"wp","href":"https:\/\/api.w.org\/{rel}","templated":true}]}}