{"id":11599,"date":"2007-04-16T11:07:36","date_gmt":"2007-04-16T14:07:36","guid":{"rendered":"https:\/\/www.mpal.mp.br\/?p=11599"},"modified":"2022-07-08T11:08:26","modified_gmt":"2022-07-08T14:08:26","slug":"forum-prepara-dia-nacional-de-combate-ao-turismo-sexual","status":"publish","type":"post","link":"https:\/\/www.mpal.mp.br\/?p=11599","title":{"rendered":"F\u00f3rum prepara Dia Nacional de Combate ao Turismo Sexual"},"content":{"rendered":"<p style=\"text-align: justify;\"><span style=\"font-size: 14pt;\">Integrantes do F\u00f3rum Alagoas de Enfrentamento \u00e0 Explora\u00e7\u00e3o Sexual Infanto-Juvenil participaram, nesta segunda-feira, de reuni\u00e3o preparat\u00f3ria do Dia Nacional de Combate ao Turismo Sexual, que ser\u00e1 realizado em 18 de maio, em todo pa\u00eds. Realizada no audit\u00f3rio da Procuradoria Geral de Justi\u00e7a, a reuni\u00e3o foi conduzida pela promotora Marluce Falc\u00e3o, coordenadora do N\u00facleo de Defesa dos Direitos Humanos do Minist\u00e9rio Publico Estadual, e pelo promotor Ubirajara Ramos, coordenador do N\u00facleo de Defesa da Inf\u00e2ncia e da Juventude.<\/span><\/p>\n<p style=\"text-align: justify;\"><span style=\"font-size: 14pt;\">\u201cUma s\u00e9rie de atividades v\u00e3o ser desenvolvidas a partir da segunda semana do pr\u00f3ximo m\u00eas, culminando com a grande manifesta\u00e7\u00e3o que vamos realizar em Macei\u00f3 no dia 18 de maio\u201d, adiantou a promotora de Justi\u00e7a. Segundo Marluce Falc\u00e3o, uma panfletagem em v\u00e1rios pontos da cidade e nas rodovias que d\u00e3o acesso a Macei\u00f3 \u00e9 uma das atividades programadas. Al\u00e9m disso, tamb\u00e9m est\u00e1 sendo programada uma sess\u00e3o p\u00fablica na Assembl\u00e9ia Legislativa do Estado para discutir o C\u00f3digo de Conduta do Turismo contra Explora\u00e7\u00e3o Sexual Infanto-Juvenil.<\/span><\/p>\n<p style=\"text-align: justify;\"><span style=\"font-size: 14pt;\">Durante a reuni\u00e3o, foi formado o Comit\u00ea de Monitoramento do F\u00f3rum, integrado pelo Programa Sentinela, pelas Secretarias de A\u00e7\u00e3o Social e Turismo do estado e do munic\u00edpio, entidades da sociedade civil organizada, al\u00e9m da Universidade Federal de Alagoas (Ufal), do MPE, MP do Trabalho e MP Federal.<\/span><\/p>\n<p style=\"text-align: justify;\"><span style=\"font-size: 14pt;\">\u201cO Comit\u00ea ser\u00e1 o guardi\u00e3o do C\u00f3digo de Conduta, que tem como objetivo criar uma rede de prote\u00e7\u00e3o contra o turismo sexual. Caber\u00e1 ao Comit\u00ea avaliar se uma empresa merece ou n\u00e3o receber o selo de amiga da luta contra o turismo sexual, do mesmo jeito que caber\u00e1 ao Comit\u00ea retirar o selo de qualquer empresa que tenha contrariado as regras estabelecidas pelas entidades que fazem parte do F\u00f3rum\u201d, explicou a promotora de Justi\u00e7a.<\/span><\/p>\n<p style=\"text-align: justify;\"><span style=\"font-size: 14pt;\">A mesa diretora da reuni\u00e3o contou ainda com a participa\u00e7\u00e3o da secret\u00e1ria municipal de Turismo, Cl\u00e1udia Cristina Pessoa; do deputado Judson Cabral (PT), do vereador Marcelo Malta (PCdoB); do comandante do policiamento da Capital, Adilson Bispo; do vice-presidente do Conselho Estadual da Crian\u00e7a e do Adolescente, Carlos Alberto Silva Santos; represente do Projeto Sentinela, Maria Salete de Albuquerque Beltr\u00e3o e do inspetor Lacerda, da Pol\u00edcia Rodovi\u00e1ria Federal.<\/span><\/p>\n","protected":false},"excerpt":{"rendered":"<p> [&hellip;]<\/p>\n","protected":false},"author":5,"featured_media":11600,"comment_status":"open","ping_status":"open","sticky":false,"template":"","format":"standard","meta":{"om_disable_all_campaigns":false,"_monsterinsights_skip_tracking":false,"_monsterinsights_sitenote_active":false,"_monsterinsights_sitenote_note":"","_monsterinsights_sitenote_category":0,"_uf_show_specific_survey":0,"_uf_disable_surveys":false,"footnotes":""},"categories":[2],"tags":[],"class_list":["post-11599","post","type-post","status-publish","format-standard","has-post-thumbnail","hentry","category-not_mpal"],"aioseo_notices":[],"_links":{"self":[{"href":"https:\/\/www.mpal.mp.br\/index.php?rest_route=\/wp\/v2\/posts\/11599","targetHints":{"allow":["GET"]}}],"collection":[{"href":"https:\/\/www.mpal.mp.br\/index.php?rest_route=\/wp\/v2\/posts"}],"about":[{"href":"https:\/\/www.mpal.mp.br\/index.php?rest_route=\/wp\/v2\/types\/post"}],"author":[{"embeddable":true,"href":"https:\/\/www.mpal.mp.br\/index.php?rest_route=\/wp\/v2\/users\/5"}],"replies":[{"embeddable":true,"href":"https:\/\/www.mpal.mp.br\/index.php?rest_route=%2Fwp%2Fv2%2Fcomments&post=11599"}],"version-history":[{"count":1,"href":"https:\/\/www.mpal.mp.br\/index.php?rest_route=\/wp\/v2\/posts\/11599\/revisions"}],"predecessor-version":[{"id":11601,"href":"https:\/\/www.mpal.mp.br\/index.php?rest_route=\/wp\/v2\/posts\/11599\/revisions\/11601"}],"wp:featuredmedia":[{"embeddable":true,"href":"https:\/\/www.mpal.mp.br\/index.php?rest_route=\/wp\/v2\/media\/11600"}],"wp:attachment":[{"href":"https:\/\/www.mpal.mp.br\/index.php?rest_route=%2Fwp%2Fv2%2Fmedia&parent=11599"}],"wp:term":[{"taxonomy":"category","embeddable":true,"href":"https:\/\/www.mpal.mp.br\/index.php?rest_route=%2Fwp%2Fv2%2Fcategories&post=11599"},{"taxonomy":"post_tag","embeddable":true,"href":"https:\/\/www.mpal.mp.br\/index.php?rest_route=%2Fwp%2Fv2%2Ftags&post=11599"}],"curies":[{"name":"wp","href":"https:\/\/api.w.org\/{rel}","templated":true}]}}