{"id":11542,"date":"2016-05-31T10:02:01","date_gmt":"2016-05-31T13:02:01","guid":{"rendered":"https:\/\/www.mpal.mp.br\/?p=11542"},"modified":"2022-07-08T10:04:29","modified_gmt":"2022-07-08T13:04:29","slug":"promotoria-de-justica-instaura-icp-para-apurar-violacao-de-direitos-em-sistema-socioeducativo","status":"publish","type":"post","link":"https:\/\/www.mpal.mp.br\/?p=11542","title":{"rendered":"Promotoria de Justi\u00e7a instaura ICP para apurar viola\u00e7\u00e3o de direitos em sistema socioeducativo"},"content":{"rendered":"<p style=\"text-align: justify;\"><span style=\"font-size: 14pt;\">A 12\u00aa Promotoria de Justi\u00e7a da Capital (Inf\u00e2ncia e Juventude) instaurou inqu\u00e9rito civil p\u00fablico para apurar suposta ocorr\u00eancia de danos morais coletivos em desfavor dos internos, por for\u00e7a de reiterada deprecia\u00e7\u00e3o \u00e0 sua dignidade. A unidade do Minist\u00e9rio P\u00fablico do Estado de Alagoas (MPE\/AL) oficializou, nesta ter\u00e7a-feira (31), o procedimento no Di\u00e1rio Oficial do Estado, que atende o pedido da Defensoria P\u00fablica do Estado de Alagoas.<\/span><\/p>\n<p style=\"text-align: justify;\"><span style=\"font-size: 14pt;\">O MPE\/AL tamb\u00e9m investigar\u00e1 a legalidade da exist\u00eancia e do funcionamento do Grupo de Opera\u00e7\u00f5es da Assist\u00eancia Socioeducativa (Goase) e suposta pr\u00e1tica de atos de improbidade administrativa por parte do agrupamento e de agentes do Sistema Socioeducativo, que teriam atentado contra a dignidade dos internos.<\/span><\/p>\n<p style=\"text-align: justify;\"><span style=\"font-size: 14pt;\">Para dar andamento ao inqu\u00e9rito, o promotor de Justi\u00e7a Humberto Pimentel Costa requisitar\u00e1 informa\u00e7\u00f5es sobre o Goase \u00e0 Superintend\u00eancia de Medidas Socioeducativas, integrante da Secretaria de Estado de Preven\u00e7\u00e3o \u00e0 Viol\u00eancia.<\/span><\/p>\n<p style=\"text-align: justify;\"><span style=\"font-size: 14pt;\">O representante do MPE\/AL tamb\u00e9m far\u00e1 a oitiva de adolescentes, jovens e agentes p\u00fablicos citados no requerimento da Defensoria P\u00fablica. A depender dos fatos apurados, a Promotoria de Justi\u00e7a pode demandar o ajuizamento de a\u00e7\u00e3o contra ao Estado de Alagoas.<\/span><\/p>\n<p style=\"text-align: justify;\"><span style=\"font-size: 14pt;\">A unidade ministerial tem atribui\u00e7\u00f5es judiciais e extrajudiciais relativas \u00e0 execu\u00e7\u00e3o de medidas socioeducativas e quest\u00f5es relacionadas ao funcionamento e \u00e0 fiscaliza\u00e7\u00e3o das unidades socioeducativas da Capital.<\/span><\/p>\n","protected":false},"excerpt":{"rendered":"<p> [&hellip;]<\/p>\n","protected":false},"author":4,"featured_media":11538,"comment_status":"open","ping_status":"open","sticky":false,"template":"","format":"standard","meta":{"om_disable_all_campaigns":false,"_monsterinsights_skip_tracking":false,"_monsterinsights_sitenote_active":false,"_monsterinsights_sitenote_note":"","_monsterinsights_sitenote_category":0,"_uf_show_specific_survey":0,"_uf_disable_surveys":false,"footnotes":""},"categories":[2],"tags":[],"class_list":["post-11542","post","type-post","status-publish","format-standard","has-post-thumbnail","hentry","category-not_mpal"],"aioseo_notices":[],"_links":{"self":[{"href":"https:\/\/www.mpal.mp.br\/index.php?rest_route=\/wp\/v2\/posts\/11542","targetHints":{"allow":["GET"]}}],"collection":[{"href":"https:\/\/www.mpal.mp.br\/index.php?rest_route=\/wp\/v2\/posts"}],"about":[{"href":"https:\/\/www.mpal.mp.br\/index.php?rest_route=\/wp\/v2\/types\/post"}],"author":[{"embeddable":true,"href":"https:\/\/www.mpal.mp.br\/index.php?rest_route=\/wp\/v2\/users\/4"}],"replies":[{"embeddable":true,"href":"https:\/\/www.mpal.mp.br\/index.php?rest_route=%2Fwp%2Fv2%2Fcomments&post=11542"}],"version-history":[{"count":1,"href":"https:\/\/www.mpal.mp.br\/index.php?rest_route=\/wp\/v2\/posts\/11542\/revisions"}],"predecessor-version":[{"id":11544,"href":"https:\/\/www.mpal.mp.br\/index.php?rest_route=\/wp\/v2\/posts\/11542\/revisions\/11544"}],"wp:featuredmedia":[{"embeddable":true,"href":"https:\/\/www.mpal.mp.br\/index.php?rest_route=\/wp\/v2\/media\/11538"}],"wp:attachment":[{"href":"https:\/\/www.mpal.mp.br\/index.php?rest_route=%2Fwp%2Fv2%2Fmedia&parent=11542"}],"wp:term":[{"taxonomy":"category","embeddable":true,"href":"https:\/\/www.mpal.mp.br\/index.php?rest_route=%2Fwp%2Fv2%2Fcategories&post=11542"},{"taxonomy":"post_tag","embeddable":true,"href":"https:\/\/www.mpal.mp.br\/index.php?rest_route=%2Fwp%2Fv2%2Ftags&post=11542"}],"curies":[{"name":"wp","href":"https:\/\/api.w.org\/{rel}","templated":true}]}}