{"id":11533,"date":"2016-06-15T09:59:21","date_gmt":"2016-06-15T12:59:21","guid":{"rendered":"https:\/\/www.mpal.mp.br\/?p=11533"},"modified":"2022-07-08T10:01:56","modified_gmt":"2022-07-08T13:01:56","slug":"por-desrespeito-a-direitos-de-socioeducandos-12a-promotoria-de-justica-da-capital-recomenda-extincao-de-goase","status":"publish","type":"post","link":"https:\/\/www.mpal.mp.br\/?p=11533","title":{"rendered":"Por desrespeito a direitos de socioeducandos, 12\u00aa Promotoria de Justi\u00e7a da Capital recomenda extin\u00e7\u00e3o de Goase"},"content":{"rendered":"<p style=\"text-align: justify;\"><span style=\"font-size: 14pt;\">O Minist\u00e9rio P\u00fablico do Estado de Alagoas (MPE\/AL), por meio 12\u00aa Promotoria de Justi\u00e7a da Capital, recomendou, nesta ter\u00e7a-feira (14), ao secret\u00e1rio de Estado de Preven\u00e7\u00e3o \u00e0 Viol\u00eancia, Jardel Aderico, a extin\u00e7\u00e3o imediata do Grupamento Operacional de Agentes Socioeducativos (Goase). O grupo j\u00e1 era alvo de um inqu\u00e9rito civil p\u00fablico, que tinha como um dos objetivos investigar a legalidade da exist\u00eancia e do funcionamento dele.<\/span><\/p>\n<p style=\"text-align: justify;\"><span style=\"font-size: 14pt;\">A investiga\u00e7\u00e3o teve in\u00edcio ap\u00f3s o MPE\/AL receber uma grande quantidade de den\u00fancias que apontavam abusos em desfavor de adolescentes e jovens adultos internos em unidades socioeducativas, perpetrados por integrantes do Goase. Juntos com os dados e documentos fornecidos pela Superintend\u00eancia de Medidas Socioeducativas (Sumese), os relatos convenceram o promotor de Justi\u00e7a Humberto Pimentel de que a atua\u00e7\u00e3o do grupo \u00e9 incompat\u00edvel com os direitos dos socioeducandos.<\/span><\/p>\n<p style=\"text-align: justify;\"><span style=\"font-size: 14pt;\">\u201cCom efeito, o Goase possui g\u00eanese e filosofia de atua\u00e7\u00e3o inspirados na pr\u00e1tica do sistema prisional, adotando inclusive rotinas que, mesmo no sistema prisional, s\u00e3o ofensivas \u00e0 dignidade da pessoa humana. As unidades de interna\u00e7\u00e3o de adolescentes e jovens adultos privados de liberdade devem se parecer com escolas ou col\u00e9gios internos, n\u00e3o com pres\u00eddios\u201d, disse o promotor de Justi\u00e7a na recomenda\u00e7\u00e3o.<\/span><\/p>\n<p style=\"text-align: justify;\"><span style=\"font-size: 14pt;\">Para o membro do MPE\/AL, o grupamento seria intoler\u00e1vel at\u00e9 mesmo em pres\u00eddios, uma vez que \u00e9 formado por agentes p\u00fablicos com v\u00ednculo prec\u00e1rio, sem qualifica\u00e7\u00e3o m\u00ednima em sede de direitos humanos e cidadania. Ele tamb\u00e9m criticou o fato dos integrantes do Goase utilizarem roupas camufladas e balaclavas e portarem ostensivamente armas brancas. Segundo o titular da 12\u00aa Promotoria de Justi\u00e7a da Capital, h\u00e1 relatos de que alguns portam, veladamente, armas de fogo.<\/span><\/p>\n<p style=\"text-align: justify;\"><span style=\"font-size: 14pt;\"><strong>Preju\u00edzo \u00e0 socioeduca\u00e7\u00e3o<\/strong><\/span><\/p>\n<p style=\"text-align: justify;\"><span style=\"font-size: 14pt;\">De acordo com o texto da recomenda\u00e7\u00e3o, \u201cum grupamento da natureza do Goase apenas aumenta a tens\u00e3o que j\u00e1 existe nas unidades de interna\u00e7\u00e3o de adolescentes e jovens adultos privados de liberdade, trazendo grande preju\u00edzo ao esfor\u00e7o socioeducativo (de educar para viver em sociedade, pois s\u00e3o pessoas em fase de desenvolvimento e que praticaram atos infracionais na condi\u00e7\u00e3o de inimput\u00e1veis)\u201d.<\/span><\/p>\n<p style=\"text-align: justify;\"><span style=\"font-size: 14pt;\">O Minist\u00e9rio P\u00fablico Estadual tamb\u00e9m recomendou o remanejamento interno do pessoal do Goase e a ado\u00e7\u00e3o de medidas que garantam que o referido grupamento n\u00e3o seja substitu\u00eddo por outro com nome distinto e que seu modus operandi n\u00e3o mais seja adotado por qualquer agente p\u00fablico.<\/span><\/p>\n<p style=\"text-align: justify;\"><span style=\"font-size: 14pt;\">A 12\u00aa Promotoria de Justi\u00e7a da Capital, que atua junto ao sistema socioeducativo, instaurou inqu\u00e9rito civil p\u00fablico no dia 31 de maio para apurar suposta ocorr\u00eancia de danos morais coletivos em desfavor dos internos, por for\u00e7a de reiterada deprecia\u00e7\u00e3o \u00e0 sua dignidade.<\/span><\/p>\n","protected":false},"excerpt":{"rendered":"<p> [&hellip;]<\/p>\n","protected":false},"author":4,"featured_media":11538,"comment_status":"open","ping_status":"open","sticky":false,"template":"","format":"standard","meta":{"om_disable_all_campaigns":false,"_monsterinsights_skip_tracking":false,"_monsterinsights_sitenote_active":false,"_monsterinsights_sitenote_note":"","_monsterinsights_sitenote_category":0,"_uf_show_specific_survey":0,"_uf_disable_surveys":false,"footnotes":""},"categories":[2],"tags":[],"class_list":["post-11533","post","type-post","status-publish","format-standard","has-post-thumbnail","hentry","category-not_mpal"],"aioseo_notices":[],"_links":{"self":[{"href":"https:\/\/www.mpal.mp.br\/index.php?rest_route=\/wp\/v2\/posts\/11533","targetHints":{"allow":["GET"]}}],"collection":[{"href":"https:\/\/www.mpal.mp.br\/index.php?rest_route=\/wp\/v2\/posts"}],"about":[{"href":"https:\/\/www.mpal.mp.br\/index.php?rest_route=\/wp\/v2\/types\/post"}],"author":[{"embeddable":true,"href":"https:\/\/www.mpal.mp.br\/index.php?rest_route=\/wp\/v2\/users\/4"}],"replies":[{"embeddable":true,"href":"https:\/\/www.mpal.mp.br\/index.php?rest_route=%2Fwp%2Fv2%2Fcomments&post=11533"}],"version-history":[{"count":1,"href":"https:\/\/www.mpal.mp.br\/index.php?rest_route=\/wp\/v2\/posts\/11533\/revisions"}],"predecessor-version":[{"id":11540,"href":"https:\/\/www.mpal.mp.br\/index.php?rest_route=\/wp\/v2\/posts\/11533\/revisions\/11540"}],"wp:featuredmedia":[{"embeddable":true,"href":"https:\/\/www.mpal.mp.br\/index.php?rest_route=\/wp\/v2\/media\/11538"}],"wp:attachment":[{"href":"https:\/\/www.mpal.mp.br\/index.php?rest_route=%2Fwp%2Fv2%2Fmedia&parent=11533"}],"wp:term":[{"taxonomy":"category","embeddable":true,"href":"https:\/\/www.mpal.mp.br\/index.php?rest_route=%2Fwp%2Fv2%2Fcategories&post=11533"},{"taxonomy":"post_tag","embeddable":true,"href":"https:\/\/www.mpal.mp.br\/index.php?rest_route=%2Fwp%2Fv2%2Ftags&post=11533"}],"curies":[{"name":"wp","href":"https:\/\/api.w.org\/{rel}","templated":true}]}}