{"id":11528,"date":"2016-07-20T09:55:27","date_gmt":"2016-07-20T12:55:27","guid":{"rendered":"https:\/\/www.mpal.mp.br\/?p=11528"},"modified":"2022-07-08T09:59:16","modified_gmt":"2022-07-08T12:59:16","slug":"sob-comando-do-mpe-al-empresarios-e-poder-publico-apontam-formas-de-combater-consumo-de-bebidas-alcoolicas-por-menores","status":"publish","type":"post","link":"https:\/\/www.mpal.mp.br\/?p=11528","title":{"rendered":"Sob comando do MPE\/AL, empres\u00e1rios e poder p\u00fablico apontam formas de combater consumo de bebidas alco\u00f3licas por menores"},"content":{"rendered":"<p style=\"text-align: justify;\"><span style=\"font-size: 14pt;\">A promotora de Justi\u00e7a Alexandra Beurlen facilitou, nesta quarta-feira (20), uma audi\u00eancia p\u00fablica com representantes da sociedade civil organizada e poder p\u00fablico para discutir a melhor forma de garantir o cumprimento da Portaria n\u00ba 01\/2016, expedida pela 28\u00aa Vara C\u00edvel da Capital (Inf\u00e2ncia e Juventude) em abril. A norma disciplina a fiscaliza\u00e7\u00e3o, a apura\u00e7\u00e3o de responsabilidades e aplica\u00e7\u00e3o de san\u00e7\u00f5es administrativas pelo fornecimento de bebida alco\u00f3lica, tabaco ou outras subst\u00e2ncias proibidas a crian\u00e7as e adolescentes.<\/span><\/p>\n<p style=\"text-align: justify;\"><span style=\"font-size: 14pt;\">Atenta \u00e0s manifesta\u00e7\u00f5es dos presentes, a titular da 11\u00aa Promotoria de Justi\u00e7a da Capital considerou as sugest\u00f5es dos empres\u00e1rios e comerciantes, bem como as dos agentes de fiscaliza\u00e7\u00e3o. Alexandra Beurlen pedir\u00e1 \u00e0 Pol\u00edcia Militar um atendimento mais r\u00e1pido das ocorr\u00eancias que envolvam menores nos estabelecimentos, bem como solicitar\u00e1 \u00e0 Secretaria de Estado de Preven\u00e7\u00e3o \u00e0 Viol\u00eancia (SEPREV) uma campanha publicit\u00e1ria preventiva contra o consumo de bebidas alco\u00f3licas por menores.<\/span><\/p>\n<p style=\"text-align: justify;\"><span style=\"font-size: 14pt;\">\u201cMacei\u00f3 est\u00e1 entre as tr\u00eas capitais mais violentas do pa\u00eds. \u00c9 dever do Minist\u00e9rio P\u00fablico Estadual e do Poder Judici\u00e1rio adotar medidas que diminua um dos fatores geradores dessa viol\u00eancia, que \u00e9 o acesso de bebida por menores, ao mesmo tempo em que protegemos nossas crian\u00e7as e adolescentes do consumo de \u00e1lcool cada vez mais precoce\u201d, destacou a promotora de Justi\u00e7a.<\/span><\/p>\n<p style=\"text-align: justify;\"><span style=\"font-size: 14pt;\">Para a representante da Secretaria, Esvalda Bittencourt a portaria foi uma grande avan\u00e7o no combate ao il\u00edcito. \u201cEm termos legais, a medida vai ao encontro do Estatuto da Crian\u00e7a e do Adolescente e da legisla\u00e7\u00e3o federal, de modo a contribuir no nosso trabalho de fiscaliza\u00e7\u00e3o porque compartilha responsabilidades com setores da sociedade civil. Os resultados do trabalho de preven\u00e7\u00e3o n\u00e3o ocorrem do dia para a noite. Eles ocorrem a m\u00e9dio e longo prazo, principalmente diante da cultura local, que \u00e9 de incentivar o jovem a beber desde cedo\u201d, disse.<\/span><\/p>\n<p style=\"text-align: justify;\"><span style=\"font-size: 14pt;\"><strong>Colabora\u00e7\u00e3o dos empres\u00e1rios<\/strong><\/span><\/p>\n<p style=\"text-align: justify;\"><span style=\"font-size: 14pt;\">V\u00e1lida h\u00e1 tr\u00eas meses, o cumprimento da portaria j\u00e1 gerou autua\u00e7\u00f5es em diversos estabelecimentos de Macei\u00f3. Os empres\u00e1rios e comerciantes aceitam colaborar na fiscaliza\u00e7\u00e3o do acesso de bebidas alco\u00f3licas a menores, mas defendem maior resguardo legal na portaria, principalmente depois que a crian\u00e7a ou o adolescente j\u00e1 se encontra consumindo o produto, mesmo que por meio de um adulto.<\/span><\/p>\n<p style=\"text-align: justify;\"><span style=\"font-size: 14pt;\">\u201c\u00c9 preciso que se deixe bem claro de quem \u00e9 a responsabilidade e de como podemos ajudar\u201d, destacou o representante da Associa\u00e7\u00e3o Brasileira de Bares e Restaurantes (Abrasel) em Alagoas, Thiago Falc\u00e3o. Tal como os demais presentes da sociedade civil organizada, a entidade defende uma maior participa\u00e7\u00e3o dos \u00f3rg\u00e3os p\u00fablicos na ado\u00e7\u00e3o de medidas preventivas e ostensivas na coibi\u00e7\u00e3o da pr\u00e1tica ilegal.<\/span><\/p>\n<p style=\"text-align: justify;\"><span style=\"font-size: 14pt;\">Durante a audi\u00eancia, tamb\u00e9m foi consenso a necessidade de se criar um protocolo de condutas a serem adotadas pelo estabelecimento comercial para garantir maior resguardo legal ao empresariado antes da abordagem aos clientes. Tal manual dever\u00e1 ficar pronto at\u00e9 agosto, quando a Vara da Inf\u00e2ncia e da Juventude voltar\u00e1 a contar com o magistrado competente.<\/span><\/p>\n","protected":false},"excerpt":{"rendered":"<p> [&hellip;]<\/p>\n","protected":false},"author":4,"featured_media":11529,"comment_status":"open","ping_status":"open","sticky":false,"template":"","format":"standard","meta":{"om_disable_all_campaigns":false,"_monsterinsights_skip_tracking":false,"_monsterinsights_sitenote_active":false,"_monsterinsights_sitenote_note":"","_monsterinsights_sitenote_category":0,"_uf_show_specific_survey":0,"_uf_disable_surveys":false,"footnotes":""},"categories":[2],"tags":[],"class_list":["post-11528","post","type-post","status-publish","format-standard","has-post-thumbnail","hentry","category-not_mpal"],"aioseo_notices":[],"_links":{"self":[{"href":"https:\/\/www.mpal.mp.br\/index.php?rest_route=\/wp\/v2\/posts\/11528","targetHints":{"allow":["GET"]}}],"collection":[{"href":"https:\/\/www.mpal.mp.br\/index.php?rest_route=\/wp\/v2\/posts"}],"about":[{"href":"https:\/\/www.mpal.mp.br\/index.php?rest_route=\/wp\/v2\/types\/post"}],"author":[{"embeddable":true,"href":"https:\/\/www.mpal.mp.br\/index.php?rest_route=\/wp\/v2\/users\/4"}],"replies":[{"embeddable":true,"href":"https:\/\/www.mpal.mp.br\/index.php?rest_route=%2Fwp%2Fv2%2Fcomments&post=11528"}],"version-history":[{"count":1,"href":"https:\/\/www.mpal.mp.br\/index.php?rest_route=\/wp\/v2\/posts\/11528\/revisions"}],"predecessor-version":[{"id":11530,"href":"https:\/\/www.mpal.mp.br\/index.php?rest_route=\/wp\/v2\/posts\/11528\/revisions\/11530"}],"wp:featuredmedia":[{"embeddable":true,"href":"https:\/\/www.mpal.mp.br\/index.php?rest_route=\/wp\/v2\/media\/11529"}],"wp:attachment":[{"href":"https:\/\/www.mpal.mp.br\/index.php?rest_route=%2Fwp%2Fv2%2Fmedia&parent=11528"}],"wp:term":[{"taxonomy":"category","embeddable":true,"href":"https:\/\/www.mpal.mp.br\/index.php?rest_route=%2Fwp%2Fv2%2Fcategories&post=11528"},{"taxonomy":"post_tag","embeddable":true,"href":"https:\/\/www.mpal.mp.br\/index.php?rest_route=%2Fwp%2Fv2%2Ftags&post=11528"}],"curies":[{"name":"wp","href":"https:\/\/api.w.org\/{rel}","templated":true}]}}