{"id":11523,"date":"2016-08-24T09:51:23","date_gmt":"2016-08-24T12:51:23","guid":{"rendered":"https:\/\/www.mpal.mp.br\/?p=11523"},"modified":"2022-07-08T09:55:22","modified_gmt":"2022-07-08T12:55:22","slug":"campanha-com-crianca-nao-se-brinca-e-levada-a-oficina-que-discutiu-o-enfrentamento-a-violencia-sexual-infanto-juvenil","status":"publish","type":"post","link":"https:\/\/www.mpal.mp.br\/?p=11523","title":{"rendered":"Campanha \u201cCom crian\u00e7a n\u00e3o se brinca\u201d \u00e9 levada \u00e0 oficina que discutiu o enfrentamento a viol\u00eancia sexual infanto-juvenil"},"content":{"rendered":"<p style=\"text-align: justify;\"><span style=\"font-size: 14pt;\">O Minist\u00e9rio P\u00fablico Estadual de Alagoas (MPE\/AL) participou, recentemente, da oficina \u201cPactua\u00e7\u00e3o e Revis\u00e3o do Plano Estadual de Enfrentamento a Viol\u00eancia Sexual contra Crian\u00e7as e Adolescentes\u201d. Na ocasi\u00e3o, a 59\u00ba Promotoria de Justi\u00e7a da Capital falou sobre a campanha \u201cCom crian\u00e7a n\u00e3o se brinca\u201d, criada pela institui\u00e7\u00e3o em 2014 com a finalidade de combater a explora\u00e7\u00e3o sexual infanto-juvenil. No encontro, o Estado aproveitou a oportunidade para mostrar os dados relativos a esse tipo de viol\u00eancia e confirmou uma realidade nada animadora: esses n\u00fameros continuam assustando.<\/span><\/p>\n<p style=\"text-align: justify;\"><span style=\"font-size: 14pt;\">Foi a promotora de Justi\u00e7a Dalva Ten\u00f3rio quem falou sobre a campanha \u201cCom crian\u00e7a n\u00e3o se brinca\u201d. Idealizadora do projeto, ela fez uma explana\u00e7\u00e3o sobre o trabalho desenvolvido em canteiros de obras, escolas p\u00fablicas e privadas e comunidades de v\u00e1rios bairros de Macei\u00f3 e ressaltou a import\u00e2ncia da parceria firmada com a Ademi\/AL, o Sinduscon\/AL, e o Sesi para que a iniciativa pudesse alcan\u00e7ar centenas de pessoas.<\/span><\/p>\n<p style=\"text-align: justify;\"><span style=\"font-size: 14pt;\">\u201cPudemos falar sobre o car\u00e1ter pedag\u00f3gico da nossa campanha, relatar alguns casos, sem, claro, exp\u00f4r as v\u00edtimas, e mostrar como esse tipo de viol\u00eancia sexual vitimiza e traumatiza a inf\u00e2ncia e a juventude alagoana\u201d, explicou Dalva Ten\u00f3rio.<\/span><\/p>\n<p style=\"text-align: justify;\"><span style=\"font-size: 14pt;\">O evento foi promovido pelo Centro de Defesa dos Direitos da Crian\u00e7a e do Adolescente do Rio de Janeiro (Cedeca\/RJ) em parceria com a Rede ECPAT Brasil e o Comit\u00ea Nacional de Enfrentamento \u00e0 Viol\u00eancia Sexual de Crian\u00e7as e Adolescentes. E para ser realizado aqui em Alagoas, ele contou com o apoio do Conselho Nacional dos Direitos da Crian\u00e7a e do Adolescente (Conanda) e da Secretaria Especial de Direitos Humanos do Minist\u00e9rio das Mulheres, da Igualdade Racial e dos Direitos Humanos. V\u00e1rias capitais do Brasil receberam a mesma atividade.<\/span><\/p>\n<p style=\"text-align: justify;\"><span style=\"font-size: 14pt;\"><strong>As estat\u00edsticas<\/strong><\/span><\/p>\n<p style=\"text-align: justify;\"><span style=\"font-size: 14pt;\">Durante a oficina foram expostas estat\u00edsticas extra\u00eddas do Sistema Eletr\u00f4nico Policial\u00a0 (Sispol) sobre a viol\u00eancia sexual contra crian\u00e7as e adolescentes em Macei\u00f3 e no interior. Ainda que as autoridades tenham destacado a import\u00e2ncia da campanha \u201cCom crian\u00e7a n\u00e3o se brinca\u201d, as estat\u00edsticas mostraram n\u00fameros que ainda preocupam o Minist\u00e9rio P\u00fablico. \u201c\u00c9 claro que o nosso trabalho j\u00e1 nos permitiu colher frutos positivos, por\u00e9m, infelizmente, os dados ainda s\u00e3o altos e chamam aten\u00e7\u00e3o para a import\u00e2ncia da continuidade das a\u00e7\u00f5es de combate e conscientiza\u00e7\u00e3o\u201d, destacou a promotora de Justi\u00e7a Dalva Ten\u00f3rio.<\/span><\/p>\n<p style=\"text-align: justify;\"><span style=\"font-size: 14pt;\">Pelos n\u00fameros apresentados, em 2015 foram registrados 351 casos de estupro de vulner\u00e1vel em todo estado, uma m\u00e9dia de 29 por m\u00eas. J\u00e1 em 2016, at\u00e9 o \u00faltimo dia 10, 185 casos haviam sido computados, tendo sido 128 no interior. E dentre todas as situa\u00e7\u00f5es, a viol\u00eancia sexual praticada contra menores de 14 anos atingiu, em m\u00e9dia, 15 v\u00edtimas mensalmente.<\/span><\/p>\n<p style=\"text-align: justify;\"><span style=\"font-size: 14pt;\">O crime de estupro de vulner\u00e1vel est\u00e1 tipificado no artigo 217-A do C\u00f3digo Penal, que define que ter conjun\u00e7\u00e3o carnal ou praticar outro ato libidinoso com menor de 14 (quatorze) anos implica em pena de reclus\u00e3o, de 8 (oito) a 15 (quinze) anos.<\/span><\/p>\n","protected":false},"excerpt":{"rendered":"<p> [&hellip;]<\/p>\n","protected":false},"author":4,"featured_media":11525,"comment_status":"open","ping_status":"open","sticky":false,"template":"","format":"standard","meta":{"om_disable_all_campaigns":false,"_monsterinsights_skip_tracking":false,"_monsterinsights_sitenote_active":false,"_monsterinsights_sitenote_note":"","_monsterinsights_sitenote_category":0,"_uf_show_specific_survey":0,"_uf_disable_surveys":false,"footnotes":""},"categories":[2],"tags":[],"class_list":["post-11523","post","type-post","status-publish","format-standard","has-post-thumbnail","hentry","category-not_mpal"],"aioseo_notices":[],"_links":{"self":[{"href":"https:\/\/www.mpal.mp.br\/index.php?rest_route=\/wp\/v2\/posts\/11523","targetHints":{"allow":["GET"]}}],"collection":[{"href":"https:\/\/www.mpal.mp.br\/index.php?rest_route=\/wp\/v2\/posts"}],"about":[{"href":"https:\/\/www.mpal.mp.br\/index.php?rest_route=\/wp\/v2\/types\/post"}],"author":[{"embeddable":true,"href":"https:\/\/www.mpal.mp.br\/index.php?rest_route=\/wp\/v2\/users\/4"}],"replies":[{"embeddable":true,"href":"https:\/\/www.mpal.mp.br\/index.php?rest_route=%2Fwp%2Fv2%2Fcomments&post=11523"}],"version-history":[{"count":1,"href":"https:\/\/www.mpal.mp.br\/index.php?rest_route=\/wp\/v2\/posts\/11523\/revisions"}],"predecessor-version":[{"id":11527,"href":"https:\/\/www.mpal.mp.br\/index.php?rest_route=\/wp\/v2\/posts\/11523\/revisions\/11527"}],"wp:featuredmedia":[{"embeddable":true,"href":"https:\/\/www.mpal.mp.br\/index.php?rest_route=\/wp\/v2\/media\/11525"}],"wp:attachment":[{"href":"https:\/\/www.mpal.mp.br\/index.php?rest_route=%2Fwp%2Fv2%2Fmedia&parent=11523"}],"wp:term":[{"taxonomy":"category","embeddable":true,"href":"https:\/\/www.mpal.mp.br\/index.php?rest_route=%2Fwp%2Fv2%2Fcategories&post=11523"},{"taxonomy":"post_tag","embeddable":true,"href":"https:\/\/www.mpal.mp.br\/index.php?rest_route=%2Fwp%2Fv2%2Ftags&post=11523"}],"curies":[{"name":"wp","href":"https:\/\/api.w.org\/{rel}","templated":true}]}}