{"id":11508,"date":"2016-10-10T09:37:54","date_gmt":"2016-10-10T12:37:54","guid":{"rendered":"https:\/\/www.mpal.mp.br\/?p=11508"},"modified":"2022-07-08T09:40:48","modified_gmt":"2022-07-08T12:40:48","slug":"coordenado-pelo-mpe-al-forum-debate-melhorias-em-servicos-publicos-do-conjunto-denisson-menezes","status":"publish","type":"post","link":"https:\/\/www.mpal.mp.br\/?p=11508","title":{"rendered":"Coordenado pelo MPE\/AL, F\u00f3rum debate melhorias em servi\u00e7os p\u00fablicos do Conjunto Denisson Menezes"},"content":{"rendered":"<p style=\"text-align: justify;\"><span style=\"font-size: 14pt;\">O F\u00f3rum de Combate e Preven\u00e7\u00e3o ao Consumo de \u00c1lcool, Tabaco e Outras Drogas por Crian\u00e7as, Adolescentes, Gestantes e Nutrizes, uma iniciativa coordenada pelo Minist\u00e9rio P\u00fablico Estadual de Alagoas (MPE\/AL), realizou nova reuni\u00e3o dos seus integrantes. O encontro ocorreu na quinta-feira passada,\u00a0no audit\u00f3rio da Procuradoria Geral de Justi\u00e7a.<\/span><\/p>\n<p style=\"text-align: justify;\"><span style=\"font-size: 14pt;\">No encontro, os presentes discutiram os problemas dos equipamentos sociais no Conjunto Denisson Menezes, no bairro Cidade Universit\u00e1ria, que costumam ser alvos de reclama\u00e7\u00f5es dos moradores locais. Servidores p\u00fablicos de v\u00e1rios \u00f3rg\u00e3os respons\u00e1veis por atender a comunidade relataram \u00e0s promotoras de Justi\u00e7a Alexandra Beurlen e Micheline Ten\u00f3rio as quest\u00f5es que atrapalham a presta\u00e7\u00e3o de servi\u00e7os no local.<\/span><\/p>\n<p style=\"text-align: justify;\"><span style=\"font-size: 14pt;\">Segundo Alexandra Beurlen, titular da 11\u00aa Promotoria de Justi\u00e7a da Capital, algumas quest\u00f5es j\u00e1 tiveram encaminhamento, pois precisavam apenas de ajustes na articula\u00e7\u00e3o da rede de atendimento \u00e0 crian\u00e7a e ao adolescente de Macei\u00f3. A reuni\u00e3o, por si s\u00f3, favoreceu o contato entre pessoas de servi\u00e7os diversos para articular a\u00e7\u00f5es conjuntas.<\/span><\/p>\n<p style=\"text-align: justify;\"><span style=\"font-size: 14pt;\">No entanto, outros pontos foram definidos como priorit\u00e1rios e aguardam provid\u00eancias imediatas, a exemplo do retorno da pol\u00edcia comunit\u00e1ria ao Conjunto Residencial e maior frequ\u00eancia no Batalh\u00e3o Escolar da Pol\u00edcia Militar nas escolas, notadamente no hor\u00e1rio noturno.<\/span><\/p>\n<p style=\"text-align: justify;\"><span style=\"font-size: 14pt;\">\u201cQuest\u00f5es como falta de material de consumo, permanente e de trabalho, que impedem a oferta de um servi\u00e7o p\u00fablico de qualidade, bem como a car\u00eancia de profissionais de algumas \u00e1reas, demandar\u00e3o uma atua\u00e7\u00e3o mais complexa e com integra\u00e7\u00e3o de diversas Promotorias\u201d, explicou a promotora de Justi\u00e7a.<\/span><\/p>\n<p style=\"text-align: justify;\"><span style=\"font-size: 14pt;\">A discuss\u00e3o sobre os problemas dos equipamentos sociais do conjunto seguir\u00e1 nas Promotorias de Justi\u00e7a da Inf\u00e2ncia e Juventude, Sa\u00fade e Fazenda Municipal.<\/span><\/p>\n<p style=\"text-align: justify;\"><span style=\"font-size: 14pt;\"><strong>O F\u00f3rum<\/strong><\/span><\/p>\n<p style=\"text-align: justify;\"><span style=\"font-size: 14pt;\">O F\u00f3rum Permanente de Combate e Preven\u00e7\u00e3o ao Consumo de \u00c1lcool, Tabaco e Outras Drogas por crian\u00e7as, adolescentes, gestantes e nutrizes foi lan\u00e7ado no dia 11 de abril de 2016. Ele corresponde a uma for\u00e7a-tarefa coordenada pelo Minist\u00e9rio P\u00fablico do Estado de Alagoas composta por representantes de v\u00e1rias institui\u00e7\u00f5es e entidades da sociedade civil organizada, com o objetivo de propiciar ao p\u00fablico-alvo uma vida mais saud\u00e1vel e sem criminalidade, longe da depend\u00eancia qu\u00edmica.<\/span><\/p>\n<p style=\"text-align: justify;\"><span style=\"font-size: 14pt;\">Al\u00e9m do Minist\u00e9rio P\u00fablico, o Poder Judici\u00e1rio, o Conselho Estadual de Defesa da Crian\u00e7a e do Adolescente, as Secretarias de Estado de Seguran\u00e7a P\u00fablica, Sa\u00fade e Educa\u00e7\u00e3o e as secretarias municipais das mesmas pastas tamb\u00e9m ser\u00e3o integrantes do colegiado.<\/span><\/p>\n<p style=\"text-align: justify;\"><span style=\"font-size: 14pt;\">O Mapa da Viol\u00eancia identificou o Conjunto como uma das localidades de maior n\u00famero de crimes violentos letais e intencionais em Macei\u00f3.<\/span><\/p>\n","protected":false},"excerpt":{"rendered":"<p> [&hellip;]<\/p>\n","protected":false},"author":4,"featured_media":11509,"comment_status":"open","ping_status":"open","sticky":false,"template":"","format":"standard","meta":{"om_disable_all_campaigns":false,"_monsterinsights_skip_tracking":false,"_monsterinsights_sitenote_active":false,"_monsterinsights_sitenote_note":"","_monsterinsights_sitenote_category":0,"_uf_show_specific_survey":0,"_uf_disable_surveys":false,"footnotes":""},"categories":[2],"tags":[],"class_list":["post-11508","post","type-post","status-publish","format-standard","has-post-thumbnail","hentry","category-not_mpal"],"aioseo_notices":[],"_links":{"self":[{"href":"https:\/\/www.mpal.mp.br\/index.php?rest_route=\/wp\/v2\/posts\/11508","targetHints":{"allow":["GET"]}}],"collection":[{"href":"https:\/\/www.mpal.mp.br\/index.php?rest_route=\/wp\/v2\/posts"}],"about":[{"href":"https:\/\/www.mpal.mp.br\/index.php?rest_route=\/wp\/v2\/types\/post"}],"author":[{"embeddable":true,"href":"https:\/\/www.mpal.mp.br\/index.php?rest_route=\/wp\/v2\/users\/4"}],"replies":[{"embeddable":true,"href":"https:\/\/www.mpal.mp.br\/index.php?rest_route=%2Fwp%2Fv2%2Fcomments&post=11508"}],"version-history":[{"count":1,"href":"https:\/\/www.mpal.mp.br\/index.php?rest_route=\/wp\/v2\/posts\/11508\/revisions"}],"predecessor-version":[{"id":11510,"href":"https:\/\/www.mpal.mp.br\/index.php?rest_route=\/wp\/v2\/posts\/11508\/revisions\/11510"}],"wp:featuredmedia":[{"embeddable":true,"href":"https:\/\/www.mpal.mp.br\/index.php?rest_route=\/wp\/v2\/media\/11509"}],"wp:attachment":[{"href":"https:\/\/www.mpal.mp.br\/index.php?rest_route=%2Fwp%2Fv2%2Fmedia&parent=11508"}],"wp:term":[{"taxonomy":"category","embeddable":true,"href":"https:\/\/www.mpal.mp.br\/index.php?rest_route=%2Fwp%2Fv2%2Fcategories&post=11508"},{"taxonomy":"post_tag","embeddable":true,"href":"https:\/\/www.mpal.mp.br\/index.php?rest_route=%2Fwp%2Fv2%2Ftags&post=11508"}],"curies":[{"name":"wp","href":"https:\/\/api.w.org\/{rel}","templated":true}]}}