{"id":11506,"date":"2016-12-07T09:34:50","date_gmt":"2016-12-07T11:34:50","guid":{"rendered":"https:\/\/www.mpal.mp.br\/?p=11506"},"modified":"2022-07-08T09:37:26","modified_gmt":"2022-07-08T12:37:26","slug":"promotoria-de-justica-processa-ex-agentes-socioeducativos-por-tortura-contra-interno","status":"publish","type":"post","link":"https:\/\/www.mpal.mp.br\/?p=11506","title":{"rendered":"Promotoria de Justi\u00e7a processa ex-agentes socioeducativos por tortura contra interno"},"content":{"rendered":"<p style=\"text-align: justify;\"><span style=\"font-size: 14pt;\">A 12\u00aa Promotoria de Justi\u00e7a da Capital, respons\u00e1vel por acompanhar o sistema de socioeduca\u00e7\u00e3o, ajuizou, nesta ter\u00e7a-feira (6), uma a\u00e7\u00e3o civil de responsabilidade por ato de improbidade administrativa em desfavor de tr\u00eas ex-agentes socioeducativos estaduais. Eles teriam torturado o adolescente K.G.S.O. na Unidade de Interna\u00e7\u00e3o Masculina Extens\u00e3o (UIME).<\/span><\/p>\n<p style=\"text-align: justify;\"><span style=\"font-size: 14pt;\">As agress\u00f5es f\u00edsicas ocorreram no dia 9 de setembro de 2015, logo ap\u00f3s apreens\u00e3o do interno, que havia fugido da Unidade de Interna\u00e7\u00e3o Masculina Extens\u00e3o II. Na ocasi\u00e3o da captura, ele foi levado ao Instituto M\u00e9dico Legal para realizar exame de integridade f\u00edsica antes de o encaminharem para a UIME. Ao chegar na unidade, os agentes socioeducativos teriam dito que ele receberia um \u201ctratamento diferente, um tratamento VIP\u201d.<\/span><\/p>\n<p style=\"text-align: justify;\"><span style=\"font-size: 14pt;\">O adolescente narrou que um dos demandados e outros dois monitores, sendo um deles da dire\u00e7\u00e3o, levaram-no para a antiga cozinha do pr\u00e9dio com a finalidade de cortar os cabelos do jovem. No entanto, no ato do corte, os agentes p\u00fablicos usaram \u201cm\u00e1quina zero\u201d na parte anterior da cabe\u00e7a e uma faca para a parte posterior.<\/span><\/p>\n<p style=\"text-align: justify;\"><span style=\"font-size: 14pt;\">Depois do corte de cabelos da v\u00edtima, come\u00e7aram novas agress\u00f5es. Questionado sobre a vermelhid\u00e3o de um dos olhos, o adolescente afirmou que recebeu agress\u00f5es dos agentes. \u201cUm tirou a bota e ficou dando &#8216;capote&#8217; aqui na minha cabe\u00e7a, pegou umas &#8216;tabicas&#8217; ficou dando na minha cabe\u00e7a e na minha cara\u201d, disse o jovem, que tamb\u00e9m sofrera tapas e murros nas costas.<\/span><\/p>\n<p style=\"text-align: justify;\"><span style=\"font-size: 14pt;\">O jovem acredita que a agress\u00f5es ocorreram devido \u00e0 participa\u00e7\u00e3o dele em uma reportagem de um ve\u00edculo de comunica\u00e7\u00e3o, quando afirmara que fugiu porque queria mudar de vida e que estava sendo espancado constantemente.<\/span><\/p>\n<p style=\"text-align: justify;\"><span style=\"font-size: 14pt;\">De acordo com o promotor de Justi\u00e7a Humberto Pimentel, as agress\u00f5es sofridas por K.G.S.O. deram origem \u00e0 apura\u00e7\u00e3o sum\u00e1ria que a Secretaria de Estado de Preven\u00e7\u00e3o \u00e0 Viol\u00eancia instaurou. A investiga\u00e7\u00e3o disciplinar confirmou a tortura sofrida pela v\u00edtima, tendo como autores os demandados. Como resultado da apura\u00e7\u00e3o, dois dos agentes foram desligados do servi\u00e7o p\u00fablico estadual. Na ocasi\u00e3o, o terceiro demandado n\u00e3o mais exercia fun\u00e7\u00e3o nas unidades de interna\u00e7\u00e3o do sistema socioeducativo.<\/span><\/p>\n<p style=\"text-align: justify;\"><span style=\"font-size: 14pt;\">\u201cAnalisando o caso concreto, resta claro que a conduta dos requeridos visava um fim proibido por lei. As a\u00e7\u00f5es praticadas v\u00e3o de encontro aos princ\u00edpios e normas estabelecidos pela norma p\u00e1tria, vez que os agentes do Estado agiram de modo diverso do estabelecido pela norma, passando a figurar como sujeitos ativos de uma infra\u00e7\u00e3o penal e, portanto, atentando contra os princ\u00edpios basilares da administra\u00e7\u00e3o p\u00fablica\u201d, disse o titular da 12\u00aa Promotoria de Justi\u00e7a da Capital.<\/span><\/p>\n<p style=\"text-align: justify;\"><span style=\"font-size: 14pt;\"><strong>Pedido de condena\u00e7\u00e3o<\/strong><\/span><\/p>\n<p style=\"text-align: justify;\"><span style=\"font-size: 14pt;\">O \u00f3rg\u00e3o de execu\u00e7\u00e3o do Minist\u00e9rio P\u00fablico do Estado de Alagoas pede a condena\u00e7\u00e3o dos servidores com a aplica\u00e7\u00e3o das penas previstas pela Constitui\u00e7\u00e3o Federal em seu art. 37, \u00a7 4\u00ba, e indicadas no artigo 12, inciso III, da Lei n\u00ba 8.429\/92, que podem ser aplicadas isolada ou cumulativamente, de acordo com a gravidade da conduta de cada agente, sem preju\u00edzo da a\u00e7\u00e3o penal cab\u00edvel.<\/span><\/p>\n<p style=\"text-align: justify;\"><span style=\"font-size: 14pt;\">Esta \u00e9 a segunda a\u00e7\u00e3o do g\u00eanero proposta pelo Minist\u00e9rio P\u00fablico Estadual contra ex-agentes socioeducativos. O \u00f3rg\u00e3o ministerial informa que mais casos de agress\u00f5es a internos est\u00e3o sendo investigados. Segundo o promotor de Justi\u00e7a, as c\u00f3pias de todos os documentos ser\u00e3o remetidos para a Promotoria de Justi\u00e7a com atribui\u00e7\u00f5es criminais para possibilitar a an\u00e1lise da viabilidade de a\u00e7\u00e3o penal.<\/span><\/p>\n","protected":false},"excerpt":{"rendered":"<p> [&hellip;]<\/p>\n","protected":false},"author":4,"featured_media":7620,"comment_status":"open","ping_status":"open","sticky":false,"template":"","format":"standard","meta":{"om_disable_all_campaigns":false,"_monsterinsights_skip_tracking":false,"_monsterinsights_sitenote_active":false,"_monsterinsights_sitenote_note":"","_monsterinsights_sitenote_category":0,"_uf_show_specific_survey":0,"_uf_disable_surveys":false,"footnotes":""},"categories":[2],"tags":[],"class_list":["post-11506","post","type-post","status-publish","format-standard","has-post-thumbnail","hentry","category-not_mpal"],"aioseo_notices":[],"_links":{"self":[{"href":"https:\/\/www.mpal.mp.br\/index.php?rest_route=\/wp\/v2\/posts\/11506","targetHints":{"allow":["GET"]}}],"collection":[{"href":"https:\/\/www.mpal.mp.br\/index.php?rest_route=\/wp\/v2\/posts"}],"about":[{"href":"https:\/\/www.mpal.mp.br\/index.php?rest_route=\/wp\/v2\/types\/post"}],"author":[{"embeddable":true,"href":"https:\/\/www.mpal.mp.br\/index.php?rest_route=\/wp\/v2\/users\/4"}],"replies":[{"embeddable":true,"href":"https:\/\/www.mpal.mp.br\/index.php?rest_route=%2Fwp%2Fv2%2Fcomments&post=11506"}],"version-history":[{"count":1,"href":"https:\/\/www.mpal.mp.br\/index.php?rest_route=\/wp\/v2\/posts\/11506\/revisions"}],"predecessor-version":[{"id":11507,"href":"https:\/\/www.mpal.mp.br\/index.php?rest_route=\/wp\/v2\/posts\/11506\/revisions\/11507"}],"wp:featuredmedia":[{"embeddable":true,"href":"https:\/\/www.mpal.mp.br\/index.php?rest_route=\/wp\/v2\/media\/7620"}],"wp:attachment":[{"href":"https:\/\/www.mpal.mp.br\/index.php?rest_route=%2Fwp%2Fv2%2Fmedia&parent=11506"}],"wp:term":[{"taxonomy":"category","embeddable":true,"href":"https:\/\/www.mpal.mp.br\/index.php?rest_route=%2Fwp%2Fv2%2Fcategories&post=11506"},{"taxonomy":"post_tag","embeddable":true,"href":"https:\/\/www.mpal.mp.br\/index.php?rest_route=%2Fwp%2Fv2%2Ftags&post=11506"}],"curies":[{"name":"wp","href":"https:\/\/api.w.org\/{rel}","templated":true}]}}