{"id":11459,"date":"2007-04-18T11:52:14","date_gmt":"2007-04-18T14:52:14","guid":{"rendered":"https:\/\/www.mpal.mp.br\/?p=11459"},"modified":"2022-07-07T11:52:44","modified_gmt":"2022-07-07T14:52:44","slug":"comite-estadual-vai-monitorar-acoes-para-prevencao-e-controle-da-tortura","status":"publish","type":"post","link":"https:\/\/www.mpal.mp.br\/?p=11459","title":{"rendered":"Comit\u00ea Estadual vai monitorar a\u00e7\u00f5es para preven\u00e7\u00e3o e controle da tortura"},"content":{"rendered":"<p style=\"text-align: justify;\"><span style=\"font-size: 14pt;\">O Comit\u00ea Estadual de Combate \u00e0 Tortura, instalado ontem no Pal\u00e1cio da Rep\u00fablica dos Palmares, deve definir, at\u00e9 dia 7 de maio, em consulta p\u00fablica, as a\u00e7\u00f5es priorit\u00e1rias para combater o fen\u00f4meno da tortura, que tem sido hist\u00f3rico no pa\u00eds. A promotora de Justi\u00e7a Marcluce Falc\u00e3o, coordenadora do N\u00facleo de Direitos Humanos, representou o Minist\u00e9rio P\u00fablico alagoano na solenidade de lan\u00e7amento do comit\u00ea, conduzida pelo governador Teot\u00f4nio Vilela Filho e pelo ouvidor geral de cidadania da Secretaria Especial dos Direitos Humanos da Presid\u00eancia da Rep\u00fablica, Pedro Montenegro. Confira, em detalhes no link a seguir, Plano de A\u00e7\u00f5es Integradas para Preven\u00e7\u00e3o e Controle da Tortura no Brasil.<\/span><\/p>\n","protected":false},"excerpt":{"rendered":"<p> [&hellip;]<\/p>\n","protected":false},"author":5,"featured_media":11460,"comment_status":"open","ping_status":"open","sticky":false,"template":"","format":"standard","meta":{"om_disable_all_campaigns":false,"_monsterinsights_skip_tracking":false,"_monsterinsights_sitenote_active":false,"_monsterinsights_sitenote_note":"","_monsterinsights_sitenote_category":0,"_uf_show_specific_survey":0,"_uf_disable_surveys":false,"footnotes":""},"categories":[2],"tags":[],"class_list":["post-11459","post","type-post","status-publish","format-standard","has-post-thumbnail","hentry","category-not_mpal"],"aioseo_notices":[],"_links":{"self":[{"href":"https:\/\/www.mpal.mp.br\/index.php?rest_route=\/wp\/v2\/posts\/11459","targetHints":{"allow":["GET"]}}],"collection":[{"href":"https:\/\/www.mpal.mp.br\/index.php?rest_route=\/wp\/v2\/posts"}],"about":[{"href":"https:\/\/www.mpal.mp.br\/index.php?rest_route=\/wp\/v2\/types\/post"}],"author":[{"embeddable":true,"href":"https:\/\/www.mpal.mp.br\/index.php?rest_route=\/wp\/v2\/users\/5"}],"replies":[{"embeddable":true,"href":"https:\/\/www.mpal.mp.br\/index.php?rest_route=%2Fwp%2Fv2%2Fcomments&post=11459"}],"version-history":[{"count":1,"href":"https:\/\/www.mpal.mp.br\/index.php?rest_route=\/wp\/v2\/posts\/11459\/revisions"}],"predecessor-version":[{"id":11461,"href":"https:\/\/www.mpal.mp.br\/index.php?rest_route=\/wp\/v2\/posts\/11459\/revisions\/11461"}],"wp:featuredmedia":[{"embeddable":true,"href":"https:\/\/www.mpal.mp.br\/index.php?rest_route=\/wp\/v2\/media\/11460"}],"wp:attachment":[{"href":"https:\/\/www.mpal.mp.br\/index.php?rest_route=%2Fwp%2Fv2%2Fmedia&parent=11459"}],"wp:term":[{"taxonomy":"category","embeddable":true,"href":"https:\/\/www.mpal.mp.br\/index.php?rest_route=%2Fwp%2Fv2%2Fcategories&post=11459"},{"taxonomy":"post_tag","embeddable":true,"href":"https:\/\/www.mpal.mp.br\/index.php?rest_route=%2Fwp%2Fv2%2Ftags&post=11459"}],"curies":[{"name":"wp","href":"https:\/\/api.w.org\/{rel}","templated":true}]}}