{"id":11451,"date":"2007-04-18T11:50:27","date_gmt":"2007-04-18T14:50:27","guid":{"rendered":"https:\/\/www.mpal.mp.br\/?p=11451"},"modified":"2022-07-07T11:50:56","modified_gmt":"2022-07-07T14:50:56","slug":"liderancas-denunciam-inseguranca-nos-bairros-pobres","status":"publish","type":"post","link":"https:\/\/www.mpal.mp.br\/?p=11451","title":{"rendered":"Lideran\u00e7as denunciam inseguran\u00e7a nos bairros pobres"},"content":{"rendered":"<p style=\"text-align: justify;\"><span style=\"font-size: 14pt;\">A coordenadora do N\u00facleo de Direitos Humanos do Minist\u00e9rio P\u00fablico Estadual, promotora de Justi\u00e7a Marluce Falc\u00e3o, vai encaminhar ao procurador-geral de Justi\u00e7a, Coaracy Fonseca, den\u00fancias de lideran\u00e7as comunit\u00e1rias sobre problemas relacionados \u00e0 falta de seguran\u00e7a nos bairros pobres e da periferia de Macei\u00f3.<\/span><\/p>\n<p style=\"text-align: justify;\"><span style=\"font-size: 14pt;\">\u201cOs l\u00edderes comunit\u00e1rios apresentaram uma pauta de reivindica\u00e7\u00f5es lideran\u00e7as, na \u00faltima quinta-feira, e esse documento vai ser entregue ao nosso procurador-geral de Justi\u00e7a, para ser apresentado na reuni\u00e3o do Gabinete de Gest\u00e3o Integrada (GGI)\u201d, informou Marluce, que recebeu as lideran\u00e7as juntamente com oficiais da Policia Militar de Alagoas, o coronel Edivaldo, do 5\u00ba Batalh\u00e3o; o major Pacheco, do 4\u00ba Batalh\u00e3o; e o major Euclides, do 8\u00ba Batalh\u00e3o.<\/span><\/p>\n<p style=\"text-align: justify;\"><span style=\"font-size: 14pt;\">A constante falta de policiamento nas ruas \u00e9 um dos problemas comuns \u00e0s comunidades. Segundo Jos\u00e9 Fernandes da Silva, lideran\u00e7a do Clima Bom, praticamente n\u00e3o existe policiamento na periferia da cidade. \u201cQuando acontece um fato delituoso, a gente vai \u00e0 delegacia registrar queixa e passa de 3 a 5 horas para receber o boletim de ocorr\u00eancia\u201d, afirma o l\u00edder comunit\u00e1rio. \u201cEssa burocracia dificulta qualquer a\u00e7\u00e3o da pol\u00edcia\u201d, lamenta. O documento<\/span><\/p>\n<p style=\"text-align: justify;\"><span style=\"font-size: 14pt;\">Para a promotora de Justi\u00e7a, uma das sa\u00eddas seria o governo do Estado aumentar o policiamento da capital, convocando parte dos aprovados no concurso da Pol\u00edcia Militar de Alagoas. \u201cO Minist\u00e9rio P\u00fablico Estadual zela pelo bem-estar social de toda a sociedade, por isso est\u00e1 empenhado em encontrar uma solu\u00e7\u00e3o para o problema da viol\u00eancia dessas comunidades\u201d, destacou Marluce.<\/span><\/p>\n","protected":false},"excerpt":{"rendered":"<p> [&hellip;]<\/p>\n","protected":false},"author":5,"featured_media":11452,"comment_status":"open","ping_status":"open","sticky":false,"template":"","format":"standard","meta":{"om_disable_all_campaigns":false,"_monsterinsights_skip_tracking":false,"_monsterinsights_sitenote_active":false,"_monsterinsights_sitenote_note":"","_monsterinsights_sitenote_category":0,"_uf_show_specific_survey":0,"_uf_disable_surveys":false,"footnotes":""},"categories":[2],"tags":[],"class_list":["post-11451","post","type-post","status-publish","format-standard","has-post-thumbnail","hentry","category-not_mpal"],"aioseo_notices":[],"_links":{"self":[{"href":"https:\/\/www.mpal.mp.br\/index.php?rest_route=\/wp\/v2\/posts\/11451","targetHints":{"allow":["GET"]}}],"collection":[{"href":"https:\/\/www.mpal.mp.br\/index.php?rest_route=\/wp\/v2\/posts"}],"about":[{"href":"https:\/\/www.mpal.mp.br\/index.php?rest_route=\/wp\/v2\/types\/post"}],"author":[{"embeddable":true,"href":"https:\/\/www.mpal.mp.br\/index.php?rest_route=\/wp\/v2\/users\/5"}],"replies":[{"embeddable":true,"href":"https:\/\/www.mpal.mp.br\/index.php?rest_route=%2Fwp%2Fv2%2Fcomments&post=11451"}],"version-history":[{"count":1,"href":"https:\/\/www.mpal.mp.br\/index.php?rest_route=\/wp\/v2\/posts\/11451\/revisions"}],"predecessor-version":[{"id":11454,"href":"https:\/\/www.mpal.mp.br\/index.php?rest_route=\/wp\/v2\/posts\/11451\/revisions\/11454"}],"wp:featuredmedia":[{"embeddable":true,"href":"https:\/\/www.mpal.mp.br\/index.php?rest_route=\/wp\/v2\/media\/11452"}],"wp:attachment":[{"href":"https:\/\/www.mpal.mp.br\/index.php?rest_route=%2Fwp%2Fv2%2Fmedia&parent=11451"}],"wp:term":[{"taxonomy":"category","embeddable":true,"href":"https:\/\/www.mpal.mp.br\/index.php?rest_route=%2Fwp%2Fv2%2Fcategories&post=11451"},{"taxonomy":"post_tag","embeddable":true,"href":"https:\/\/www.mpal.mp.br\/index.php?rest_route=%2Fwp%2Fv2%2Ftags&post=11451"}],"curies":[{"name":"wp","href":"https:\/\/api.w.org\/{rel}","templated":true}]}}