{"id":11448,"date":"2007-04-26T11:49:40","date_gmt":"2007-04-26T14:49:40","guid":{"rendered":"https:\/\/www.mpal.mp.br\/?p=11448"},"modified":"2022-07-07T11:50:11","modified_gmt":"2022-07-07T14:50:11","slug":"infancia-e-juventude-situacao-dos-abrigos-preocupa-mp","status":"publish","type":"post","link":"https:\/\/www.mpal.mp.br\/?p=11448","title":{"rendered":"Inf\u00e2ncia e Juventude: situa\u00e7\u00e3o dos abrigos preocupa MP"},"content":{"rendered":"<p style=\"text-align: justify;\"><span style=\"font-size: 14pt;\">O Minist\u00e9rio P\u00fablico de Alagoas deu um prazo de 30 dias \u00e0 Prefeitura de Macei\u00f3 para apresenta\u00e7\u00e3o de um cronograma de curto e m\u00e9dio e longo prazo para solu\u00e7\u00e3o dos problemas da rede de abrigos existentes em Macei\u00f3. O MP tamb\u00e9m quer que, no mesmo prazo, seja apresentado um projeto preventivo de apoio \u00e0s fam\u00edlias, para evitar a ida das crian\u00e7as aos abrigos.<\/span><\/p>\n<p style=\"text-align: justify;\"><span style=\"font-size: 14pt;\">\u201cConstamos que 80% das crian\u00e7as e adolescentes que v\u00e3o parar nos abrigos n\u00e3o t\u00eam problema com os pais. V\u00e3o para as ruas por causa da mis\u00e9ria. As outras 20% s\u00e3o v\u00edtimas de maus tratos ou algum outro tipo de viol\u00eancia dom\u00e9stica. Por isso, n\u00e3o basta estruturar os abrigos existentes, mas tamb\u00e9m dar condi\u00e7\u00f5es \u00e0s fam\u00edlias para perman\u00eancia dos filhos junto aos pais ou respons\u00e1veis\u201d, afirmou a promotora de Justi\u00e7a Alexandra Beurlen, durante audi\u00eancia p\u00fablica realizada, nesta quinta-feira, em conjunto os promotores de Justi\u00e7a Ubirajara Ramos,e Adriana Gomes.<\/span><\/p>\n<p style=\"text-align: justify;\"><span style=\"font-size: 14pt;\">Dirigentes de abrigos e representantes das Secretarias Municipal e Estadual de A\u00e7\u00e3o Social participaram da audi\u00eancia, que contou ainda com a presen\u00e7a de conselheiros municipais e tutelares. Eles foram convocados para tomar conhecimento de relat\u00f3rio resultante de inspe\u00e7\u00f5es realizadas pela psic\u00f3loga Renata Studart e pelo promotor de Justi\u00e7a Ubirajara Ramos.<\/span><\/p>\n<p style=\"text-align: justify;\"><span style=\"font-size: 14pt;\">Entre os abrigos existentes em Macei\u00f3, tr\u00eas s\u00e3o mantidos totalmente pelo munic\u00edpio &#8211; Casa da Ado\u00e7\u00e3o, Casa de Passagem Feminina e Projeto Acolher &#8211; e um um pelo estado, a Casa Lar No\u00e9lia Lessa. Entre os n\u00e3o-governamentais est\u00e3o o Projeto Talita, Lara das Meninas, Casa Dom Bosco,Juvrn\u00f3polis, Deus Prover\u00e1, Sociedade Esp\u00edrita Disc\u00edpulos de Jesus e o Lar Batista Marcolina Magagalh\u00e3es.<\/span><\/p>\n","protected":false},"excerpt":{"rendered":"<p> [&hellip;]<\/p>\n","protected":false},"author":5,"featured_media":11449,"comment_status":"open","ping_status":"open","sticky":false,"template":"","format":"standard","meta":{"om_disable_all_campaigns":false,"_monsterinsights_skip_tracking":false,"_monsterinsights_sitenote_active":false,"_monsterinsights_sitenote_note":"","_monsterinsights_sitenote_category":0,"_uf_show_specific_survey":0,"_uf_disable_surveys":false,"footnotes":""},"categories":[2],"tags":[],"class_list":["post-11448","post","type-post","status-publish","format-standard","has-post-thumbnail","hentry","category-not_mpal"],"aioseo_notices":[],"_links":{"self":[{"href":"https:\/\/www.mpal.mp.br\/index.php?rest_route=\/wp\/v2\/posts\/11448","targetHints":{"allow":["GET"]}}],"collection":[{"href":"https:\/\/www.mpal.mp.br\/index.php?rest_route=\/wp\/v2\/posts"}],"about":[{"href":"https:\/\/www.mpal.mp.br\/index.php?rest_route=\/wp\/v2\/types\/post"}],"author":[{"embeddable":true,"href":"https:\/\/www.mpal.mp.br\/index.php?rest_route=\/wp\/v2\/users\/5"}],"replies":[{"embeddable":true,"href":"https:\/\/www.mpal.mp.br\/index.php?rest_route=%2Fwp%2Fv2%2Fcomments&post=11448"}],"version-history":[{"count":1,"href":"https:\/\/www.mpal.mp.br\/index.php?rest_route=\/wp\/v2\/posts\/11448\/revisions"}],"predecessor-version":[{"id":11450,"href":"https:\/\/www.mpal.mp.br\/index.php?rest_route=\/wp\/v2\/posts\/11448\/revisions\/11450"}],"wp:featuredmedia":[{"embeddable":true,"href":"https:\/\/www.mpal.mp.br\/index.php?rest_route=\/wp\/v2\/media\/11449"}],"wp:attachment":[{"href":"https:\/\/www.mpal.mp.br\/index.php?rest_route=%2Fwp%2Fv2%2Fmedia&parent=11448"}],"wp:term":[{"taxonomy":"category","embeddable":true,"href":"https:\/\/www.mpal.mp.br\/index.php?rest_route=%2Fwp%2Fv2%2Fcategories&post=11448"},{"taxonomy":"post_tag","embeddable":true,"href":"https:\/\/www.mpal.mp.br\/index.php?rest_route=%2Fwp%2Fv2%2Ftags&post=11448"}],"curies":[{"name":"wp","href":"https:\/\/api.w.org\/{rel}","templated":true}]}}