{"id":11445,"date":"2007-05-03T11:48:57","date_gmt":"2007-05-03T14:48:57","guid":{"rendered":"https:\/\/www.mpal.mp.br\/?p=11445"},"modified":"2022-07-07T11:49:25","modified_gmt":"2022-07-07T14:49:25","slug":"acao-do-mp-evita-fechamento-do-cav-crime","status":"publish","type":"post","link":"https:\/\/www.mpal.mp.br\/?p=11445","title":{"rendered":"A\u00e7\u00e3o do MP evita fechamento do CAV Crime"},"content":{"rendered":"<div style=\"text-align: justify;\"><span style=\"font-size: 14pt;\">A promotora de Justi\u00e7a Marluce Falc\u00e3o, coordenadora do N\u00facleo de Direitos Humanos do Minist\u00e9rio P\u00fablico, intermediou a reuni\u00e3o entre funcion\u00e1rios do Centro de Apoio \u00e0s V\u00edtimas de Crime e a secret\u00e1ria estadual da Mulher, da Cidadania e dos Direitos Humanos, Wedna Miranda, que conseguiu evitar o fechamento do CAV Crime. O procurador-geral de Justi\u00e7a de Alagoas, Coaracy Fonseca, tamb\u00e9m compareceu \u00e0 reuni\u00e3o, para prestar solidariedade aos funcion\u00e1rios do CAV, que est\u00e3o sem receber sal\u00e1rios desde o in\u00edcio do ano.<\/span><\/div>\n<p style=\"text-align: justify;\">\n<p style=\"text-align: justify;\"><span style=\"font-size: 14pt;\">Durante a reuni\u00e3o, a secret\u00e1ria Wedna Miranda explicou que por uma quest\u00e3o burocr\u00e1tica, criada por conta da mudan\u00e7a na estrutura do governo, o repasse dos recursos federais n\u00e3o p\u00f4de ser feito para a coordena\u00e7\u00e3o do CAV. No entanto, a secret\u00e1ria garantiu que esse problema j\u00e1 foi solucionado e o repasse ser\u00e1 feito no in\u00edcio da pr\u00f3xima semana. \u201cN\u00e3o era o CAV que estava sendo desprestigiado, era um entrave burocr\u00e1tico que impedia o repasse dos recursos\u201d, afirmou a secret\u00e1ria.<\/span><\/p>\n<p style=\"text-align: justify;\"><span style=\"font-size: 14pt;\">A coordenadora do CAV Crime, Tha\u00edsa Costa, disse que por conta no atraso do pagamento dos sal\u00e1rios perdeu excelentes profissionais e quase viu o servi\u00e7o fechar as portas diante da crise. \u201cFoi preciso recorrer ao Minist\u00e9rio P\u00fablico para evitar o fechamento do CAV\u201d, afirmou Tha\u00edse, acrescentando que procurou solu\u00e7\u00e3o no governo do Estado, mas o problema n\u00e3o era resolvido. \u201cFelizmente, a secret\u00e1ria Wedna Miranda tomou a frente e conseguiu uma sa\u00edda para esse entrave burocr\u00e1tico\u201d, reconheceu.<\/span><\/p>\n<p style=\"text-align: justify;\"><span style=\"font-size: 14pt;\">Para a promotora Marluce Falc\u00e3o, o importante \u00e9 que houve o empenho, a uni\u00e3o de esfor\u00e7os, de todas as partes envolvidas, conseguiu superar o problema e partir de agora o CAV volta \u00e0s suas atividades normais. \u201cO trabalho do CAV \u00e9 de suma import\u00e2ncia para o combate \u00e0 criminalidade, porque se a v\u00edtima n\u00e3o se sentir segura, protegida, dificilmente ela vai ter for\u00e7ar para denunciar seu agressor\u201d, comentou a promotora. Segundo ela, o Centro sempre foi um parceiro do MP no acolhimento de pessoas que precisam de acompanhamento especializado.<\/span><\/p>\n<p style=\"text-align: justify;\"><span style=\"font-size: 14pt;\">De acordo com Tha\u00edsa Costa, o CAV saiu da casa onde funcionava no bairro do Po\u00e7o, em frente \u00e0 antiga LBA, e est\u00e1 funcionando agora no Edif\u00edcio Muniz Falc\u00e3o, onde funcionava o antigo F\u00f3rum de Macei\u00f3, na Rua do Livramento, no Centro. Segundo a coordenadora, em 2006, o CAV Crime atendeu cerca de 150 casos novos. Na \u00e9poca, o Centro funcionava com 17 profissionais. Com a crise, parte desses profissionais saiu, mas os que ficaram est\u00e3o dando conta do servi\u00e7o que recebe recursos do Minist\u00e9rio da Justi\u00e7a.<\/span><\/p>\n","protected":false},"excerpt":{"rendered":"<p> [&hellip;]<\/p>\n","protected":false},"author":5,"featured_media":11446,"comment_status":"open","ping_status":"open","sticky":false,"template":"","format":"standard","meta":{"om_disable_all_campaigns":false,"_monsterinsights_skip_tracking":false,"_monsterinsights_sitenote_active":false,"_monsterinsights_sitenote_note":"","_monsterinsights_sitenote_category":0,"_uf_show_specific_survey":0,"_uf_disable_surveys":false,"footnotes":""},"categories":[2],"tags":[],"class_list":["post-11445","post","type-post","status-publish","format-standard","has-post-thumbnail","hentry","category-not_mpal"],"aioseo_notices":[],"_links":{"self":[{"href":"https:\/\/www.mpal.mp.br\/index.php?rest_route=\/wp\/v2\/posts\/11445","targetHints":{"allow":["GET"]}}],"collection":[{"href":"https:\/\/www.mpal.mp.br\/index.php?rest_route=\/wp\/v2\/posts"}],"about":[{"href":"https:\/\/www.mpal.mp.br\/index.php?rest_route=\/wp\/v2\/types\/post"}],"author":[{"embeddable":true,"href":"https:\/\/www.mpal.mp.br\/index.php?rest_route=\/wp\/v2\/users\/5"}],"replies":[{"embeddable":true,"href":"https:\/\/www.mpal.mp.br\/index.php?rest_route=%2Fwp%2Fv2%2Fcomments&post=11445"}],"version-history":[{"count":1,"href":"https:\/\/www.mpal.mp.br\/index.php?rest_route=\/wp\/v2\/posts\/11445\/revisions"}],"predecessor-version":[{"id":11447,"href":"https:\/\/www.mpal.mp.br\/index.php?rest_route=\/wp\/v2\/posts\/11445\/revisions\/11447"}],"wp:featuredmedia":[{"embeddable":true,"href":"https:\/\/www.mpal.mp.br\/index.php?rest_route=\/wp\/v2\/media\/11446"}],"wp:attachment":[{"href":"https:\/\/www.mpal.mp.br\/index.php?rest_route=%2Fwp%2Fv2%2Fmedia&parent=11445"}],"wp:term":[{"taxonomy":"category","embeddable":true,"href":"https:\/\/www.mpal.mp.br\/index.php?rest_route=%2Fwp%2Fv2%2Fcategories&post=11445"},{"taxonomy":"post_tag","embeddable":true,"href":"https:\/\/www.mpal.mp.br\/index.php?rest_route=%2Fwp%2Fv2%2Ftags&post=11445"}],"curies":[{"name":"wp","href":"https:\/\/api.w.org\/{rel}","templated":true}]}}