{"id":11442,"date":"2007-05-07T11:48:15","date_gmt":"2007-05-07T14:48:15","guid":{"rendered":"https:\/\/www.mpal.mp.br\/?p=11442"},"modified":"2022-07-07T11:48:42","modified_gmt":"2022-07-07T14:48:42","slug":"mp-garante-mais-1-100-matriculas-para-estudantes-no-cepa","status":"publish","type":"post","link":"https:\/\/www.mpal.mp.br\/?p=11442","title":{"rendered":"MP garante mais 1.100 matr\u00edculas para estudantes no Cepa"},"content":{"rendered":"<p style=\"text-align: justify;\"><span style=\"font-size: 14pt;\">A promotora de Justi\u00e7a Cec\u00edlia Carna\u00faba, do N\u00facleo da Fazenda P\u00fablica Estadual, presidiu nesta segunda-feira mais uma audi\u00eancia, na sede da Procuradoria Geral de Justi\u00e7a, para resolver o problema da demanda por vagas nas escolas p\u00fablicas do Estado e do Munic\u00edpio de Macei\u00f3. Segundo a promotora, as duas secretarias se comprometeram em matricular no Cepa cerca de 1.100 alunos, com direito a transporte escolar.<\/span><\/p>\n<p style=\"text-align: justify;\"><span style=\"font-size: 14pt;\">\u201cCom a coloca\u00e7\u00e3o desses alunos em sala de aula, o n\u00famero de matr\u00edculas registrados em 2007 vai passar de 5 mil a mais em compara\u00e7\u00e3o com as matr\u00edculas realizadas em 2006\u201d, afirmou a promotora. Segundo ela, essa otimiza\u00e7\u00e3o s\u00f3 foi poss\u00edvel gra\u00e7as \u00e0s reclama\u00e7\u00f5es dos pais de alunos, dos conselhos tutelares, da atua\u00e7\u00e3o do Minist\u00e9rio P\u00fablico e da compreens\u00e3o das secretarias de Educa\u00e7\u00e3o.<\/span><\/p>\n<p style=\"text-align: justify;\"><span style=\"font-size: 14pt;\">Participaram da audi\u00eancia o secret\u00e1rio municipal de Educa\u00e7\u00e3o, Tadeu Lira; a secret\u00e1ria adjunta da Secretaria Estadual de Educa\u00e7\u00e3o, C\u00edcera Pinheiro; a coordenadora de Gest\u00e3o Educacional da Secret\u00e1ria de Educa\u00e7\u00e3o, Marta Palmeira Melo; a coordenadora da 15\u00ba CRE, Maria M\u00e1rcia Vieira Dantas; e o professor Neilton Nunes. Durante a audi\u00eancia, o professor Neilton Nunes afirmou que, de acordo com informa\u00e7\u00f5es dos conselhos tutelares, n\u00e3o h\u00e1 demanda reprimida de 6\u00ba a 9\u00ba s\u00e9rie.<\/span><\/p>\n<p style=\"text-align: justify;\"><span style=\"font-size: 14pt;\">Por outro lado, o secret\u00e1rio municipal de Educa\u00e7\u00e3o, indicou a exist\u00eancia de aproximadamente mil alunos fora da sala de aula na regi\u00e3o da Ch\u00e3 da Jaqueira, que poderiam ser aproveitados no Cepa, onde h\u00e1 oferta de vagas. Para que esses alunos sejam matriculados no Cepa e tenham direito tamb\u00e9m ao transporte escolar, o secret\u00e1rio Tadeu Lira se comprometeu em entregar o cadastro deles ao MP, at\u00e9 a pr\u00f3xima quinta-feira \u00e0 tarde.<\/span><\/p>\n<p style=\"text-align: justify;\"><span style=\"font-size: 14pt;\">Os representantes das duas secretarias se comprometeram a otimizar os procedimentos legais com a finalidade de colocar em sala de aula toda a demanda reprimida de alunos na regi\u00e3o da Ch\u00e3 da Jaqueira, no prazo m\u00e1ximo de trinta dias. Foi firmado ainda o compromisso de colocar em sala de aula cerca de 50 alunos do bairro de Cana\u00e3, que ter\u00e3o direito tamb\u00e9m a transporte escolar, oferecido pelo Estado.<\/span><\/p>\n<p style=\"text-align: justify;\"><span style=\"font-size: 14pt;\">O secret\u00e1rio Tadeu Lira ficou se reunir, at\u00e9 a pr\u00f3xima quinta-feira, com o Conselho Tutelar da 6\u00aa Regi\u00e3o \u2013 que compreende todo complexo habitacional do Benedito Bentes \u2013 para discutir quais os alunos da 1\u00aa a 4\u00aa s\u00e9rie que ser\u00e3o atendidos por essa parceria com a Secretaria Estadual de Educa\u00e7\u00e3o, ficando o munic\u00edpio respons\u00e1vel pelo transporte escolar e o Estado respons\u00e1vel pelo ensino.<\/span><\/p>\n<p style=\"text-align: justify;\"><span style=\"font-size: 14pt;\">Laborat\u00f3rio de Ci\u00eancia<\/span><\/p>\n<p style=\"text-align: justify;\"><span style=\"font-size: 14pt;\">No final da audi\u00eancia, o professor Neilton Nunes informou que o programa de capacita\u00e7\u00e3o de professores de ci\u00eancia ter\u00e1 in\u00edcio no m\u00eas de agosto, com previs\u00e3o de conclus\u00e3o para outubro. Ele explicou tamb\u00e9m essa capacita\u00e7\u00e3o ser\u00e1 de suma import\u00e2ncia para coloca\u00e7\u00e3o em funcionamento dos laborat\u00f3rios de ci\u00eancias da rede estadual de ensino.<\/span><\/p>\n","protected":false},"excerpt":{"rendered":"<p> [&hellip;]<\/p>\n","protected":false},"author":5,"featured_media":11443,"comment_status":"open","ping_status":"open","sticky":false,"template":"","format":"standard","meta":{"om_disable_all_campaigns":false,"_monsterinsights_skip_tracking":false,"_monsterinsights_sitenote_active":false,"_monsterinsights_sitenote_note":"","_monsterinsights_sitenote_category":0,"_uf_show_specific_survey":0,"_uf_disable_surveys":false,"footnotes":""},"categories":[2],"tags":[],"class_list":["post-11442","post","type-post","status-publish","format-standard","has-post-thumbnail","hentry","category-not_mpal"],"aioseo_notices":[],"_links":{"self":[{"href":"https:\/\/www.mpal.mp.br\/index.php?rest_route=\/wp\/v2\/posts\/11442","targetHints":{"allow":["GET"]}}],"collection":[{"href":"https:\/\/www.mpal.mp.br\/index.php?rest_route=\/wp\/v2\/posts"}],"about":[{"href":"https:\/\/www.mpal.mp.br\/index.php?rest_route=\/wp\/v2\/types\/post"}],"author":[{"embeddable":true,"href":"https:\/\/www.mpal.mp.br\/index.php?rest_route=\/wp\/v2\/users\/5"}],"replies":[{"embeddable":true,"href":"https:\/\/www.mpal.mp.br\/index.php?rest_route=%2Fwp%2Fv2%2Fcomments&post=11442"}],"version-history":[{"count":1,"href":"https:\/\/www.mpal.mp.br\/index.php?rest_route=\/wp\/v2\/posts\/11442\/revisions"}],"predecessor-version":[{"id":11444,"href":"https:\/\/www.mpal.mp.br\/index.php?rest_route=\/wp\/v2\/posts\/11442\/revisions\/11444"}],"wp:featuredmedia":[{"embeddable":true,"href":"https:\/\/www.mpal.mp.br\/index.php?rest_route=\/wp\/v2\/media\/11443"}],"wp:attachment":[{"href":"https:\/\/www.mpal.mp.br\/index.php?rest_route=%2Fwp%2Fv2%2Fmedia&parent=11442"}],"wp:term":[{"taxonomy":"category","embeddable":true,"href":"https:\/\/www.mpal.mp.br\/index.php?rest_route=%2Fwp%2Fv2%2Fcategories&post=11442"},{"taxonomy":"post_tag","embeddable":true,"href":"https:\/\/www.mpal.mp.br\/index.php?rest_route=%2Fwp%2Fv2%2Ftags&post=11442"}],"curies":[{"name":"wp","href":"https:\/\/api.w.org\/{rel}","templated":true}]}}