{"id":11439,"date":"2007-05-14T11:46:36","date_gmt":"2007-05-14T14:46:36","guid":{"rendered":"https:\/\/www.mpal.mp.br\/?p=11439"},"modified":"2022-07-07T11:47:57","modified_gmt":"2022-07-07T14:47:57","slug":"seminario-sobre-violencia-sexual-infanto-juvenil","status":"publish","type":"post","link":"https:\/\/www.mpal.mp.br\/?p=11439","title":{"rendered":"Semin\u00e1rio sobre viol\u00eancia sexual infanto-juvenil"},"content":{"rendered":"<p style=\"text-align: justify;\"><span style=\"font-size: 14pt;\">A programa\u00e7\u00e3o das atividades preparat\u00f3rias do Dia Nacional de Combate ao Abuso e Explora\u00e7\u00e3o Sexual (18\/5) prossegue nesta ter\u00e7a-feira, pela manh\u00e3 e pela tarde, com uma palestra educativa, na Cruz Vermelha. Na manh\u00e3 desta segunda-feira, o Minist\u00e9rio P\u00fablico de Alagoas realizou, no audit\u00f3rio do Senac, semin\u00e1rio para conselheiros tutelares, t\u00e9cnicos e diretores de escolas.<\/span><\/p>\n<p style=\"text-align: justify;\"><span style=\"font-size: 14pt;\">A primeira palestra do semin\u00e1rio foi a da promotora de Justi\u00e7a Marluce Falc\u00e3o, do N\u00facleo de Defesa dos Direitos Humanos. \u201cN\u00e3o deixem que destruam a inf\u00e2ncia e os sonhos de nossas crian\u00e7as e adolescentes. Participem dessa rede de prote\u00e7\u00e3o! Disque 100 para denunciar. Explora\u00e7\u00e3o sexual \u00e9 crime!\u201d, enfatizou a promotora de Justi\u00e7a em seu discurso.<\/span><\/p>\n<p style=\"text-align: justify;\"><span style=\"font-size: 14pt;\">Segundo ela, o Minist\u00e9rio P\u00fablico investiga qualquer den\u00fancia relacionada \u00e0 rede de explora\u00e7\u00e3o sexual. \u201cPor exemplo, se uma crian\u00e7a est\u00e1 sendo abusada sexualmente em cativeiro, n\u00f3s fazemos pedido de pris\u00e3o preventiva ao juiz, mas antes teremos que saber se h\u00e1 ind\u00edcios de crime. Voc\u00eas, portanto, t\u00eam que denunciar!\u201d, afirmou, aproveitando o momento de discuss\u00e3o para apresentar aos participantes o C\u00f3digo de Conduta de Turismo contra o Abuso e a Explora\u00e7\u00e3o Sexual, que ser\u00e1 lan\u00e7ado na sexta-feira (18\/5).<\/span><\/p>\n<p style=\"text-align: justify;\"><span style=\"font-size: 14pt;\">A palestrante tamb\u00e9m orientou aos conselheiros tutelares quanto \u00e0s den\u00fancias de viol\u00eancias sexuais contra crian\u00e7as e adolescentes. \u201cO Conselho Tutelar, primeiro \u00f3rg\u00e3o que o denunciante deve procurar, tem que identificar que tipo de crime sexual ocorreu contra a crian\u00e7a ou o adolescente. No caso de explora\u00e7\u00e3o sexual, a den\u00fancia deve ser encaminhada imediatamente ao Minist\u00e9rio P\u00fablico de Alagoas\u201d, ressaltou.<\/span><\/p>\n<p style=\"text-align: justify;\"><span style=\"font-size: 14pt;\">O promotor de Justi\u00e7a Ubirajara Ramos deu seq\u00fc\u00eancia \u00e0 palestra citando uma frase da professora Eva Faleiros, que fala sobre abuso sexual. \u201cO Abuso Sexual se constitui na constru\u00e7\u00e3o deliberada, premeditada, paciente e ritualizada de um relacionamento perverso, que se mant\u00e9m atrav\u00e9s da domina\u00e7\u00e3o psicol\u00f3gica de longa dura\u00e7\u00e3o. Come\u00e7a por um processo de sedu\u00e7\u00e3o, que consiste na conquista sutil, seguido de uma lavagem cerebral que anula a capacidade de decis\u00e3o da v\u00edtima, e acaba em sua domina\u00e7\u00e3o e aprisionamento psicol\u00f3gico\u201d, leu. De acordo com Ramos, o abuso sexual ocorre quase sempre no meio familiar, sendo autores do crime pais, padrastos, irm\u00e3os, tios, primos, entre outros. \u201cA viol\u00eancia dom\u00e9stica \u00e9 uma viol\u00eancia muda. Todos s\u00e3o c\u00famplices do sil\u00eancio\u201d, disse.<\/span><\/p>\n<p style=\"text-align: justify;\"><span style=\"font-size: 14pt;\">Para Ramos, uma das formas de se ampliar o combate ao abuso e \u00e0 explora\u00e7\u00e3o sexual \u00e9 com a cria\u00e7\u00e3o de uma vara especializada para tramita\u00e7\u00e3o dos feitos criminais contra a crian\u00e7a e o adolescente, cria\u00e7\u00e3o de delegacias especializadas de investiga\u00e7\u00e3o, amplia\u00e7\u00e3o e estrutura\u00e7\u00e3o dos CREAS e mudan\u00e7a de procedimento de instru\u00e7\u00e3o criminal na Justi\u00e7a. \u201cNo atual sistema, a crian\u00e7a ou o adolescente dep\u00f5e na presen\u00e7a do acusado, que o inibe de falar. Na minha opini\u00e3o, se o advogado est\u00e1 presente, n\u00e3o h\u00e1 necessidade da presen\u00e7a do r\u00e9u\u201d, destaca Ramos.<\/span><\/p>\n<p style=\"text-align: justify;\"><span style=\"font-size: 14pt;\">A delegada Ana Luiza Nogueira falou da necessidade de efetiva\u00e7\u00e3o do Estatuto da Crian\u00e7a e Adolescente. \u201cTemos que aproveitar esse momento importante, das atividades do Dia Nacional de Combate ao Abuso e \u00e0 Explora\u00e7\u00e3o Sexual, para chamar a aten\u00e7\u00e3o de \u00f3rg\u00e3os respons\u00e1veis e buscar pol\u00edticas p\u00fablicas, uma forma que se tem da doutrina de prote\u00e7\u00e3o integral, que \u00e9 preconizada pelo ECA e pela Constitui\u00e7\u00e3o Federal.<\/span><\/p>\n<p style=\"text-align: justify;\"><span style=\"font-size: 14pt;\">A delegada tamb\u00e9m esclareceu aos participantes os tipos de crimes que s\u00e3o cometidos contra a crian\u00e7a e o adolescente. \u201cNo C\u00f3digo Penal est\u00e3o previstos os crimes de abuso sexual (art. 213), que exige a conjun\u00e7\u00e3o carnal; de atentado violento ao pudor (art. 214) e de corrup\u00e7\u00e3o de menores (art. 218). J\u00e1 no ECA, est\u00e1 previsto o crime de submiss\u00e3o da crian\u00e7a e do adolescente \u00e0 explora\u00e7\u00e3o sexual, que \u00e9 preciso que haja atividade mercantilizada\u201d, ressaltou. Segundo a delegada, 70 % dos crimes de abuso sexual s\u00e3o praticados no seio familiar. \u201cNo caso do atentado ao pudor, que n\u00e3o exige conjun\u00e7\u00e3o carnal, quem cometeu o abuso deve ser punido mesmo que n\u00e3o haja viol\u00eancia f\u00edsica e a palavra da v\u00edtima tem um valor preponderante na investiga\u00e7\u00e3o. Por outro lado, \u00e9 muito dif\u00edcil buscar meio de prova, ent\u00e3o a sociedade n\u00e3o deve deixar que o criminoso fique impune. Sempre que souber, tem que ser denunciado\u201d, enfatizou.<\/span><\/p>\n<p style=\"text-align: justify;\"><span style=\"font-size: 14pt;\">Ana Luiza citou ainda diferen\u00e7as de crimes cometidos contra crian\u00e7as e adolescentes. \u201cSe o adolescente de 19 anos manteve rela\u00e7\u00f5es sexuais com uma de 15 anos, n\u00e3o \u00e9 crime. Agora, o C\u00f3digo Penal diz que se o ato for praticado com uma menor de 14 anos \u00e9 estupro de viol\u00eancia presumida e a pena \u00e9 de 6 a 10 anos\u201d, concluiu. O evento foi encerrado com din\u00e2mica de grupo.<\/span><\/p>\n<p style=\"text-align: justify;\"><span style=\"font-size: 14pt;\">DIA: 15\/05 &#8211; Palestra Educativa<\/span><\/p>\n<p style=\"text-align: justify;\"><span style=\"font-size: 14pt;\">LOCAL: Cruz Vermelha<\/span><\/p>\n<p style=\"text-align: justify;\"><span style=\"font-size: 14pt;\">HORA: 8h30 \u00e0s 10h30<\/span><\/p>\n<p style=\"text-align: justify;\"><span style=\"font-size: 14pt;\">14h30 \u00e0s 16h30<\/span><\/p>\n<p style=\"text-align: justify;\"><span style=\"font-size: 14pt;\">DIA: 16\/05 \u2013 Palestra Educativa na Escola Petr\u00f4nio Vianna;<\/span><\/p>\n<p style=\"text-align: justify;\"><span style=\"font-size: 14pt;\">HORA: 8h30 \u00e0s 11h30<\/span><\/p>\n<p style=\"text-align: justify;\"><span style=\"font-size: 14pt;\">END: Conj. Carminha( Final do Benedito Bentes )<\/span><\/p>\n<p style=\"text-align: justify;\"><span style=\"font-size: 14pt;\">Palestra Educativa no Lix\u00e3o<\/span><\/p>\n<p style=\"text-align: justify;\"><span style=\"font-size: 14pt;\">HORA: 14h30 as 16h30<\/span><\/p>\n<p style=\"text-align: justify;\"><span style=\"font-size: 14pt;\">END: Comunidade Lix\u00e3o (S\u00edtio S\u00e3o Jorge)<\/span><\/p>\n<p style=\"text-align: justify;\"><span style=\"font-size: 14pt;\">16\/05 &#8211; FAL<\/span><\/p>\n<p style=\"text-align: justify;\"><span style=\"font-size: 14pt;\">HORA \u2013 19h30<\/span><\/p>\n<p style=\"text-align: justify;\"><span style=\"font-size: 14pt;\">END\u2013 Jaragu\u00e1.<\/span><\/p>\n<p style=\"text-align: justify;\"><span style=\"font-size: 14pt;\">Palestrantes \u2013 Minist\u00e9rio P\u00fablico Estadual \u2013Marluce Falc\u00e3o \/ Ubirajara Ramos;<\/span><\/p>\n<p style=\"text-align: justify;\"><span style=\"font-size: 14pt;\">CREAS \u2013 Programa Sentinela- Salete Beltr\u00e3o;<\/span><\/p>\n<p style=\"text-align: justify;\"><span style=\"font-size: 14pt;\">Coordenadora do Curso de Turismo da FAL \u2013 M\u00f4nica Suruagy<\/span><\/p>\n<p style=\"text-align: justify;\"><span style=\"font-size: 14pt;\">Secret\u00e1ria Municipal de Turismo \u2013Cl\u00e1udia Pessoa<\/span><\/p>\n<p style=\"text-align: justify;\"><span style=\"font-size: 14pt;\">17\/05 \u2013Palestra Educativa<\/span><\/p>\n<p style=\"text-align: justify;\"><span style=\"font-size: 14pt;\">LOCAL : Escola Benedita de Castro<\/span><\/p>\n<p style=\"text-align: justify;\"><span style=\"font-size: 14pt;\">HORA \u2013 14h30<\/span><\/p>\n<p style=\"text-align: justify;\"><span style=\"font-size: 14pt;\">END: Rua Santa Rita S\/N Clima Bom II ( Pr\u00f3ximo ao Supermercado Boa Vista)<\/span><\/p>\n<p style=\"text-align: justify;\"><span style=\"font-size: 14pt;\">PROGRAMA\u00c7\u00c3O DO DIA NACIONAL DE COMBATE AO ABUSO E EXPLORA\u00c7\u00c3O SEXUAL\/18 DE MAIO<\/span><\/p>\n<p style=\"text-align: justify;\"><span style=\"font-size: 14pt;\">Panfletagem em toda Macei\u00f3 (ORLA, CENTRO, SHOPPING IGUATEMI, RODOVI\u00c1RIA, AEROPORTO, BAIRROS DE MACEI\u00d3)<\/span><\/p>\n<p style=\"text-align: justify;\"><span style=\"font-size: 14pt;\">HORA: 8 \u00e0s 16 horas<\/span><\/p>\n<p style=\"text-align: justify;\"><span style=\"font-size: 14pt;\">Audi\u00eancia P\u00fablica C\u00e2mara dos Vereadores<\/span><\/p>\n<p style=\"text-align: justify;\"><span style=\"font-size: 14pt;\">HORA \u2013 9 \u00e0s 9h15 \u2013 Abertura<\/span><\/p>\n<p style=\"text-align: justify;\"><span style=\"font-size: 14pt;\">9h15 \u00e0s 9h30 &#8211; Lan\u00e7amento do Selo Personalizado pelo Correios<\/span><\/p>\n<p style=\"text-align: justify;\"><span style=\"font-size: 14pt;\">Palestrantes<\/span><\/p>\n<p style=\"text-align: justify;\"><span style=\"font-size: 14pt;\">Marluce Falc\u00e3o \/ Ubirajara Ramos (Minist\u00e9rio P\u00fablico de Alagoas) \u2013 9h30 \u00e0s 9h50 ;<\/span><\/p>\n<p style=\"text-align: justify;\"><span style=\"font-size: 14pt;\">Salete Beltr\u00e3o ( CREAS &#8211; Programa Sentinela) \u2013 09h50 \u00e0s 10h10<\/span><\/p>\n<p style=\"text-align: justify;\"><span style=\"font-size: 14pt;\">Cl\u00e1udia Pessoa ( Secretaria Municipal de Turismo ) \u2013 10h15 \u00e0s 10h30<\/span><\/p>\n<p style=\"text-align: justify;\"><span style=\"font-size: 14pt;\">Tha\u00edza Oliveira &#8211; ( CAV CRIME ) \u2013 10h30 \u00e0s 10h50<\/span><\/p>\n<p style=\"text-align: justify;\"><span style=\"font-size: 14pt;\">Concentra\u00e7\u00e3o e Panfletagem na Pra\u00e7a Coronel Lucena Maranh\u00e3o realizada pela inst. MALUNGOS<\/span><\/p>\n<p style=\"text-align: justify;\"><span style=\"font-size: 14pt;\">End. \u2013 Bebedouro<\/span><\/p>\n<p style=\"text-align: justify;\"><span style=\"font-size: 14pt;\">Concentra\u00e7\u00e3o 10h30 \u00e0s 12 horas<\/span><\/p>\n<p style=\"text-align: justify;\"><span style=\"font-size: 14pt;\">16h30 \u00e0s 18 horas<\/span><\/p>\n<p style=\"text-align: justify;\"><span style=\"font-size: 14pt;\">Exposi\u00e7\u00e3o na FITS<\/span><\/p>\n<p style=\"text-align: justify;\"><span style=\"font-size: 14pt;\">LOCAL : Estante no Shopping Iguatemi<\/span><\/p>\n<p style=\"text-align: justify;\"><span style=\"font-size: 14pt;\">HORA : 8 \u00e0s 16 horas<\/span><\/p>\n<p style=\"text-align: justify;\"><span style=\"font-size: 14pt;\">Encerramento no Hotel :<\/span><\/p>\n<p style=\"text-align: justify;\"><span style=\"font-size: 14pt;\">Lan\u00e7amento do C\u00f3digo de Conduta do Turismo contra a Explora\u00e7\u00e3o Sexual Infanto &#8211; Juvenil<\/span><\/p>\n<p style=\"text-align: justify;\"><span style=\"font-size: 14pt;\">LOCAL: Hotel Ponta Verde<\/span><\/p>\n<p style=\"text-align: justify;\"><span style=\"font-size: 14pt;\">HORA:17:30h.<\/span><\/p>\n<p style=\"text-align: justify;\"><span style=\"font-size: 14pt;\">COORDENA\u00c7\u00c3O GERAL:<\/span><\/p>\n<p style=\"text-align: justify;\"><span style=\"font-size: 14pt;\">Minist\u00e9rio P\u00fablico Estadual &#8211; Marluce Falc\u00e3o \/ Dr\u00b0 Ubirajara Ramos;<\/span><\/p>\n<p style=\"text-align: justify;\"><span style=\"font-size: 14pt;\">Prefeitura Municipal de Macei\u00f3 \u2013 Prefeito C\u00edcero Almeida;<\/span><\/p>\n<p style=\"text-align: justify;\"><span style=\"font-size: 14pt;\">Secretaria Municipal de Assist\u00eancia Social \u2013 Cl\u00e1udio Farias;<\/span><\/p>\n<p style=\"text-align: justify;\"><span style=\"font-size: 14pt;\">CREAS \u2013 Programa Sentinela \u2013 Maria Salete de A. Beltr\u00e3o;<\/span><\/p>\n<p style=\"text-align: justify;\"><span style=\"font-size: 14pt;\">Secretaria Municipal de Turismo \u2013 Cl\u00e1udia Pessoa e Sandra Lamenha;<\/span><\/p>\n<p style=\"text-align: justify;\"><span style=\"font-size: 14pt;\">Associa\u00e7\u00e3o Brasileira da Ind\u00fastria Hoteleira &#8211; ABIH- Tereza Bandeira;<\/span><\/p>\n<p style=\"text-align: justify;\"><span style=\"font-size: 14pt;\">\u00d3RG\u00c3OS ENVOLVIDOS:<\/span><\/p>\n<p style=\"text-align: justify;\"><span style=\"font-size: 14pt;\">CONSELHOS TUTELARES<\/span><\/p>\n<p style=\"text-align: justify;\"><span style=\"font-size: 14pt;\">R. A. \u2013 I e II \u2013 Centro; R.AIII e IV \u2013 (Bebedouro); R.AV E VI (Jacintinho);<\/span><\/p>\n<p style=\"text-align: justify;\"><span style=\"font-size: 14pt;\">R. A. VII \u2013 (Tabuleiro)<\/span><\/p>\n<p style=\"text-align: justify;\"><span style=\"font-size: 14pt;\">FACULDADES:<\/span><\/p>\n<p style=\"text-align: justify;\"><span style=\"font-size: 14pt;\">FAL<\/span><\/p>\n<p style=\"text-align: justify;\"><span style=\"font-size: 14pt;\">FITS<\/span><\/p>\n<p style=\"text-align: justify;\"><span style=\"font-size: 14pt;\">SECRETARIA DE DEFESA SOCIAL:<\/span><\/p>\n<p style=\"text-align: justify;\"><span style=\"font-size: 14pt;\">POLICIA MILITAR<\/span><\/p>\n<p style=\"text-align: justify;\"><span style=\"font-size: 14pt;\">POL\u00cdCIA CIVIL<\/span><\/p>\n<p style=\"text-align: justify;\"><span style=\"font-size: 14pt;\">DETRAN<\/span><\/p>\n<p style=\"text-align: justify;\"><span style=\"font-size: 14pt;\">CDL<\/span><\/p>\n<p style=\"text-align: justify;\"><span style=\"font-size: 14pt;\">REDE Hoteleira<\/span><\/p>\n<p style=\"text-align: justify;\"><span style=\"font-size: 14pt;\">SEMED<\/span><\/p>\n<p style=\"text-align: justify;\"><span style=\"font-size: 14pt;\">SECRETARIA MUNICIPAL DE SA\u00daDE<\/span><\/p>\n<p style=\"text-align: justify;\"><span style=\"font-size: 14pt;\">EMPRESAS PARTICULARES<\/span><\/p>\n<p style=\"text-align: justify;\"><span style=\"font-size: 14pt;\">CORREIOS<\/span><\/p>\n<p style=\"text-align: justify;\"><span style=\"font-size: 14pt;\">SECRETARIA DA MULHER, CIDADANIA E DIREITOS HUMANOS:<\/span><\/p>\n<p style=\"text-align: justify;\"><span style=\"font-size: 14pt;\">CAV CRIME<\/span><\/p>\n<p style=\"text-align: justify;\"><span style=\"font-size: 14pt;\">SECRETARIA EXECUTIVA E INSER\u00c7\u00c3O DA ASSIST\u00caNCIA SOCIAL<\/span><\/p>\n<p style=\"text-align: justify;\"><span style=\"font-size: 14pt;\">POL\u00cdCIA RODOVI\u00c1RIA FEDERAL<\/span><\/p>\n<p style=\"text-align: justify;\"><span style=\"font-size: 14pt;\">CONSELHO MUNICIPAL DOS DIREITOS DA CRIAN\u00c7A E DO ADOLESCENTE<\/span><\/p>\n<p style=\"text-align: justify;\"><span style=\"font-size: 14pt;\">COMISS\u00c3O DOS DIREITOS HUMANOS DA ASSEMBL\u00c9IA LEGISLATIVA<\/span><\/p>\n<p style=\"text-align: justify;\"><span style=\"font-size: 14pt;\">COMISS\u00c3O DA CRIAN\u00c7A E ADOLESCENTE DA C\u00c2MARA DOS VEREADORES<\/span><\/p>\n","protected":false},"excerpt":{"rendered":"<p> [&hellip;]<\/p>\n","protected":false},"author":5,"featured_media":11440,"comment_status":"open","ping_status":"open","sticky":false,"template":"","format":"standard","meta":{"om_disable_all_campaigns":false,"_monsterinsights_skip_tracking":false,"_monsterinsights_sitenote_active":false,"_monsterinsights_sitenote_note":"","_monsterinsights_sitenote_category":0,"_uf_show_specific_survey":0,"_uf_disable_surveys":false,"footnotes":""},"categories":[2],"tags":[],"class_list":["post-11439","post","type-post","status-publish","format-standard","has-post-thumbnail","hentry","category-not_mpal"],"aioseo_notices":[],"_links":{"self":[{"href":"https:\/\/www.mpal.mp.br\/index.php?rest_route=\/wp\/v2\/posts\/11439","targetHints":{"allow":["GET"]}}],"collection":[{"href":"https:\/\/www.mpal.mp.br\/index.php?rest_route=\/wp\/v2\/posts"}],"about":[{"href":"https:\/\/www.mpal.mp.br\/index.php?rest_route=\/wp\/v2\/types\/post"}],"author":[{"embeddable":true,"href":"https:\/\/www.mpal.mp.br\/index.php?rest_route=\/wp\/v2\/users\/5"}],"replies":[{"embeddable":true,"href":"https:\/\/www.mpal.mp.br\/index.php?rest_route=%2Fwp%2Fv2%2Fcomments&post=11439"}],"version-history":[{"count":1,"href":"https:\/\/www.mpal.mp.br\/index.php?rest_route=\/wp\/v2\/posts\/11439\/revisions"}],"predecessor-version":[{"id":11441,"href":"https:\/\/www.mpal.mp.br\/index.php?rest_route=\/wp\/v2\/posts\/11439\/revisions\/11441"}],"wp:featuredmedia":[{"embeddable":true,"href":"https:\/\/www.mpal.mp.br\/index.php?rest_route=\/wp\/v2\/media\/11440"}],"wp:attachment":[{"href":"https:\/\/www.mpal.mp.br\/index.php?rest_route=%2Fwp%2Fv2%2Fmedia&parent=11439"}],"wp:term":[{"taxonomy":"category","embeddable":true,"href":"https:\/\/www.mpal.mp.br\/index.php?rest_route=%2Fwp%2Fv2%2Fcategories&post=11439"},{"taxonomy":"post_tag","embeddable":true,"href":"https:\/\/www.mpal.mp.br\/index.php?rest_route=%2Fwp%2Fv2%2Ftags&post=11439"}],"curies":[{"name":"wp","href":"https:\/\/api.w.org\/{rel}","templated":true}]}}