{"id":11436,"date":"2007-05-14T11:45:43","date_gmt":"2007-05-14T14:45:43","guid":{"rendered":"https:\/\/www.mpal.mp.br\/?p=11436"},"modified":"2022-07-07T11:46:22","modified_gmt":"2022-07-07T14:46:22","slug":"audiencia-no-mp-reune-autoridades-para-discutir-seguranca-em-boca-da-mata","status":"publish","type":"post","link":"https:\/\/www.mpal.mp.br\/?p=11436","title":{"rendered":"Audi\u00eancia no MP re\u00fane autoridades para discutir seguran\u00e7a em Boca da Mata"},"content":{"rendered":"<p style=\"text-align: justify;\"><span style=\"font-size: 14pt;\">Os altos \u00edndices de viol\u00eancia registrados em Boca da Mata foram debatidos hoje pela manh\u00e3 durante uma audi\u00eancia p\u00fablica, realizada no audit\u00f3rio da Procuradoria-Geral de Justi\u00e7a de Alagoas, em Macei\u00f3, com a participa\u00e7\u00e3o de autoridades do estado e do munic\u00edpio, representantes de institui\u00e7\u00f5es p\u00fablicas e privadas e muitos moradores, com faixas e cartazes.<\/span><\/p>\n<p style=\"text-align: justify;\"><span style=\"font-size: 14pt;\">A audi\u00eancia foi aberta pelo procurador-geral de Justi\u00e7a de Alagoas, Coaracy Fonseca, que defendeu maior investimento em pol\u00edticas p\u00fablicas de seguran\u00e7a, educa\u00e7\u00e3o, sa\u00fade, cultura e lazer, para tentar frear o avan\u00e7o da criminalidade no Estado.<\/span><\/p>\n<p style=\"text-align: justify;\"><span style=\"font-size: 14pt;\">Para o chefe do MP alagoano, a realiza\u00e7\u00e3o da audi\u00eancia constitui um momento de reflex\u00e3o, um fato hist\u00f3rico para a comunidade Boca da Mata, que se uniu, se organizou e est\u00e1 procurando enfrentar a criminalidade, denunciando as defici\u00eancias do aparelho policial e buscando solu\u00e7\u00f5es.<\/span><\/p>\n<p style=\"text-align: justify;\"><span style=\"font-size: 14pt;\">\u201cA cria\u00e7\u00e3o do Conselho de Defesa Social de Boca da Mata (Condes), que conta com a participa\u00e7\u00e3o de 22 institui\u00e7\u00f5es governamentais e n\u00e3o governamentais, \u00e9 um grande exemplo de organiza\u00e7\u00e3o que deve ser seguido por outros munic\u00edpios alagoanos\u201d, destacou o procurador-geral de Justi\u00e7a.<\/span><\/p>\n<p style=\"text-align: justify;\"><span style=\"font-size: 14pt;\">Segundo o promotor de Justi\u00e7a de Boca da Mata, Cl\u00e1udio Luiz Galv\u00e3o, um dos principais articuladores da realiza\u00e7\u00e3o da audi\u00eancia na capital alagoana, nos \u00faltimos meses, a viol\u00eancia em Boca da Mata tem se intensificado em quantidade e gravidade, semeando medo e disseminando um forte sentimento de inseguran\u00e7a na popula\u00e7\u00e3o do munic\u00edpio, que tem apenas cerca de 24 mil habitantes.<\/span><\/p>\n<p style=\"text-align: justify;\"><span style=\"font-size: 14pt;\">\u201cSomente neste in\u00edcio de 2007, o Condes contabilizou 12 ocorr\u00eancias de crimes de grande repercuss\u00e3o \u2013 como seq\u00fcestros, assaltos a banco, homic\u00eddios qualificados e latroc\u00ednios &#8211; que contribu\u00edram para aumentar ainda mais o clima de terror vivido pela comunidade\u201d, destacou o promotor de Justi\u00e7a.<\/span><\/p>\n<p style=\"text-align: justify;\"><span style=\"font-size: 14pt;\">Dentre os v\u00e1rios fatores que contribu\u00edram para o aumento da criminalidade no munic\u00edpio, que sofre tamb\u00e9m com o tr\u00e1fico e o consumo de drogas, o promotor destacou a fragilidade do sistema de seguran\u00e7a, que n\u00e3o oferece condi\u00e7\u00f5es efetivas de defender a popula\u00e7\u00e3o.<\/span><\/p>\n<p style=\"text-align: justify;\"><span style=\"font-size: 14pt;\">\u201cA \u00fanica delegacia do munic\u00edpio come\u00e7ou a ser reformada em 2005, mas a obra at\u00e9 agora n\u00e3o foi conclu\u00edda, encontrando-se em total estado de abandono, sem celas, banheiros, estrutura administrativa, sem condi\u00e7\u00f5es de custodiar presos ou desenvolver qualquer trabalho investigativo\u201d, afirmou.<\/span><\/p>\n<p style=\"text-align: justify;\"><span style=\"font-size: 14pt;\">Para ele, a total o sucateamento da delegacia vem atrapalhando o trabalho de investiga\u00e7\u00e3o da pol\u00edcia, atrasando a conclus\u00e3o dos inqu\u00e9ritos e no andamento dos processos. \u201cIsso gera uma sensa\u00e7\u00e3o de impunidade, que termina incentivando outros crimes\u201d, observa.<\/span><\/p>\n<p style=\"text-align: justify;\"><span style=\"font-size: 14pt;\">O munic\u00edpio ainda sofre a insufici\u00eancia de policiais (militares e civis), conta apenas com uma viatura, que vive dando defeito e faltando combust\u00edvel. \u201cA situa\u00e7\u00e3o s\u00f3 n\u00e3o \u00e9 pior porque a prefeitura ajuda no combust\u00edvel e na manuten\u00e7\u00e3o dessa viatura\u201d, destaca Cl\u00e1udio Malta.<\/span><\/p>\n<p style=\"text-align: justify;\"><span style=\"font-size: 14pt;\">Segundo o representante do MP alagoano, h\u00e1 defici\u00eancia tamb\u00e9m no armamento e na muni\u00e7\u00e3o utilizada pelo policiamento local. Al\u00e9m disso, o fechamento do posto policial do distrito de Periperi agravou ainda mais a inseguran\u00e7a dos moradores naquela localidade, onde tamb\u00e9m a criminalidade vem se tornando mais aguda.<\/span><\/p>\n<p style=\"text-align: justify;\"><span style=\"font-size: 14pt;\">\u201cComo se n\u00e3o bastasse, a falta de seguran\u00e7a tem estimulado o tr\u00e1fico de entorpecentes no munic\u00edpio, aumentando assustadoramente o consumo de drogas entre os estudantes e contribuindo para delinq\u00fc\u00eancia juvenil\u201d, ressalta o promotor de Justi\u00e7a.<\/span><\/p>\n<p style=\"text-align: justify;\"><span style=\"font-size: 14pt;\">\u201cTodas essas quest\u00f5es, bem como as reivindica\u00e7\u00f5es que os moradores de Boca da Mata est\u00e3o fazendo, atrav\u00e9s do Condes, ser\u00e3o encaminhadas por of\u00edcio ao governador Teot\u00f4nio Vilela Filho, para que sejam tomadas as provid\u00eancias\u201d, acrescentou Cl\u00e1udio Malta.<\/span><\/p>\n<p style=\"text-align: justify;\"><span style=\"font-size: 14pt;\">Compromissos assumidos<\/span><\/p>\n<p style=\"text-align: justify;\"><span style=\"font-size: 14pt;\">O presidente do Condes, Pedro Jorge Guimar\u00e3es, disse que a audi\u00eancia p\u00fablica foi coroada de \u00eaxito e j\u00e1 come\u00e7ou a surtir efeito. \u201cLogo ap\u00f3s a audi\u00eancia, tivemos a garantia de que v\u00e1rias das nossas reivindica\u00e7\u00f5es ser\u00e3o atendidas pelo governo do Estado\u201d, destacou.<\/span><\/p>\n<p style=\"text-align: justify;\"><span style=\"font-size: 14pt;\">Segundo ele, entre os compromissos assumidos pelas autoridades do Estado est\u00e3o a retomada da reforma (pela Secretaria de Defesa Social); a reabertura do posto da Pol\u00edcia Militar do Distrito do Periperi, local onde h\u00e1 muitos registros de crime; o aumento no efetivo da Pol\u00edcia Civil e a remessa armamento e muni\u00e7\u00e3o para as pol\u00edcias militar e civil.<\/span><\/p>\n<p style=\"text-align: justify;\"><span style=\"font-size: 14pt;\">Para o prefeito Jos\u00e9 Ten\u00f3rio, a audi\u00eancia foi muito positiva, principalmente porque contou com a participa\u00e7\u00e3o de autoridades que v\u00e3o poder interceder junto ao governo do Estado para a busca de solu\u00e7\u00f5es. \u201cN\u00e3o viemos aqui para apontar culpados ou responsabilizar autoridades. Viemos para mostrar as dificuldades que enfrentando na seguran\u00e7a p\u00fablica, buscar parcerias com outros \u00f3rg\u00e3os e encontrar solu\u00e7\u00f5es para os problemas da viol\u00eancia no nosso munic\u00edpio\u201d, afirmou o prefeito.<\/span><\/p>\n<p style=\"text-align: justify;\"><span style=\"font-size: 14pt;\">A audi\u00eancia contou ainda com a participa\u00e7\u00e3o do sub-secret\u00e1rio de Defesa Social, coronel Ronaldo dos Santos; do comandante do policiamento do interior, coronel Marcos Brito; do deputado estadual S\u00e9rgio Toledo; e do advogado S\u00edlvio Camelo, representando o OAB\/AL. Tamb\u00e9m compareceram a audi\u00eancia, o presidente da Almagis, Paulo Zacarias; o presidente da AMA; Jarbas Omena, o juiz de Boca da Mata, Fernando Tourinho; o presidente da C\u00e2mara de Boca da Mata, C\u00edcero Ot\u00e1vio da Costa e outros cinco vereadores ; e o juiz Maur\u00edlio Ferraz, representando o TJ\/AL. Tamb\u00e9m marcaram presen\u00e7a o presidente da Associa\u00e7\u00e3o dos Delegados de Alagoas (Adepol), Ant\u00f4nio Carlos Lessa, e o delegado do munic\u00edpio, Robson Coutinho e os delegados \u00c9lvio Alves (Depin).<\/span><\/p>\n<p style=\"text-align: justify;\"><span style=\"font-size: 14pt;\">De acordo com o promotor de Justi\u00e7a Cl\u00e1udio Malta, todos os participantes dessa primeira audi\u00eancia p\u00fablica, transmitida ao vivo pela r\u00e1dio comunit\u00e1ria do munic\u00edpio, foram convidados para a segunda audi\u00eancia p\u00fablica, em Boca da Mata no dia 9 de outubro.<\/span><\/p>\n","protected":false},"excerpt":{"rendered":"<p> [&hellip;]<\/p>\n","protected":false},"author":5,"featured_media":11437,"comment_status":"open","ping_status":"open","sticky":false,"template":"","format":"standard","meta":{"om_disable_all_campaigns":false,"_monsterinsights_skip_tracking":false,"_monsterinsights_sitenote_active":false,"_monsterinsights_sitenote_note":"","_monsterinsights_sitenote_category":0,"_uf_show_specific_survey":0,"_uf_disable_surveys":false,"footnotes":""},"categories":[2],"tags":[],"class_list":["post-11436","post","type-post","status-publish","format-standard","has-post-thumbnail","hentry","category-not_mpal"],"aioseo_notices":[],"_links":{"self":[{"href":"https:\/\/www.mpal.mp.br\/index.php?rest_route=\/wp\/v2\/posts\/11436","targetHints":{"allow":["GET"]}}],"collection":[{"href":"https:\/\/www.mpal.mp.br\/index.php?rest_route=\/wp\/v2\/posts"}],"about":[{"href":"https:\/\/www.mpal.mp.br\/index.php?rest_route=\/wp\/v2\/types\/post"}],"author":[{"embeddable":true,"href":"https:\/\/www.mpal.mp.br\/index.php?rest_route=\/wp\/v2\/users\/5"}],"replies":[{"embeddable":true,"href":"https:\/\/www.mpal.mp.br\/index.php?rest_route=%2Fwp%2Fv2%2Fcomments&post=11436"}],"version-history":[{"count":1,"href":"https:\/\/www.mpal.mp.br\/index.php?rest_route=\/wp\/v2\/posts\/11436\/revisions"}],"predecessor-version":[{"id":11438,"href":"https:\/\/www.mpal.mp.br\/index.php?rest_route=\/wp\/v2\/posts\/11436\/revisions\/11438"}],"wp:featuredmedia":[{"embeddable":true,"href":"https:\/\/www.mpal.mp.br\/index.php?rest_route=\/wp\/v2\/media\/11437"}],"wp:attachment":[{"href":"https:\/\/www.mpal.mp.br\/index.php?rest_route=%2Fwp%2Fv2%2Fmedia&parent=11436"}],"wp:term":[{"taxonomy":"category","embeddable":true,"href":"https:\/\/www.mpal.mp.br\/index.php?rest_route=%2Fwp%2Fv2%2Fcategories&post=11436"},{"taxonomy":"post_tag","embeddable":true,"href":"https:\/\/www.mpal.mp.br\/index.php?rest_route=%2Fwp%2Fv2%2Ftags&post=11436"}],"curies":[{"name":"wp","href":"https:\/\/api.w.org\/{rel}","templated":true}]}}