{"id":11432,"date":"2007-05-15T11:44:35","date_gmt":"2007-05-15T14:44:35","guid":{"rendered":"https:\/\/www.mpal.mp.br\/?p=11432"},"modified":"2022-07-07T11:45:25","modified_gmt":"2022-07-07T14:45:25","slug":"violencia-sexual-codigo-de-conduta-e-registrado-em-cartorio-de-titulos-e-documentos","status":"publish","type":"post","link":"https:\/\/www.mpal.mp.br\/?p=11432","title":{"rendered":"Viol\u00eancia sexual: C\u00f3digo de Conduta \u00e9 registrado em Cart\u00f3rio de T\u00edtulos e Documentos"},"content":{"rendered":"<p style=\"text-align: justify;\"><span style=\"font-size: 14pt;\">O C\u00f3digo de Conduta do Turismo contra a Explora\u00e7\u00e3o Sexual Infanto-Juvenil foi registrado na manh\u00e3 desta ter\u00e7a-feira (15\/05), no Cart\u00f3rio 2\u00ba Registro de T\u00edtulos e Documentos, em Macei\u00f3. O c\u00f3digo ser\u00e1 lan\u00e7ado na sexta-feira, \u00e0s 17h30, no Hotel Ponta Verde, como parte da campanha do Dia Nacional de Combate ao Abuso e \u00e0 Explora\u00e7\u00e3o Sexual (18 de maio).<\/span><\/p>\n<p style=\"text-align: justify;\"><span style=\"font-size: 14pt;\">O ato de registro, gratuitamente autenticado pelo oficial Rainey Barbosa Alves Marinho, coordenador da Rede Anoreg de Responsabilidade Civil (Rares), foi acompanhado pela promotora de Justi\u00e7a Marluce Falc\u00e3o, que representou o F\u00f3rum de Enfrentamento \u00e0 Explora\u00e7\u00e3o Sexual Infanto-Juvenil e ao Turismo Sexual de Alagoas. Durante o registro, Marinho comprometeu-se em integrar ao F\u00f3rum.<\/span><\/p>\n<p style=\"text-align: justify;\"><span style=\"font-size: 14pt;\">Na sexta-feira, o coordenador da Rares far\u00e1 a entrega oficial do c\u00f3digo ao trade tur\u00edstico. De acordo com a promotora de Justi\u00e7a Marluce Falc\u00e3o, com o registro, o c\u00f3digo passa a ter sua efetividade sendo uma norma de coer\u00e7\u00e3o moral, possibilitando a ades\u00e3o de todos aqueles que manifestem o compromisso com a causa.<\/span><\/p>\n<p style=\"text-align: justify;\"><span style=\"font-size: 14pt;\">Amanh\u00e3 (16\/05), est\u00e3o programadas palestras educativas na Escola Petr\u00f4nio Vianna, no Conjunto Carminha ( final do Benedito Bentes), das 8h30 \u00e0s 11h30; e na Comunidade Lix\u00e3o (S\u00edtio S\u00e3o Jorge), das 14h30 as 16h30. \u00c0 noite, a partir das 19h30, o tema ser\u00e1 debatido na FAL, em Jaragu\u00e1. Entre os palestrantes est\u00e3o a promotora de Justi\u00e7a Marluce Falc\u00e3o, o promotor de Justi\u00e7a Ubirajara Ramos; a representante do CREAS (Programa Sentinela), Salete Beltr\u00e3o; a coordenadora do Curso de Turismo da FAL, M\u00f4nica Suruagy; e a Secret\u00e1ria Municipal de Turismo, Cl\u00e1udia Pessoa.<\/span><\/p>\n<p style=\"text-align: justify;\"><span style=\"font-size: 14pt;\">Na quinta-feira (17\/05), as atividades preparat\u00f3rias ao Dia Nacional de Combate ao Abuso e \u00e0 Explora\u00e7\u00e3o Sexual prosseguem com palestra educativa, \u00e0s 14h30, na Escola Benedita de Castro ( Rua Santa Rita S\/N Clima Bom II\/pr\u00f3ximo ao Supermercado Boa Vista).<\/span><\/p>\n<p style=\"text-align: justify;\"><span style=\"font-size: 14pt;\">\u201cNa sexta-feira, data da mobiliza\u00e7\u00e3o nacional, vamos concentrar as atividades nas panfletagens, com o material da campanha, uma audi\u00eancia p\u00fablica na C\u00e2mara de Vereadores de Macei\u00f3, com o lan\u00e7amento de um selo personalizado, e encerrar as atividades com o lan\u00e7amento do C\u00f3digo de Conduta do Turismo contra a Explora\u00e7\u00e3o Sexual Infanto \u2013 Juvenil\u201d, informa a promotora de Justi\u00e7a Marluce Falc\u00e3o, que representa o Minist\u00e9rio P\u00fablico de Alagoas na Coordena\u00e7\u00e3o das atividades do F\u00f3rum alagoano.<\/span><\/p>\n<p style=\"text-align: justify;\"><span style=\"font-size: 14pt;\">PROGRAMA\u00c7\u00c3O DO DIA NACIONAL DE COMBATE AO ABUSO E EXPLORA\u00c7\u00c3O SEXUAL\/18 DE MAIO<\/span><\/p>\n<p style=\"text-align: justify;\"><span style=\"font-size: 14pt;\">Panfletagem em toda Macei\u00f3 (ORLA, CENTRO, SHOPPING IGUATEMI, RODOVI\u00c1RIA, AEROPORTO, BAIRROS DE MACEI\u00d3)<\/span><\/p>\n<p style=\"text-align: justify;\"><span style=\"font-size: 14pt;\">HORA: 8 \u00e0s 16 horas<\/span><\/p>\n<p style=\"text-align: justify;\"><span style=\"font-size: 14pt;\">Audi\u00eancia P\u00fablica C\u00e2mara dos Vereadores<\/span><\/p>\n<p style=\"text-align: justify;\"><span style=\"font-size: 14pt;\">HORA \u2013 9 \u00e0s 9h15 \u2013 Abertura<\/span><\/p>\n<p style=\"text-align: justify;\"><span style=\"font-size: 14pt;\">9h15 \u00e0s 9h30 &#8211; Lan\u00e7amento do Selo Personalizado pelo Correios<\/span><\/p>\n<p style=\"text-align: justify;\"><span style=\"font-size: 14pt;\">Palestrantes<\/span><\/p>\n<p style=\"text-align: justify;\"><span style=\"font-size: 14pt;\">Marluce Falc\u00e3o \/ Ubirajara Ramos (Minist\u00e9rio P\u00fablico de Alagoas) \u2013 9h30 \u00e0s 9h50 ;<\/span><\/p>\n<p style=\"text-align: justify;\"><span style=\"font-size: 14pt;\">Salete Beltr\u00e3o ( CREAS &#8211; Programa Sentinela) \u2013 09h50 \u00e0s 10h10<\/span><\/p>\n<p style=\"text-align: justify;\"><span style=\"font-size: 14pt;\">Cl\u00e1udia Pessoa ( Secretaria Municipal de Turismo ) \u2013 10h15 \u00e0s 10h30<\/span><\/p>\n<p style=\"text-align: justify;\"><span style=\"font-size: 14pt;\">Tha\u00edza Oliveira &#8211; ( CAV CRIME ) \u2013 10h30 \u00e0s 10h50<\/span><\/p>\n<p style=\"text-align: justify;\"><span style=\"font-size: 14pt;\">Concentra\u00e7\u00e3o e Panfletagem na Pra\u00e7a Coronel Lucena Maranh\u00e3o realizada pela inst. MALUNGOS<\/span><\/p>\n<p style=\"text-align: justify;\"><span style=\"font-size: 14pt;\">End. \u2013 Bebedouro<\/span><\/p>\n<p style=\"text-align: justify;\"><span style=\"font-size: 14pt;\">Concentra\u00e7\u00e3o 10h30 \u00e0s 12 horas<\/span><\/p>\n<p style=\"text-align: justify;\"><span style=\"font-size: 14pt;\">16h30 \u00e0s 18 horas<\/span><\/p>\n<p style=\"text-align: justify;\"><span style=\"font-size: 14pt;\">Exposi\u00e7\u00e3o na FITS<\/span><\/p>\n<p style=\"text-align: justify;\"><span style=\"font-size: 14pt;\">LOCAL : Estante no Shopping Iguatemi<\/span><\/p>\n<p style=\"text-align: justify;\"><span style=\"font-size: 14pt;\">HORA : 8 \u00e0s 16 horas<\/span><\/p>\n<p style=\"text-align: justify;\"><span style=\"font-size: 14pt;\">Encerramento no Hotel :<\/span><\/p>\n<p style=\"text-align: justify;\"><span style=\"font-size: 14pt;\">Lan\u00e7amento do C\u00f3digo de Conduta do Turismo contra a Explora\u00e7\u00e3o Sexual Infanto &#8211; Juvenil<\/span><\/p>\n<p style=\"text-align: justify;\"><span style=\"font-size: 14pt;\">LOCAL: Hotel Ponta Verde<\/span><\/p>\n<p style=\"text-align: justify;\"><span style=\"font-size: 14pt;\">HORA:17:30h.<\/span><\/p>\n<p style=\"text-align: justify;\"><span style=\"font-size: 14pt;\">COORDENA\u00c7\u00c3O GERAL:<\/span><\/p>\n<p style=\"text-align: justify;\"><span style=\"font-size: 14pt;\">Minist\u00e9rio P\u00fablico Estadual &#8211; Marluce Falc\u00e3o \/ Ubirajara Ramos;<\/span><\/p>\n<p style=\"text-align: justify;\"><span style=\"font-size: 14pt;\">Prefeitura Municipal de Macei\u00f3 \u2013 Prefeito C\u00edcero Almeida;<\/span><\/p>\n<p style=\"text-align: justify;\"><span style=\"font-size: 14pt;\">Secretaria Municipal de Assist\u00eancia Social \u2013 Cl\u00e1udio Farias;<\/span><\/p>\n<p style=\"text-align: justify;\"><span style=\"font-size: 14pt;\">CREAS \u2013 Programa Sentinela \u2013 Maria Salete de A. Beltr\u00e3o;<\/span><\/p>\n<p style=\"text-align: justify;\"><span style=\"font-size: 14pt;\">Secretaria Municipal de Turismo \u2013 Cl\u00e1udia Pessoa e Sandra Lamenha;<\/span><\/p>\n<p style=\"text-align: justify;\"><span style=\"font-size: 14pt;\">Associa\u00e7\u00e3o Brasileira da Ind\u00fastria Hoteleira &#8211; ABIH- Tereza Bandeira;<\/span><\/p>\n<p style=\"text-align: justify;\"><span style=\"font-size: 14pt;\">\u00d3RG\u00c3OS ENVOLVIDOS:<\/span><\/p>\n<p style=\"text-align: justify;\"><span style=\"font-size: 14pt;\">CONSELHOS TUTELARES<\/span><\/p>\n<p style=\"text-align: justify;\"><span style=\"font-size: 14pt;\">R. A. \u2013 I e II \u2013 Centro; R.AIII e IV \u2013 (Bebedouro); R.AV E VI (Jacintinho);<\/span><\/p>\n<p style=\"text-align: justify;\"><span style=\"font-size: 14pt;\">R. A. VII \u2013 (Tabuleiro)<\/span><\/p>\n<p style=\"text-align: justify;\"><span style=\"font-size: 14pt;\">FACULDADES:<\/span><\/p>\n<p style=\"text-align: justify;\"><span style=\"font-size: 14pt;\">FAL<\/span><\/p>\n<p style=\"text-align: justify;\"><span style=\"font-size: 14pt;\">FITS<\/span><\/p>\n<p style=\"text-align: justify;\"><span style=\"font-size: 14pt;\">SECRETARIA DE DEFESA SOCIAL:<\/span><\/p>\n<p style=\"text-align: justify;\"><span style=\"font-size: 14pt;\">POLICIA MILITAR<\/span><\/p>\n<p style=\"text-align: justify;\"><span style=\"font-size: 14pt;\">POL\u00cdCIA CIVIL<\/span><\/p>\n<p style=\"text-align: justify;\"><span style=\"font-size: 14pt;\">DETRAN<\/span><\/p>\n<p style=\"text-align: justify;\"><span style=\"font-size: 14pt;\">CDL<\/span><\/p>\n<p style=\"text-align: justify;\"><span style=\"font-size: 14pt;\">REDE Hoteleira<\/span><\/p>\n<p style=\"text-align: justify;\"><span style=\"font-size: 14pt;\">SEMED<\/span><\/p>\n<p style=\"text-align: justify;\"><span style=\"font-size: 14pt;\">SECRETARIA MUNICIPAL DE SA\u00daDE<\/span><\/p>\n<p style=\"text-align: justify;\"><span style=\"font-size: 14pt;\">EMPRESAS PARTICULARES<\/span><\/p>\n<p style=\"text-align: justify;\"><span style=\"font-size: 14pt;\">CORREIOS<\/span><\/p>\n<p style=\"text-align: justify;\"><span style=\"font-size: 14pt;\">SECRETARIA DA MULHER, CIDADANIA E DIREITOS HUMANOS:<\/span><\/p>\n<p style=\"text-align: justify;\"><span style=\"font-size: 14pt;\">CAV CRIME<\/span><\/p>\n<p style=\"text-align: justify;\"><span style=\"font-size: 14pt;\">SECRETARIA EXECUTIVA E INSER\u00c7\u00c3O DA ASSIST\u00caNCIA SOCIAL<\/span><\/p>\n<p style=\"text-align: justify;\"><span style=\"font-size: 14pt;\">POL\u00cdCIA RODOVI\u00c1RIA FEDERAL<\/span><\/p>\n<p style=\"text-align: justify;\"><span style=\"font-size: 14pt;\">CONSELHO MUNICIPAL DOS DIREITOS DA CRIAN\u00c7A E DO ADOLESCENTE<\/span><\/p>\n<p style=\"text-align: justify;\"><span style=\"font-size: 14pt;\">COMISS\u00c3O DOS DIREITOS HUMANOS DA ASSEMBL\u00c9IA LEGISLATIVA<\/span><\/p>\n<p style=\"text-align: justify;\"><span style=\"font-size: 14pt;\">COMISS\u00c3O DA CRIAN\u00c7A E ADOLESCENTE DA C\u00c2MARA DOS VEREADORES<\/span><\/p>\n","protected":false},"excerpt":{"rendered":"<p> [&hellip;]<\/p>\n","protected":false},"author":5,"featured_media":11434,"comment_status":"open","ping_status":"open","sticky":false,"template":"","format":"standard","meta":{"om_disable_all_campaigns":false,"_monsterinsights_skip_tracking":false,"_monsterinsights_sitenote_active":false,"_monsterinsights_sitenote_note":"","_monsterinsights_sitenote_category":0,"_uf_show_specific_survey":0,"_uf_disable_surveys":false,"footnotes":""},"categories":[2],"tags":[],"class_list":["post-11432","post","type-post","status-publish","format-standard","has-post-thumbnail","hentry","category-not_mpal"],"aioseo_notices":[],"_links":{"self":[{"href":"https:\/\/www.mpal.mp.br\/index.php?rest_route=\/wp\/v2\/posts\/11432","targetHints":{"allow":["GET"]}}],"collection":[{"href":"https:\/\/www.mpal.mp.br\/index.php?rest_route=\/wp\/v2\/posts"}],"about":[{"href":"https:\/\/www.mpal.mp.br\/index.php?rest_route=\/wp\/v2\/types\/post"}],"author":[{"embeddable":true,"href":"https:\/\/www.mpal.mp.br\/index.php?rest_route=\/wp\/v2\/users\/5"}],"replies":[{"embeddable":true,"href":"https:\/\/www.mpal.mp.br\/index.php?rest_route=%2Fwp%2Fv2%2Fcomments&post=11432"}],"version-history":[{"count":1,"href":"https:\/\/www.mpal.mp.br\/index.php?rest_route=\/wp\/v2\/posts\/11432\/revisions"}],"predecessor-version":[{"id":11435,"href":"https:\/\/www.mpal.mp.br\/index.php?rest_route=\/wp\/v2\/posts\/11432\/revisions\/11435"}],"wp:featuredmedia":[{"embeddable":true,"href":"https:\/\/www.mpal.mp.br\/index.php?rest_route=\/wp\/v2\/media\/11434"}],"wp:attachment":[{"href":"https:\/\/www.mpal.mp.br\/index.php?rest_route=%2Fwp%2Fv2%2Fmedia&parent=11432"}],"wp:term":[{"taxonomy":"category","embeddable":true,"href":"https:\/\/www.mpal.mp.br\/index.php?rest_route=%2Fwp%2Fv2%2Fcategories&post=11432"},{"taxonomy":"post_tag","embeddable":true,"href":"https:\/\/www.mpal.mp.br\/index.php?rest_route=%2Fwp%2Fv2%2Ftags&post=11432"}],"curies":[{"name":"wp","href":"https:\/\/api.w.org\/{rel}","templated":true}]}}