{"id":11428,"date":"2007-05-17T11:43:22","date_gmt":"2007-05-17T14:43:22","guid":{"rendered":"https:\/\/www.mpal.mp.br\/?p=11428"},"modified":"2022-07-07T11:44:08","modified_gmt":"2022-07-07T14:44:08","slug":"forum-intensifica-atuacao-no-dia-nacional-de-combate-ao-abuso-e-exploracao-sexual","status":"publish","type":"post","link":"https:\/\/www.mpal.mp.br\/?p=11428","title":{"rendered":"F\u00f3rum intensifica atua\u00e7\u00e3o no Dia Nacional de Combate ao Abuso e Explora\u00e7\u00e3o Sexual"},"content":{"rendered":"<p style=\"text-align: justify;\"><span style=\"font-size: 14pt;\">Nesta sexta-feira, 18 de maio, Dia Nacional de Combate ao Abuso e Explora\u00e7\u00e3o Sexual , quem reside na capital alagoana vai ser abordado em v\u00e1rios pontos da cidade por volunt\u00e1rios e carteiros a servi\u00e7o do F\u00f3rum Alagoano de Enfrentamento \u00e0 Explora\u00e7\u00e3o Sexual Infanto-Juvenil e ao Turismo Sexual. De acordo com a Coordena\u00e7\u00e3o do F\u00f3rum, haver\u00e1 distribui\u00e7\u00e3o de panfletos educativos na orla mar\u00edtima e lagunar, no centro da cidade, no Shopping Iguatemi (estande da campanha), na rodovi\u00e1ria, no aeroporto e bairros de Macei\u00f3, das 8 \u00e0s 16 horas.<\/span><\/p>\n<p style=\"text-align: justify;\"><span style=\"font-size: 14pt;\">Tamb\u00e9m est\u00e1 prevista a realiza\u00e7\u00e3o de uma audi\u00eancia p\u00fablica na C\u00e2mara Municipal de Macei\u00f3, \u00e0s 9 horas, especialmente convocada para discutir o problema da viol\u00eancia e do abuso sexual na capital alagoana. A audi\u00eancia ser\u00e1 aberta com o lan\u00e7amento de um selo personalizado, que vai marcar a vers\u00e3o alagoana neste dia de mobiliza\u00e7\u00e3o nacional.<\/span><\/p>\n<p style=\"text-align: justify;\"><span style=\"font-size: 14pt;\">No final da tarde, por volta das 17h30, representantes do trade tur\u00edstico local v\u00e3o se reunir, no Hotel Ponta Verde, para o lan\u00e7amento oficial do C\u00f3digo de Conduta do Turismo contra a Explora\u00e7\u00e3o Sexual Infanto-Juvenil, j\u00e1 registrado no 2\u00ba Cart\u00f3rio de T\u00edtulos e Documentos da Capital.<\/span><\/p>\n<p style=\"text-align: justify;\"><span style=\"font-size: 14pt;\">Confira, abaixo, os detalhes da programa\u00e7\u00e3o.<\/span><\/p>\n<p style=\"text-align: justify;\"><span style=\"font-size: 14pt;\">Panfletagem em toda Macei\u00f3 (ORLA, CENTRO, SHOPPING IGUATEMI, RODOVI\u00c1RIA, AEROPORTO, BAIRROS DE MACEI\u00d3)<\/span><\/p>\n<p style=\"text-align: justify;\"><span style=\"font-size: 14pt;\">HORA: 8 \u00e0s 16 horas<\/span><\/p>\n<p style=\"text-align: justify;\"><span style=\"font-size: 14pt;\">Audi\u00eancia P\u00fablica C\u00e2mara dos Vereadores<\/span><\/p>\n<p style=\"text-align: justify;\"><span style=\"font-size: 14pt;\">HORA \u2013 9 \u00e0s 9h15 \u2013 Abertura<\/span><\/p>\n<p style=\"text-align: justify;\"><span style=\"font-size: 14pt;\">9h15 \u00e0s 9h30 &#8211; Lan\u00e7amento do Selo Personalizado pelo Correios<\/span><\/p>\n<p style=\"text-align: justify;\"><span style=\"font-size: 14pt;\">Palestrantes<\/span><\/p>\n<p style=\"text-align: justify;\"><span style=\"font-size: 14pt;\">Minist\u00e9rio P\u00fablico Estadual &#8211; Marluce Falc\u00e3o \/ Dr\u00b0 Ubirajara Ramos;<\/span><\/p>\n<p style=\"text-align: justify;\"><span style=\"font-size: 14pt;\">Prefeitura Municipal de Macei\u00f3 \u2013 Prefeito C\u00edcero Almeida;<\/span><\/p>\n<p style=\"text-align: justify;\"><span style=\"font-size: 14pt;\">Secretaria Municipal de Assist\u00eancia Social \u2013 Cl\u00e1udio Farias;<\/span><\/p>\n<p style=\"text-align: justify;\"><span style=\"font-size: 14pt;\">CREAS \u2013 Programa Sentinela \u2013 Maria Salete de A. Beltr\u00e3o;<\/span><\/p>\n<p style=\"text-align: justify;\"><span style=\"font-size: 14pt;\">Secretaria Municipal de Turismo \u2013 Cl\u00e1udia Pessoa e Sandra Lamenha;<\/span><\/p>\n<p style=\"text-align: justify;\"><span style=\"font-size: 14pt;\">Associa\u00e7\u00e3o Brasileira da Ind\u00fastria Hoteleira &#8211; ABIH- Tereza Bandeira;Marluce Falc\u00e3o \/ Ubirajara Ramos (Minist\u00e9rio P\u00fablico de Alagoas) \u2013 9h30 \u00e0s 9h50 ;<\/span><\/p>\n<p style=\"text-align: justify;\"><span style=\"font-size: 14pt;\">Salete Beltr\u00e3o ( CREAS &#8211; Programa Sentinela) \u2013 09h50 \u00e0s 10h10<\/span><\/p>\n<p style=\"text-align: justify;\"><span style=\"font-size: 14pt;\">Cl\u00e1udia Pessoa ( Secretaria Municipal de Turismo ) \u2013 10h15 \u00e0s 10h30<\/span><\/p>\n<p style=\"text-align: justify;\"><span style=\"font-size: 14pt;\">Tha\u00edza Oliveira &#8211; ( CAV CRIME ) \u2013 10h30 \u00e0s 10h50<\/span><\/p>\n<p style=\"text-align: justify;\"><span style=\"font-size: 14pt;\">Concentra\u00e7\u00e3o e Panfletagem na Pra\u00e7a Coronel Lucena Maranh\u00e3o realizada pela inst. MALUNGOS<\/span><\/p>\n<p style=\"text-align: justify;\"><span style=\"font-size: 14pt;\">End. \u2013 Bebedouro<\/span><\/p>\n<p style=\"text-align: justify;\"><span style=\"font-size: 14pt;\">Concentra\u00e7\u00e3o 10h30 \u00e0s 12 horas<\/span><\/p>\n<p style=\"text-align: justify;\"><span style=\"font-size: 14pt;\">16h30 \u00e0s 18 horas<\/span><\/p>\n<p style=\"text-align: justify;\"><span style=\"font-size: 14pt;\">Exposi\u00e7\u00e3o na FITS<\/span><\/p>\n<p style=\"text-align: justify;\"><span style=\"font-size: 14pt;\">LOCAL : Estante no Shopping Iguatemi<\/span><\/p>\n<p style=\"text-align: justify;\"><span style=\"font-size: 14pt;\">HORA : 8 \u00e0s 16 horas<\/span><\/p>\n<p style=\"text-align: justify;\"><span style=\"font-size: 14pt;\">Encerramento no Hotel :<\/span><\/p>\n<p style=\"text-align: justify;\"><span style=\"font-size: 14pt;\">Lan\u00e7amento do C\u00f3digo de Conduta do Turismo contra a Explora\u00e7\u00e3o Sexual Infanto &#8211; Juvenil<\/span><\/p>\n<p style=\"text-align: justify;\"><span style=\"font-size: 14pt;\">LOCAL: Hotel Ponta Verde<\/span><\/p>\n<p style=\"text-align: justify;\"><span style=\"font-size: 14pt;\">HORA:17:30h.<\/span><\/p>\n<p style=\"text-align: justify;\"><span style=\"font-size: 14pt;\">COORDENA\u00c7\u00c3O GERAL:<\/span><\/p>\n<p style=\"text-align: justify;\"><span style=\"font-size: 14pt;\">Minist\u00e9rio P\u00fablico Estadual &#8211; Marluce Falc\u00e3o \/ Dr\u00b0 Ubirajara Ramos;<\/span><\/p>\n<p style=\"text-align: justify;\"><span style=\"font-size: 14pt;\">Prefeitura Municipal de Macei\u00f3 \u2013 Prefeito C\u00edcero Almeida;<\/span><\/p>\n<p style=\"text-align: justify;\"><span style=\"font-size: 14pt;\">Secretaria Municipal de Assist\u00eancia Social \u2013 Cl\u00e1udio Farias;<\/span><\/p>\n<p style=\"text-align: justify;\"><span style=\"font-size: 14pt;\">CREAS \u2013 Programa Sentinela \u2013 Maria Salete de A. Beltr\u00e3o;<\/span><\/p>\n<p style=\"text-align: justify;\"><span style=\"font-size: 14pt;\">Secretaria Municipal de Turismo \u2013 Cl\u00e1udia Pessoa e Sandra Lamenha;<\/span><\/p>\n<p style=\"text-align: justify;\"><span style=\"font-size: 14pt;\">Associa\u00e7\u00e3o Brasileira da Ind\u00fastria Hoteleira &#8211; ABIH- Tereza Bandeira;<\/span><\/p>\n<p style=\"text-align: justify;\"><span style=\"font-size: 14pt;\">\u00d3RG\u00c3OS ENVOLVIDOS:<\/span><\/p>\n<p style=\"text-align: justify;\"><span style=\"font-size: 14pt;\">CONSELHOS TUTELARES<\/span><\/p>\n<p style=\"text-align: justify;\"><span style=\"font-size: 14pt;\">R. A. \u2013 I e II \u2013 Centro; R.AIII e IV \u2013 (Bebedouro); R.AV E VI (Jacintinho);<\/span><\/p>\n<p style=\"text-align: justify;\"><span style=\"font-size: 14pt;\">R. A. VII \u2013 (Tabuleiro)<\/span><\/p>\n<p style=\"text-align: justify;\"><span style=\"font-size: 14pt;\">FACULDADES:<\/span><\/p>\n<p style=\"text-align: justify;\"><span style=\"font-size: 14pt;\">FAL<\/span><\/p>\n<p style=\"text-align: justify;\"><span style=\"font-size: 14pt;\">FITS<\/span><\/p>\n<p style=\"text-align: justify;\"><span style=\"font-size: 14pt;\">SECRETARIA DE DEFESA SOCIAL:<\/span><\/p>\n<p style=\"text-align: justify;\"><span style=\"font-size: 14pt;\">POLICIA MILITAR<\/span><\/p>\n<p style=\"text-align: justify;\"><span style=\"font-size: 14pt;\">POL\u00cdCIA CIVIL<\/span><\/p>\n<p style=\"text-align: justify;\"><span style=\"font-size: 14pt;\">DETRAN<\/span><\/p>\n<p style=\"text-align: justify;\"><span style=\"font-size: 14pt;\">CDL<\/span><\/p>\n<p style=\"text-align: justify;\"><span style=\"font-size: 14pt;\">REDE Hoteleira<\/span><\/p>\n<p style=\"text-align: justify;\"><span style=\"font-size: 14pt;\">SEMED<\/span><\/p>\n<p style=\"text-align: justify;\"><span style=\"font-size: 14pt;\">SECRETARIA MUNICIPAL DE SA\u00daDE<\/span><\/p>\n<p style=\"text-align: justify;\"><span style=\"font-size: 14pt;\">EMPRESAS PARTICULARES<\/span><\/p>\n<p style=\"text-align: justify;\"><span style=\"font-size: 14pt;\">CORREIOS<\/span><\/p>\n<p style=\"text-align: justify;\"><span style=\"font-size: 14pt;\">SECRETARIA DA MULHER, CIDADANIA E DIREITOS HUMANOS:<\/span><\/p>\n<p style=\"text-align: justify;\"><span style=\"font-size: 14pt;\">CAV CRIME<\/span><\/p>\n<p style=\"text-align: justify;\"><span style=\"font-size: 14pt;\">SECRETARIA EXECUTIVA E INSER\u00c7\u00c3O DA ASSIST\u00caNCIA SOCIAL<\/span><\/p>\n<p style=\"text-align: justify;\"><span style=\"font-size: 14pt;\">POL\u00cdCIA RODOVI\u00c1RIA FEDERAL<\/span><\/p>\n<p style=\"text-align: justify;\"><span style=\"font-size: 14pt;\">CONSELHO MUNICIPAL DOS DIREITOS DA CRIAN\u00c7A E DO ADOLESCENTE<\/span><\/p>\n<p style=\"text-align: justify;\"><span style=\"font-size: 14pt;\">COMISS\u00c3O DOS DIREITOS HUMANOS DA ASSEMBL\u00c9IA LEGISLATIVA<\/span><\/p>\n<p style=\"text-align: justify;\"><span style=\"font-size: 14pt;\">COMISS\u00c3O DA CRIAN\u00c7A E ADOLESCENTE DA C\u00c2MARA DOS VEREADORES<\/span><\/p>\n","protected":false},"excerpt":{"rendered":"<p> [&hellip;]<\/p>\n","protected":false},"author":5,"featured_media":11430,"comment_status":"open","ping_status":"open","sticky":false,"template":"","format":"standard","meta":{"om_disable_all_campaigns":false,"_monsterinsights_skip_tracking":false,"_monsterinsights_sitenote_active":false,"_monsterinsights_sitenote_note":"","_monsterinsights_sitenote_category":0,"_uf_show_specific_survey":0,"_uf_disable_surveys":false,"footnotes":""},"categories":[2],"tags":[],"class_list":["post-11428","post","type-post","status-publish","format-standard","has-post-thumbnail","hentry","category-not_mpal"],"aioseo_notices":[],"_links":{"self":[{"href":"https:\/\/www.mpal.mp.br\/index.php?rest_route=\/wp\/v2\/posts\/11428","targetHints":{"allow":["GET"]}}],"collection":[{"href":"https:\/\/www.mpal.mp.br\/index.php?rest_route=\/wp\/v2\/posts"}],"about":[{"href":"https:\/\/www.mpal.mp.br\/index.php?rest_route=\/wp\/v2\/types\/post"}],"author":[{"embeddable":true,"href":"https:\/\/www.mpal.mp.br\/index.php?rest_route=\/wp\/v2\/users\/5"}],"replies":[{"embeddable":true,"href":"https:\/\/www.mpal.mp.br\/index.php?rest_route=%2Fwp%2Fv2%2Fcomments&post=11428"}],"version-history":[{"count":1,"href":"https:\/\/www.mpal.mp.br\/index.php?rest_route=\/wp\/v2\/posts\/11428\/revisions"}],"predecessor-version":[{"id":11431,"href":"https:\/\/www.mpal.mp.br\/index.php?rest_route=\/wp\/v2\/posts\/11428\/revisions\/11431"}],"wp:featuredmedia":[{"embeddable":true,"href":"https:\/\/www.mpal.mp.br\/index.php?rest_route=\/wp\/v2\/media\/11430"}],"wp:attachment":[{"href":"https:\/\/www.mpal.mp.br\/index.php?rest_route=%2Fwp%2Fv2%2Fmedia&parent=11428"}],"wp:term":[{"taxonomy":"category","embeddable":true,"href":"https:\/\/www.mpal.mp.br\/index.php?rest_route=%2Fwp%2Fv2%2Fcategories&post=11428"},{"taxonomy":"post_tag","embeddable":true,"href":"https:\/\/www.mpal.mp.br\/index.php?rest_route=%2Fwp%2Fv2%2Ftags&post=11428"}],"curies":[{"name":"wp","href":"https:\/\/api.w.org\/{rel}","templated":true}]}}