{"id":11237,"date":"2007-11-05T10:18:57","date_gmt":"2007-11-05T12:18:57","guid":{"rendered":"https:\/\/www.mpal.mp.br\/?p=11237"},"modified":"2022-07-06T10:20:32","modified_gmt":"2022-07-06T13:20:32","slug":"dengue-mp-sugere-que-prefeitura-de-maceio-de-poder-de-policia-aos-agentes-de-saude","status":"publish","type":"post","link":"https:\/\/www.mpal.mp.br\/?p=11237","title":{"rendered":"Dengue: MP sugere que Prefeitura de Macei\u00f3 d\u00ea poder de pol\u00edcia aos agentes de sa\u00fade"},"content":{"rendered":"<p style=\"text-align: justify;\"><span style=\"font-size: 14pt;\">A pedido do Minist\u00e9rio P\u00fablico Estadual, a Prefeitura de Macei\u00f3 vai baixar um decreto municipal dando \u00e0s equipes de combate \u00e0 dengue o poder de pol\u00edcia para entrar nos im\u00f3veis fechados, onde h\u00e1 focos do mosquito transmissor da doen\u00e7a. A informa\u00e7\u00e3o foi confirmada hoje \u00e0 tarde pelo procurador-geral do munic\u00edpio de Macei\u00f3, Di\u00f3genes Ten\u00f3rio Filho, ap\u00f3s reuni\u00e3o com as promotoras de Justi\u00e7a Cec\u00edlia Carna\u00faba, Micheline Ten\u00f3rio e Dalva Ten\u00f3rio.<\/span><\/p>\n<p style=\"text-align: justify;\"><span style=\"font-size: 14pt;\">A reuni\u00e3o aconteceu na Procuradoria-Geral de Justi\u00e7a e contou ainda com a participa\u00e7\u00e3o do secret\u00e1rio municipal de Sa\u00fade, Th\u00e9o Fortes; do diretor do Departamento de Defesa \u00e0 Sa\u00fade, Ednaldo Balbino; do coordenador do Centro de Controle de Zoonoses (CCZ), Carlos Eduardo da Silva; do coordenador do Programa de Combate \u00e0s Edemias, Herbert Charles Silva; e do coordenador do Programa Municipal de Combate \u00e0 Dengue, Paulo de Carvalho Silva.<\/span><\/p>\n<p style=\"text-align: justify;\"><span style=\"font-size: 14pt;\">\u201cO Minist\u00e9rio P\u00fablico Estadual nos passou uma minuta do decreto municipal que ser\u00e1 preparado pela Procuradoria-Geral do Munic\u00edpio, para dar as equipes de combate \u00e0 dengue o poder de entrar nos im\u00f3veis fechados e naqueles onde os moradores se recusam a receber os agentes de sa\u00fade\u201d, explicou Di\u00f3genes Ten\u00f3rio. Segundo ele, h\u00e1 base legal para a publica\u00e7\u00e3o do decreto, j\u00e1 que existe uma situa\u00e7\u00e3o de eminente perigo \u00e0 sa\u00fade p\u00fablica.<\/span><\/p>\n<p style=\"text-align: justify;\"><span style=\"font-size: 14pt;\">Para a promotora de Justi\u00e7a Cec\u00edlia Carna\u00faba, a decis\u00e3o da Prefeitura de Macei\u00f3 vai facilitar as a\u00e7\u00f5es da for\u00e7a-tarefa, criada no m\u00eas de setembro para refor\u00e7ar o trabalho dos agentes de sa\u00fade no combate \u00e0 dengue. \u201cO decreto foi sugerido porque, infelizmente, muitos donos de im\u00f3veis t\u00eam se recusado a abrir as portas para as equipes de combate ao mosquito da dengue\u201d, justificou a promotora.<\/span><\/p>\n<p style=\"text-align: justify;\"><span style=\"font-size: 14pt;\">\u201cOs im\u00f3veis fechados representam um risco maior que os terrenos baldios, j\u00e1 que nos terrenos os mosquitos n\u00e3o saem para atacar as pessoas porque a autonomia de v\u00f4o deles \u00e9 de 50 metros e nos im\u00f3veis fechados o risco de contamina\u00e7\u00e3o \u00e9 maior\u201d, acrescentou Cec\u00edlia. Por isso, para ela, o mais importante \u00e9 a participa\u00e7\u00e3o da popula\u00e7\u00e3o no combate aos focos do mosquito. \u201cSem o apoio dos moradores as a\u00e7\u00f5es de combate ao mosquito n\u00e3o avan\u00e7am e novos casos da doen\u00e7a ser\u00e3o notificados\u201d, alertou.<\/span><\/p>\n<p style=\"text-align: justify;\"><span style=\"font-size: 14pt;\">Segundo a promotora de Justi\u00e7a Micheline Ten\u00f3rio, no segundo relat\u00f3rio parcial das a\u00e7\u00f5es da for\u00e7a tarefa, mais de 7 mil im\u00f3veis, aos quais antes os agentes de sa\u00fade n\u00e3o tinham acesso, foram visitados pelas equipes de combate \u00e1 dengue, com o apoio do Ex\u00e9rcito Brasileiro, do Corpo de Bombeiros e da Pol\u00edcia Militar. \u201cEssas a\u00e7\u00f5es ter\u00e3o continuidade no m\u00eas de novembro, quando no pr\u00f3ximo dia 24 estaremos realizando o dia &#8216;D&#8217; de combate \u00e0 dengue\u201d, acrescentou a promotora de Justi\u00e7a Dalva Ten\u00f3rio.<\/span><\/p>\n<p style=\"text-align: justify;\"><span style=\"font-size: 14pt;\">De acordo com o coordenador da CCZ,. Carlos Eduardo da Silva, durante o trabalho da for\u00e7a-tarefa, 115 im\u00f3veis se recusaram a receber as equipes de combate \u00e1 dengue, mesmo refor\u00e7ada com a presen\u00e7a de militares. Segundo ele, este ano j\u00e1 foram confirmadas 11 mortes por dengue em Alagoas, das quais 4 em Macei\u00f3. Ao todo, s\u00f3 na capital, foram notificados 4.200 casos, dos quais 3.800 foram confirmados.<\/span><\/p>\n<p style=\"text-align: justify;\"><span style=\"font-size: 14pt;\">Durante a reuni\u00e3o, o secret\u00e1rio municipal de Sa\u00fade, Th\u00e9o Fortes, reclamou da falta de apoio do governo federal no combate \u00e1 dengue em Macei\u00f3, principalmente na libera\u00e7\u00e3o do veneno para matar o mosquito transmissor da doen\u00e7a. As promotoras de Justi\u00e7a ficaram, ent\u00e3o, de entrar em contato com o Minist\u00e9rio P\u00fablico Federal para cobrar uma ajuda maior da Uni\u00e3o no mutir\u00e3o de combate \u00e0 dengue.<\/span><\/p>\n","protected":false},"excerpt":{"rendered":"<p> [&hellip;]<\/p>\n","protected":false},"author":4,"featured_media":11238,"comment_status":"open","ping_status":"open","sticky":false,"template":"","format":"standard","meta":{"om_disable_all_campaigns":false,"_monsterinsights_skip_tracking":false,"_monsterinsights_sitenote_active":false,"_monsterinsights_sitenote_note":"","_monsterinsights_sitenote_category":0,"_uf_show_specific_survey":0,"_uf_disable_surveys":false,"footnotes":""},"categories":[2],"tags":[],"class_list":["post-11237","post","type-post","status-publish","format-standard","has-post-thumbnail","hentry","category-not_mpal"],"aioseo_notices":[],"_links":{"self":[{"href":"https:\/\/www.mpal.mp.br\/index.php?rest_route=\/wp\/v2\/posts\/11237","targetHints":{"allow":["GET"]}}],"collection":[{"href":"https:\/\/www.mpal.mp.br\/index.php?rest_route=\/wp\/v2\/posts"}],"about":[{"href":"https:\/\/www.mpal.mp.br\/index.php?rest_route=\/wp\/v2\/types\/post"}],"author":[{"embeddable":true,"href":"https:\/\/www.mpal.mp.br\/index.php?rest_route=\/wp\/v2\/users\/4"}],"replies":[{"embeddable":true,"href":"https:\/\/www.mpal.mp.br\/index.php?rest_route=%2Fwp%2Fv2%2Fcomments&post=11237"}],"version-history":[{"count":1,"href":"https:\/\/www.mpal.mp.br\/index.php?rest_route=\/wp\/v2\/posts\/11237\/revisions"}],"predecessor-version":[{"id":11239,"href":"https:\/\/www.mpal.mp.br\/index.php?rest_route=\/wp\/v2\/posts\/11237\/revisions\/11239"}],"wp:featuredmedia":[{"embeddable":true,"href":"https:\/\/www.mpal.mp.br\/index.php?rest_route=\/wp\/v2\/media\/11238"}],"wp:attachment":[{"href":"https:\/\/www.mpal.mp.br\/index.php?rest_route=%2Fwp%2Fv2%2Fmedia&parent=11237"}],"wp:term":[{"taxonomy":"category","embeddable":true,"href":"https:\/\/www.mpal.mp.br\/index.php?rest_route=%2Fwp%2Fv2%2Fcategories&post=11237"},{"taxonomy":"post_tag","embeddable":true,"href":"https:\/\/www.mpal.mp.br\/index.php?rest_route=%2Fwp%2Fv2%2Ftags&post=11237"}],"curies":[{"name":"wp","href":"https:\/\/api.w.org\/{rel}","templated":true}]}}