{"id":11234,"date":"2007-11-12T10:15:25","date_gmt":"2007-11-12T12:15:25","guid":{"rendered":"https:\/\/www.mpal.mp.br\/?p=11234"},"modified":"2022-07-06T10:16:39","modified_gmt":"2022-07-06T13:16:39","slug":"saude-promotores-de-justica-discutem-plano-de-acao-para-2008","status":"publish","type":"post","link":"https:\/\/www.mpal.mp.br\/?p=11234","title":{"rendered":"Sa\u00fade: promotores de Justi\u00e7a discutem plano de a\u00e7\u00e3o para 2008"},"content":{"rendered":"<p style=\"text-align: justify;\"><span style=\"font-size: 14pt;\">Promotores de Justi\u00e7a que atuam na capital e no interior do estado discutiram, durante toda a manh\u00e3 desta segunda-feira, um Plano de A\u00e7\u00e3o do Minist\u00e9rio P\u00fablico de Alagoas em Defesa da Sa\u00fade, a partir de proposta sistematizada pela promotora de Justi\u00e7a Micheline Ten\u00f3rio, da Promotoria de Justi\u00e7a Coletiva Especializada de Defesa da Sa\u00fade.<\/span><\/p>\n<p style=\"text-align: justify;\"><span style=\"font-size: 14pt;\">Micheline Ten\u00f3rio apresentou sugest\u00f5es para a\u00e7\u00f5es do MP alagoano em tr\u00eas eixos b\u00e1sicos, em 2008 e pelo menos em mais dois anos seguintes. \u201cPrecisamos ter conhecimento da rede instalada e dos servi\u00e7os ofertados pelos munic\u00edpios, em seus territ\u00f3rios ou n\u00e3o, e pelo estado; fiscalizar recursos destinados \u00e0 sa\u00fade e a efetiva\u00e7\u00e3o do controle social\u201d, resumiu Micheline.<\/span><\/p>\n<p style=\"text-align: justify;\"><span style=\"font-size: 14pt;\">De acordo com a promotora de Justi\u00e7a o provimento n\u00ba 01\/2002, publicado no Di\u00e1rio Oficial do Estado, em 3 de abril de 2002, serve como base para atua\u00e7\u00e3o dos integrantes da institui\u00e7\u00e3o, j\u00e1 que orienta as Promotorias de Justi\u00e7a com atribui\u00e7\u00f5es na esfera civil e na esfera da inf\u00e2ncia e juventude, com rela\u00e7\u00e3o \u00e0 fiscaliza\u00e7\u00e3o da aplica\u00e7\u00e3o de recursos destinados \u00e0 sa\u00fade no \u00e2mbito municipal.<\/span><\/p>\n<p style=\"text-align: justify;\"><span style=\"font-size: 14pt;\">Participaram da discuss\u00e3o, os promotores de Justi\u00e7a de Ubirajara Ramos (1\u00ba Centro Operacional), Valter Acioly (Arapiraca), T\u00e2nia Giacomosi (Santana do Ipanema), El\u00edsio Maia (Igaci), S\u00edlvio Sampaio (Quebrangulo), Jomar Moraes (Porto Real do Col\u00e9gio), Dalva Ten\u00f3rio (Meio Ambeinte), Adilza Freiras (Uni\u00e3o dos Palmares), Jos\u00e9 Carlos Castro, Humberto Bulh\u00f5es e Jos\u00e9 Alves S\u00e1 (Penendo), Salete Adorno (Paulo Jacinto), Am\u00e9lia Adriana Campelo (Rio Largo), Hylza Paiva (Passo de Camaragibe), Rog\u00e9rio Paranhos (Palmeira dos \u00cdndios), Hilda Regina Reis (messias), Edelzito Santos (Capela) e Cec\u00edlia Carna\u00faba e Jamyl Barbosa (Fazenda P\u00fablica Estadual).<\/span><\/p>\n","protected":false},"excerpt":{"rendered":"<p> [&hellip;]<\/p>\n","protected":false},"author":4,"featured_media":11235,"comment_status":"open","ping_status":"open","sticky":false,"template":"","format":"standard","meta":{"om_disable_all_campaigns":false,"_monsterinsights_skip_tracking":false,"_monsterinsights_sitenote_active":false,"_monsterinsights_sitenote_note":"","_monsterinsights_sitenote_category":0,"_uf_show_specific_survey":0,"_uf_disable_surveys":false,"footnotes":""},"categories":[2],"tags":[],"class_list":["post-11234","post","type-post","status-publish","format-standard","has-post-thumbnail","hentry","category-not_mpal"],"aioseo_notices":[],"_links":{"self":[{"href":"https:\/\/www.mpal.mp.br\/index.php?rest_route=\/wp\/v2\/posts\/11234","targetHints":{"allow":["GET"]}}],"collection":[{"href":"https:\/\/www.mpal.mp.br\/index.php?rest_route=\/wp\/v2\/posts"}],"about":[{"href":"https:\/\/www.mpal.mp.br\/index.php?rest_route=\/wp\/v2\/types\/post"}],"author":[{"embeddable":true,"href":"https:\/\/www.mpal.mp.br\/index.php?rest_route=\/wp\/v2\/users\/4"}],"replies":[{"embeddable":true,"href":"https:\/\/www.mpal.mp.br\/index.php?rest_route=%2Fwp%2Fv2%2Fcomments&post=11234"}],"version-history":[{"count":1,"href":"https:\/\/www.mpal.mp.br\/index.php?rest_route=\/wp\/v2\/posts\/11234\/revisions"}],"predecessor-version":[{"id":11236,"href":"https:\/\/www.mpal.mp.br\/index.php?rest_route=\/wp\/v2\/posts\/11234\/revisions\/11236"}],"wp:featuredmedia":[{"embeddable":true,"href":"https:\/\/www.mpal.mp.br\/index.php?rest_route=\/wp\/v2\/media\/11235"}],"wp:attachment":[{"href":"https:\/\/www.mpal.mp.br\/index.php?rest_route=%2Fwp%2Fv2%2Fmedia&parent=11234"}],"wp:term":[{"taxonomy":"category","embeddable":true,"href":"https:\/\/www.mpal.mp.br\/index.php?rest_route=%2Fwp%2Fv2%2Fcategories&post=11234"},{"taxonomy":"post_tag","embeddable":true,"href":"https:\/\/www.mpal.mp.br\/index.php?rest_route=%2Fwp%2Fv2%2Ftags&post=11234"}],"curies":[{"name":"wp","href":"https:\/\/api.w.org\/{rel}","templated":true}]}}