{"id":11214,"date":"2007-05-18T08:58:45","date_gmt":"2007-05-18T11:58:45","guid":{"rendered":"https:\/\/www.mpal.mp.br\/?p=11214"},"modified":"2022-07-06T08:59:20","modified_gmt":"2022-07-06T11:59:20","slug":"campanha-contra-a-exploracao-e-o-abuso-sexual-de-criancas-e-adolescentes","status":"publish","type":"post","link":"https:\/\/www.mpal.mp.br\/?p=11214","title":{"rendered":"Campanha contra a explora\u00e7\u00e3o e o abuso sexual de crian\u00e7as e adolescentes"},"content":{"rendered":"<p style=\"text-align: justify;\"><span style=\"font-size: 14pt;\">\u201cA participa\u00e7\u00e3o da sociedade alagoana, de suas entidades representativas e dos agentes p\u00fablicos que militam com as causas sociais \u00e9 de fundamental import\u00e2ncia na forma\u00e7\u00e3o dessa rede de prote\u00e7\u00e3o \u00e0 crian\u00e7a e ao adolescente, que estamos criando, com o como objetivo combater o abuso e a explora\u00e7\u00e3o sexual infanto-juvenil\u201d, afirmou a promotora de Justi\u00e7a Marluce Falc\u00e3o, do N\u00facleo de Defesa dos Direitos Humanos do Minist\u00e9rio P\u00fablico Estadual, durante a sess\u00e3o especial, realizada na C\u00e2mara Municipal de Macei\u00f3, nesta sexta-feira, Dia Nacional do Combate \u00e0 Explora\u00e7\u00e3o e Abuso Sexual contra a Crian\u00e7a e o Adolescente.<\/span><\/p>\n<p style=\"text-align: justify;\"><span style=\"font-size: 14pt;\">Para a promotora de Justi\u00e7a Marluce Falc\u00e3o, a quest\u00e3o \u00e9 complexa, porque a viol\u00eancia contra a crian\u00e7a e o adolescente geralmente acontece dentro da fam\u00edlia, praticada pelos pr\u00f3prios pais ou por parentes. \u201cPor isso, a campanha tem que ter o envolvimento total da sociedade, das fam\u00edlias, dos educadores, das lideran\u00e7as comunit\u00e1rias, dos conselheiros tutelares e todos os agentes p\u00fablicos que trabalham diretamente com as causas sociais\u201d, enfatizou Marluce Falc\u00e3o.<\/span><\/p>\n<p style=\"text-align: justify;\"><span style=\"font-size: 14pt;\">Durante a sess\u00e3o, um depoimento contundente da jovem Patr\u00edcia, de 18 anos, que foi violentada pelo marido da av\u00f4 materna, dos 8 aos 14 anos, emocionou a todos. \u201cSe n\u00e3o fosse o apoio que recebi das pessoas do Conselho Tutelar, do Projeto Sentinela e do CAV-Crime, n\u00e3o me sentiria fortalecida para continuar vivendo e sustentar minhas duas filhas\u201d, relatou Patr\u00edcia.<\/span><\/p>\n<p style=\"text-align: justify;\"><span style=\"font-size: 14pt;\">Selo especial<\/span><\/p>\n<p style=\"text-align: justify;\"><span style=\"font-size: 14pt;\">Na abertura da sess\u00e3o especial, proposta pela vereadoraTereza Nelma, o diretor dos Correios, Jos\u00e9 Renivaldo dos Santos, lan\u00e7ou um selo especialmente criado para a vers\u00e3o alagoana da campanha contra o abuso e \u00e0 explora\u00e7\u00e3o sexual das crian\u00e7as e adolescentes. Parceiro do F\u00f3rum, o diretor dos Correios informou que 400 carteiros est\u00e3o nas ruas de Macei\u00f3 com a camiseta da campanha, distribuindo panfletos sobre o tema.<\/span><\/p>\n<p style=\"text-align: justify;\"><span style=\"font-size: 14pt;\">A sess\u00e3o especial come\u00e7ou \u00e0s 10 horas e terminou por volta da 14 horas. Representantes do F\u00f3rum e v\u00e1rias autoridades ligadas \u00e0 defesa da crian\u00e7a e do adolescente lotaram o plen\u00e1rio da C\u00e2mara. Al\u00e9m Marluce Falc\u00e3o, tamb\u00e9m representaram o MP Estadual os promotores de Justi\u00e7a Ubirajara Ramos, coordenador do N\u00facleo de defesa da Inf\u00e2ncia e Juventude, e as promotoras de Justi\u00e7a da Inf\u00e2ncia e Juventude Adriana Gomes e Alexandra Beurlen.<\/span><\/p>\n<p style=\"text-align: justify;\"><span style=\"font-size: 14pt;\">A sess\u00e3o contou ainda com a participa\u00e7\u00e3o dos vereadores Thomaz Beltr\u00e3o, Jo\u00e3o Mendes, George Sanguinetti, Marcelo Malta e F\u00e1tima Santiago e dos deputados estaduais Paulo Fernando dos Santos e Judson Cabral. Todos destacaram a import\u00e2ncia da uni\u00e3o da sociedade civil organizada para enfrentar o problema.<\/span><\/p>\n<p style=\"text-align: justify;\"><span style=\"font-size: 14pt;\">Panfletagem<\/span><\/p>\n<p style=\"text-align: justify;\"><span style=\"font-size: 14pt;\">Enquanto o assunto era debatido no plen\u00e1rio, na cal\u00e7ada do pr\u00e9dio da C\u00e2mara e em v\u00e1rios pontos da cidade volunt\u00e1rios distribu\u00edam o panfletos da campanha.\u201cA cidade foi tomada por esse evento\u201d, afirmou a secret\u00e1ria estadual da Mulher, da Cidadania e dos Direitos Humanos, Wedna Miranda, ao elogiar a participa\u00e7\u00e3o de todos na organiza\u00e7\u00e3o da campanha, que conta com panfletagens, palestras, audi\u00eancia p\u00fablica, exposi\u00e7\u00e3o e at\u00e9 o lan\u00e7amento de um selo personalizado. O promotor Ubirajara Ramos tamb\u00e9m destacou o empenho das entidades envolvidas na campanha. Segundo ele, a campanha tem tudo para conscientizar a popula\u00e7\u00e3o alagoana da import\u00e2ncia desse tema. \u201cO turismo sexual n\u00e3o \u00e9 nossa praia; nossa praia \u00e9 o turismo familiar, cultural, puro, limpo e saud\u00e1vel\u201d, ressaltou.<\/span><\/p>\n","protected":false},"excerpt":{"rendered":"<p> [&hellip;]<\/p>\n","protected":false},"author":5,"featured_media":11215,"comment_status":"open","ping_status":"open","sticky":false,"template":"","format":"standard","meta":{"om_disable_all_campaigns":false,"_monsterinsights_skip_tracking":false,"_monsterinsights_sitenote_active":false,"_monsterinsights_sitenote_note":"","_monsterinsights_sitenote_category":0,"_uf_show_specific_survey":0,"_uf_disable_surveys":false,"footnotes":""},"categories":[2],"tags":[],"class_list":["post-11214","post","type-post","status-publish","format-standard","has-post-thumbnail","hentry","category-not_mpal"],"aioseo_notices":[],"_links":{"self":[{"href":"https:\/\/www.mpal.mp.br\/index.php?rest_route=\/wp\/v2\/posts\/11214","targetHints":{"allow":["GET"]}}],"collection":[{"href":"https:\/\/www.mpal.mp.br\/index.php?rest_route=\/wp\/v2\/posts"}],"about":[{"href":"https:\/\/www.mpal.mp.br\/index.php?rest_route=\/wp\/v2\/types\/post"}],"author":[{"embeddable":true,"href":"https:\/\/www.mpal.mp.br\/index.php?rest_route=\/wp\/v2\/users\/5"}],"replies":[{"embeddable":true,"href":"https:\/\/www.mpal.mp.br\/index.php?rest_route=%2Fwp%2Fv2%2Fcomments&post=11214"}],"version-history":[{"count":1,"href":"https:\/\/www.mpal.mp.br\/index.php?rest_route=\/wp\/v2\/posts\/11214\/revisions"}],"predecessor-version":[{"id":11216,"href":"https:\/\/www.mpal.mp.br\/index.php?rest_route=\/wp\/v2\/posts\/11214\/revisions\/11216"}],"wp:featuredmedia":[{"embeddable":true,"href":"https:\/\/www.mpal.mp.br\/index.php?rest_route=\/wp\/v2\/media\/11215"}],"wp:attachment":[{"href":"https:\/\/www.mpal.mp.br\/index.php?rest_route=%2Fwp%2Fv2%2Fmedia&parent=11214"}],"wp:term":[{"taxonomy":"category","embeddable":true,"href":"https:\/\/www.mpal.mp.br\/index.php?rest_route=%2Fwp%2Fv2%2Fcategories&post=11214"},{"taxonomy":"post_tag","embeddable":true,"href":"https:\/\/www.mpal.mp.br\/index.php?rest_route=%2Fwp%2Fv2%2Ftags&post=11214"}],"curies":[{"name":"wp","href":"https:\/\/api.w.org\/{rel}","templated":true}]}}