{"id":11208,"date":"2007-05-21T08:56:50","date_gmt":"2007-05-21T11:56:50","guid":{"rendered":"https:\/\/www.mpal.mp.br\/?p=11208"},"modified":"2022-07-06T08:57:22","modified_gmt":"2022-07-06T11:57:22","slug":"unicef-homenageia-ministerio-publico-de-alagoas","status":"publish","type":"post","link":"https:\/\/www.mpal.mp.br\/?p=11208","title":{"rendered":"Unicef homenageia Minist\u00e9rio P\u00fablico de Alagoas"},"content":{"rendered":"<p style=\"text-align: justify;\"><span style=\"font-size: 14pt;\">O Minist\u00e9rio P\u00fablico de Alagoas foi homenageado, no in\u00edcio da manh\u00e3 desta segunda-feira, em solenidade no Pal\u00e1cio da Rep\u00fablica dos Palmares, com r\u00e9plicas do trof\u00e9u Selo Unicef (bi\u00eanio 2005\/2006), entregue a sete munic\u00edpios alagoanos &#8211; Arapiraca, Estrela de Alagoas, Palmeira Dos \u00cdndios, Traipu, Rio Largo, Flexeiras e Quebrangulo &#8211; que mais se destacaram no processo de apura\u00e7\u00e3o dos seus indicadores sociais.<\/span><\/p>\n<p style=\"text-align: justify;\"><span style=\"font-size: 14pt;\">Al\u00e9m do procurador-geral de Justi\u00e7a, Coaracy Fonseca, e do coordenador do N\u00facleo de Defesa da Inf\u00e2ncia e Juventude, Ubirajara Ramos, foram agraciados com a homenagem, os promotores de Justi\u00e7a Bol\u00edvar Ferro, Rog\u00e9rio Paranhos, S\u00edlvio Sampaio, Maur\u00edcio Wanderley, Jorge Luiz Bezerra, Alba L\u00facia Torres, Walter Jos\u00e9 Omena Acioly e Am\u00e9lia Adriana Campelo.<\/span><\/p>\n<p style=\"text-align: justify;\"><span style=\"font-size: 14pt;\">\u201c\u00c9 com muita satisfa\u00e7\u00e3o que o Minist\u00e9rio P\u00fablico de Alagoas recebe esse importante reconhecimento \u00e0 atua\u00e7\u00e3o de seus integrantes na defesa dos direitos das crian\u00e7as e adolescentes e no incentivo \u00e0 intensifica\u00e7\u00e3o das parcerias entre os poderes institu\u00eddos e o Unicef para a amplia\u00e7\u00e3o desse trabalho em todo o estado\u201d afirmou o promotor de Justi\u00e7a Ubirajara Ramos, que representou o procurador-geral de Justi\u00e7a na solenidade.<\/span><\/p>\n<p style=\"text-align: justify;\"><span style=\"font-size: 14pt;\">De acordo com a coordenadora regional do Unicef, Ana Maria de Azevedo, Alagoas foi o Estado que, proporcionalmente, mais se destacou em termos de participa\u00e7\u00e3o e ficou na m\u00e9dia do Brasil, em termos de n\u00famero de cidades aprovadas. De acordo com ela, na primeira edi\u00e7\u00e3o (2005\/2006) foram inscritos um total de 1179 munic\u00edpios e aprovados 192.<\/span><\/p>\n<p style=\"text-align: justify;\"><span style=\"font-size: 14pt;\">Na ocasi\u00e3o, o governador Teot\u00f4nio Vilela Filho afirmou que aposta na ades\u00e3o significativa dos prefeitos de Alagoas na disputa pelo selo (edi\u00e7\u00e3o 2007), como estrat\u00e9gia para melhorar os indicadores sociais do estado. \u201cSugiro esfor\u00e7o redobrado dos munic\u00edpios no sentido de participar desta disputa e conquistar o selo\u201d, afirmou o governador, destacando o trabalho dos promotores de Justi\u00e7a que, segundo ele, contribu\u00edram para o crescimento dos munic\u00edpios, apontando falhas e solu\u00e7\u00f5es para melhor\u00e1-los.<\/span><\/p>\n","protected":false},"excerpt":{"rendered":"<p> [&hellip;]<\/p>\n","protected":false},"author":5,"featured_media":11209,"comment_status":"open","ping_status":"open","sticky":false,"template":"","format":"standard","meta":{"om_disable_all_campaigns":false,"_monsterinsights_skip_tracking":false,"_monsterinsights_sitenote_active":false,"_monsterinsights_sitenote_note":"","_monsterinsights_sitenote_category":0,"_uf_show_specific_survey":0,"_uf_disable_surveys":false,"footnotes":""},"categories":[2],"tags":[],"class_list":["post-11208","post","type-post","status-publish","format-standard","has-post-thumbnail","hentry","category-not_mpal"],"aioseo_notices":[],"_links":{"self":[{"href":"https:\/\/www.mpal.mp.br\/index.php?rest_route=\/wp\/v2\/posts\/11208","targetHints":{"allow":["GET"]}}],"collection":[{"href":"https:\/\/www.mpal.mp.br\/index.php?rest_route=\/wp\/v2\/posts"}],"about":[{"href":"https:\/\/www.mpal.mp.br\/index.php?rest_route=\/wp\/v2\/types\/post"}],"author":[{"embeddable":true,"href":"https:\/\/www.mpal.mp.br\/index.php?rest_route=\/wp\/v2\/users\/5"}],"replies":[{"embeddable":true,"href":"https:\/\/www.mpal.mp.br\/index.php?rest_route=%2Fwp%2Fv2%2Fcomments&post=11208"}],"version-history":[{"count":1,"href":"https:\/\/www.mpal.mp.br\/index.php?rest_route=\/wp\/v2\/posts\/11208\/revisions"}],"predecessor-version":[{"id":11210,"href":"https:\/\/www.mpal.mp.br\/index.php?rest_route=\/wp\/v2\/posts\/11208\/revisions\/11210"}],"wp:featuredmedia":[{"embeddable":true,"href":"https:\/\/www.mpal.mp.br\/index.php?rest_route=\/wp\/v2\/media\/11209"}],"wp:attachment":[{"href":"https:\/\/www.mpal.mp.br\/index.php?rest_route=%2Fwp%2Fv2%2Fmedia&parent=11208"}],"wp:term":[{"taxonomy":"category","embeddable":true,"href":"https:\/\/www.mpal.mp.br\/index.php?rest_route=%2Fwp%2Fv2%2Fcategories&post=11208"},{"taxonomy":"post_tag","embeddable":true,"href":"https:\/\/www.mpal.mp.br\/index.php?rest_route=%2Fwp%2Fv2%2Ftags&post=11208"}],"curies":[{"name":"wp","href":"https:\/\/api.w.org\/{rel}","templated":true}]}}