{"id":11205,"date":"2007-05-28T08:55:41","date_gmt":"2007-05-28T11:55:41","guid":{"rendered":"https:\/\/www.mpal.mp.br\/?p=11205"},"modified":"2022-07-06T08:56:27","modified_gmt":"2022-07-06T11:56:27","slug":"mp-pede-interdicao-do-rubens-quintela-e-transferencia-de-reeducandos","status":"publish","type":"post","link":"https:\/\/www.mpal.mp.br\/?p=11205","title":{"rendered":"MP pede interdi\u00e7\u00e3o do Rubens Quintela e transfer\u00eancia de reeducandos"},"content":{"rendered":"<p style=\"text-align: justify;\"><span style=\"font-size: 14pt;\">O Minist\u00e9rio P\u00fablico de Alagoas entrou com a\u00e7\u00e3o de interdi\u00e7\u00e3o, com pedido de liminar, na Vara de Execu\u00e7\u00f5es Penais, para garantir que o pres\u00eddio Rubens Quintela seja fechado e os 270 reeducandos transferidos para outro local. Em car\u00e1ter liminar, o promotor de Justi\u00e7a Fl\u00e1vio Gomes da Costa pede que seja proibida a entrada de novos reeducandos no Rubens Quintela (assim que o Estado for notificado da decis\u00e3o) e a determina\u00e7\u00e3o de um prazo para transfer\u00eancia dos reeducandos.<\/span><\/p>\n<p style=\"text-align: justify;\"><span style=\"font-size: 14pt;\">\u201cO Rubens Quintela n\u00e3o tem condi\u00e7\u00f5es de ser um pres\u00eddio. Est\u00e1 sucateado, insalubre, colocando em risco os reeducandos, os agentes penitenci\u00e1rios e toda a sociedade, j\u00e1 que essa realidade tem ocasionado rebeli\u00f5es e fugas constantes\u201d, afirmou Gomes.<\/span><\/p>\n<p style=\"text-align: justify;\"><span style=\"font-size: 14pt;\">O procedimento administrativo que deu origem \u00e0 a\u00e7\u00e3o durou cinco meses. Durante esse per\u00edodo o promotor de Justi\u00e7a esteve v\u00e1rias vezes no pres\u00eddio, ouviu depoimentos de presos, enfermeiros, assistente social, e analisou parecer t\u00e9cnico do Corpo de Bombeiros, relat\u00f3rios da Vigil\u00e2ncia Sanit\u00e1ria, do Conselho da Comunidade de Execu\u00e7\u00f5es Penais de Macei\u00f3 e do Conselho Penitenci\u00e1rio, al\u00e9m do relat\u00f3rio do pr\u00f3prio diretor do pres\u00eddio, Roberto Goulart. \u201cAs celas est\u00e3o superlotadas, fedidas, escuras, destru\u00eddas, \u00famidas, sem colch\u00f5es e com \u00e1gua impr\u00f3pria para o consumo humano com at\u00e9 oito reeducandos em 6m\u00b2\u201d, relatou Goulart.<\/span><\/p>\n<p style=\"text-align: justify;\"><span style=\"font-size: 14pt;\">J\u00e1 o parecer t\u00e9cnico do Corpo de Bombeiros informou ao MP problemas na instala\u00e7\u00e3o el\u00e9trica do pres\u00eddio, infiltra\u00e7\u00f5es provenientes das chuvas e que a edifica\u00e7\u00e3o n\u00e3o possui certificado de aprova\u00e7\u00e3o.<\/span><\/p>\n<p style=\"text-align: justify;\"><span style=\"font-size: 14pt;\">\u201cUma verdadeira pocilga\u201d, resumiu Goulart, referindo-se \u00e0 exist\u00eancia de um ambiente repleto de ratos, baratas, escorpi\u00f5es venenosos, que aliado \u00e0s infiltra\u00e7\u00f5es propicia a dissemina\u00e7\u00e3o de doen\u00e7as para todos os detentos.<\/span><\/p>\n<p style=\"text-align: justify;\"><span style=\"font-size: 14pt;\">De acordo com o promotor de Justi\u00e7a da Execu\u00e7\u00e3o Penal, os mesmos problemas foram detectados na inspe\u00e7\u00e3o da Vigil\u00e2ncia Sanit\u00e1ria, que citou ainda aus\u00eancia de materiais b\u00e1sicos de enfermagem, falta de medicamentos, de locais adequados para descarte de instrumentos perfuro-cortantes entre outras irregularidades.<\/span><\/p>\n<p style=\"text-align: justify;\"><span style=\"font-size: 14pt;\">Fugas<\/span><\/p>\n<p style=\"text-align: justify;\"><span style=\"font-size: 14pt;\">Na a\u00e7\u00e3o, o promotor tamb\u00e9m cita que as fugas e escava\u00e7\u00f5es de t\u00faneis foram decorrentes da estrutura prec\u00e1ria no pres\u00eddio. \u201cO piso fr\u00e1gil das celas do pres\u00eddio, constru\u00eddo na d\u00e9cada de 60, sem a coloca\u00e7\u00e3o de placas met\u00e1licas ou a sua devida concretagem, tamb\u00e9m foi um facilitador de fugas (um total de 21, s\u00f3 este ano). Al\u00e9m disso, inexiste muralha de conten\u00e7\u00e3o rodeando o pres\u00eddio\u201d, relatou o representante do MP.<\/span><\/p>\n<p style=\"text-align: justify;\"><span style=\"font-size: 14pt;\">Para ele, o quadro existente no pres\u00eddio fere os mais b\u00e1sicos direitos fundamentais do homem. &#8220;Viola o princ\u00edpio constitucional da dignidade humana, tende a embrutecer ainda mais aqueles que l\u00e1 se encontram. N\u00e3o h\u00e1 como garantir a devida ressocializa\u00e7\u00e3o\u201d, enfatizou o promotor de Justi\u00e7a.<\/span><\/p>\n<p style=\"text-align: justify;\">\n","protected":false},"excerpt":{"rendered":"<p> [&hellip;]<\/p>\n","protected":false},"author":5,"featured_media":11206,"comment_status":"open","ping_status":"open","sticky":false,"template":"","format":"standard","meta":{"om_disable_all_campaigns":false,"_monsterinsights_skip_tracking":false,"_monsterinsights_sitenote_active":false,"_monsterinsights_sitenote_note":"","_monsterinsights_sitenote_category":0,"_uf_show_specific_survey":0,"_uf_disable_surveys":false,"footnotes":""},"categories":[2],"tags":[],"class_list":["post-11205","post","type-post","status-publish","format-standard","has-post-thumbnail","hentry","category-not_mpal"],"aioseo_notices":[],"_links":{"self":[{"href":"https:\/\/www.mpal.mp.br\/index.php?rest_route=\/wp\/v2\/posts\/11205","targetHints":{"allow":["GET"]}}],"collection":[{"href":"https:\/\/www.mpal.mp.br\/index.php?rest_route=\/wp\/v2\/posts"}],"about":[{"href":"https:\/\/www.mpal.mp.br\/index.php?rest_route=\/wp\/v2\/types\/post"}],"author":[{"embeddable":true,"href":"https:\/\/www.mpal.mp.br\/index.php?rest_route=\/wp\/v2\/users\/5"}],"replies":[{"embeddable":true,"href":"https:\/\/www.mpal.mp.br\/index.php?rest_route=%2Fwp%2Fv2%2Fcomments&post=11205"}],"version-history":[{"count":1,"href":"https:\/\/www.mpal.mp.br\/index.php?rest_route=\/wp\/v2\/posts\/11205\/revisions"}],"predecessor-version":[{"id":11207,"href":"https:\/\/www.mpal.mp.br\/index.php?rest_route=\/wp\/v2\/posts\/11205\/revisions\/11207"}],"wp:featuredmedia":[{"embeddable":true,"href":"https:\/\/www.mpal.mp.br\/index.php?rest_route=\/wp\/v2\/media\/11206"}],"wp:attachment":[{"href":"https:\/\/www.mpal.mp.br\/index.php?rest_route=%2Fwp%2Fv2%2Fmedia&parent=11205"}],"wp:term":[{"taxonomy":"category","embeddable":true,"href":"https:\/\/www.mpal.mp.br\/index.php?rest_route=%2Fwp%2Fv2%2Fcategories&post=11205"},{"taxonomy":"post_tag","embeddable":true,"href":"https:\/\/www.mpal.mp.br\/index.php?rest_route=%2Fwp%2Fv2%2Ftags&post=11205"}],"curies":[{"name":"wp","href":"https:\/\/api.w.org\/{rel}","templated":true}]}}