{"id":11202,"date":"2007-05-28T08:54:29","date_gmt":"2007-05-28T11:54:29","guid":{"rendered":"https:\/\/www.mpal.mp.br\/?p=11202"},"modified":"2022-07-06T08:55:19","modified_gmt":"2022-07-06T11:55:19","slug":"mp-decide-convocar-direcao-do-hospital-do-acucar-para-esclarecer-destino-de-verba","status":"publish","type":"post","link":"https:\/\/www.mpal.mp.br\/?p=11202","title":{"rendered":"MP decide convocar Dire\u00e7\u00e3o do Hospital do A\u00e7\u00facar para esclarecer destino de verba"},"content":{"rendered":"<p style=\"text-align: justify;\"><span style=\"font-size: 14pt;\">O Minist\u00e9rio P\u00fablico de Alagoas vai convocar representantes da Dire\u00e7\u00e3o do Hospital do A\u00e7\u00facar para esclarecer de que forma foram usados os R$ 300 mil repassados pelo munic\u00edpio de Macei\u00f3, em 2005, para a reforma da maternidade daquela unidade de sa\u00fade. A decis\u00e3o atende a representa\u00e7\u00e3o do vereador Galba Novaes, entregue nesta segunda-feira, ao procurador-geral de Justi\u00e7a substituto, Luciano Chagas da Silva.<\/span><\/p>\n<p style=\"text-align: justify;\"><span style=\"font-size: 14pt;\">\u201cVamos encaminhar a representa\u00e7\u00e3o \u00e0 Promotoria de Justi\u00e7a da Sa\u00fade, onde j\u00e1 existem a\u00e7\u00f5es referentes a problemas envolvendo as maternidades da capital, e, amanh\u00e3 mesmo, entrar em contato com os diretores do Hospital do A\u00e7\u00facar para que eles agilizem o esclarecimento\u201d, garantiu Chagas.<\/span><\/p>\n<p style=\"text-align: justify;\"><span style=\"font-size: 14pt;\">Segundo o vereador Galba Noaves,desde 2002, o Hospital do A\u00e7\u00facar fechou suas portas \u00e0 assist\u00eancia materno-infantil, paga pelo SUS, sob a alega\u00e7\u00e3o de que precisava fazer uma reforma. &#8220;Tr\u00eas anos depois, em 2005, a dire\u00e7\u00e3o informou que precisava da colabora\u00e7\u00e3o das Secretarias Municipal e Estadual de Sa\u00fade para executar as obras. E assim foi feito\u201d, informou o parlamentar.<\/span><\/p>\n<p style=\"text-align: justify;\"><span style=\"font-size: 14pt;\">O vereador informou ainda que, na \u00e9poca, cada Secretaria destinou R$ 150 mil e o hospital se comprometeu em desembolsar outros R$ 300 mil para a conclus\u00e3o da reforma, com valor total de R$ 600 mil. \u201cO compromisso era de, num prazo de 60 dias, o A\u00e7\u00facar entregaria 17 leitos de obstetr\u00edcia de alto risco e seis leitos de UTI neonatal. Infelizmente, parece que at\u00e9 agora n\u00f3s ainda n\u00e3o temos nada disso\u201d, lamentou o vereador. Segundo , o repasse dos R$ 150 mil do munic\u00edpio foi confirmado no \u00faltimo dia 24, pelo secret\u00e1rio de Sa\u00fade Th\u00e9o Fortes.<\/span><\/p>\n","protected":false},"excerpt":{"rendered":"<p> [&hellip;]<\/p>\n","protected":false},"author":5,"featured_media":11203,"comment_status":"open","ping_status":"open","sticky":false,"template":"","format":"standard","meta":{"om_disable_all_campaigns":false,"_monsterinsights_skip_tracking":false,"_monsterinsights_sitenote_active":false,"_monsterinsights_sitenote_note":"","_monsterinsights_sitenote_category":0,"_uf_show_specific_survey":0,"_uf_disable_surveys":false,"footnotes":""},"categories":[2],"tags":[],"class_list":["post-11202","post","type-post","status-publish","format-standard","has-post-thumbnail","hentry","category-not_mpal"],"aioseo_notices":[],"_links":{"self":[{"href":"https:\/\/www.mpal.mp.br\/index.php?rest_route=\/wp\/v2\/posts\/11202","targetHints":{"allow":["GET"]}}],"collection":[{"href":"https:\/\/www.mpal.mp.br\/index.php?rest_route=\/wp\/v2\/posts"}],"about":[{"href":"https:\/\/www.mpal.mp.br\/index.php?rest_route=\/wp\/v2\/types\/post"}],"author":[{"embeddable":true,"href":"https:\/\/www.mpal.mp.br\/index.php?rest_route=\/wp\/v2\/users\/5"}],"replies":[{"embeddable":true,"href":"https:\/\/www.mpal.mp.br\/index.php?rest_route=%2Fwp%2Fv2%2Fcomments&post=11202"}],"version-history":[{"count":1,"href":"https:\/\/www.mpal.mp.br\/index.php?rest_route=\/wp\/v2\/posts\/11202\/revisions"}],"predecessor-version":[{"id":11204,"href":"https:\/\/www.mpal.mp.br\/index.php?rest_route=\/wp\/v2\/posts\/11202\/revisions\/11204"}],"wp:featuredmedia":[{"embeddable":true,"href":"https:\/\/www.mpal.mp.br\/index.php?rest_route=\/wp\/v2\/media\/11203"}],"wp:attachment":[{"href":"https:\/\/www.mpal.mp.br\/index.php?rest_route=%2Fwp%2Fv2%2Fmedia&parent=11202"}],"wp:term":[{"taxonomy":"category","embeddable":true,"href":"https:\/\/www.mpal.mp.br\/index.php?rest_route=%2Fwp%2Fv2%2Fcategories&post=11202"},{"taxonomy":"post_tag","embeddable":true,"href":"https:\/\/www.mpal.mp.br\/index.php?rest_route=%2Fwp%2Fv2%2Ftags&post=11202"}],"curies":[{"name":"wp","href":"https:\/\/api.w.org\/{rel}","templated":true}]}}