{"id":11199,"date":"2007-05-28T08:53:19","date_gmt":"2007-05-28T11:53:19","guid":{"rendered":"https:\/\/www.mpal.mp.br\/?p=11199"},"modified":"2022-07-06T08:54:08","modified_gmt":"2022-07-06T11:54:08","slug":"prefeitura-de-maceio-assegura-ao-mp-envio-de-projeto-para-criacao-de-1-500-cargos-de-professor","status":"publish","type":"post","link":"https:\/\/www.mpal.mp.br\/?p=11199","title":{"rendered":"Prefeitura de Macei\u00f3 assegura ao MP envio de projeto para cria\u00e7\u00e3o de 1.500 cargos de professor"},"content":{"rendered":"<p style=\"text-align: justify;\"><span style=\"font-size: 14pt;\">A Prefeitura de Macei\u00f3 garantiu ao Minist\u00e9rio P\u00fablico de Alagoas que, at\u00e9 o final desta semana, estar\u00e1 enviando \u00e0 C\u00e2mara Municipal de Macei\u00f3 um projeto de lei criando mais 1.500 cargos de professor para a rede de ensino p\u00fablico do munic\u00edpio. A informa\u00e7\u00e3o foi repassada pelo secret\u00e1rio municipal de Educa\u00e7\u00e3o, Tadeu Lira, durante audi\u00eancia convocada pela promotora de Justi\u00e7a Cec\u00edlia Carna\u00faba. O secret\u00e1rio estadual de Educa\u00e7\u00e3o, F\u00e1bio Farias, tamb\u00e9m compareceu \u00e0 audi\u00eancia, realizada nesta segunda-feira, na sede da Procuradoria-Geral de Justi\u00e7a.<\/span><\/p>\n<p style=\"text-align: justify;\"><span style=\"font-size: 14pt;\">Entre os assuntos discutidos com Tedeu Lira estavam a quest\u00e3o da defici\u00eancia qualitativa do ensino de 1\u00aa a 4\u00aa s\u00e9rie, tendo em vista que os alunos chegam a segunda fase do ensino fundamental sem a devida alfabetiza\u00e7\u00e3o. Em resposta a essa quest\u00e3o, o secret\u00e1rio reconheceu a defici\u00eancia e disse que ela \u00e9 provocada por problemas estruturais que est\u00e3o sendo resolvidos.<\/span><\/p>\n<p style=\"text-align: justify;\"><span style=\"font-size: 14pt;\">\u201cS\u00e3o problemas relacionados \u00e0s carteiras escolares que est\u00e3o sendo substitu\u00eddas, porque eram inadequadas para o trabalho em grupo. Al\u00e9m disso, detectamos mais duas causas desse baixo aproveitamento do alunado: a falta de material para-did\u00e1tico e qualifica\u00e7\u00e3o ineficiente de parte do corpo docente, uma vez que na car\u00eancia de professores as alunas eram ministradas por estagi\u00e1rios\u201d, explicou Tadeu Lira.<\/span><\/p>\n<p style=\"text-align: justify;\"><span style=\"font-size: 14pt;\">Segundo ele, o munic\u00edpio j\u00e1 adquiriu 18 mil carteiras escolares, a compra de 50 mil livros para-did\u00e1ticos e a substitui\u00e7\u00e3o gradativa dos estagi\u00e1rios por professores concursados. \u201cJ\u00e1 substitu\u00edmos 280 estagi\u00e1rios que estavam em sala de aula e estamos providenciando a substitui\u00e7\u00e3o dos 544 estagi\u00e1rios restantes at\u00e9 o final do ano\u201d, informou.<\/span><\/p>\n<p style=\"text-align: justify;\"><span style=\"font-size: 14pt;\">A promotora Cec\u00edlia Carna\u00faba quis saber do secret\u00e1rio o que o munic\u00edpio tem feito para atender a demanda em \u00e1reas carentes como Jacintinho, Benedito Bentes, Dique Estrada e Cana\u00e3. Em resposta, o secret\u00e1rio informou que, no Jacintinho, h\u00e1 um projeto de amplia\u00e7\u00e3o da Escola Jo\u00e3o XXIII, mas mesmo assim \u00e9 insuficiente para absorver a procura por vagas nas escolas do bairro.<\/span><\/p>\n<p style=\"text-align: justify;\"><span style=\"font-size: 14pt;\">Mais salas de aula<\/span><\/p>\n<p style=\"text-align: justify;\"><span style=\"font-size: 14pt;\">Durante a audi\u00eancia, a promotora Cec\u00edlia Carna\u00faba cobrou creches e escolas para atender \u00e0 popula\u00e7\u00e3o do Benedito Bentes, Jacintinho, Dique Estrada e Cana\u00e3. Tadeu Lira se comprometeu em, no prazo de cinco dias \u00fateis, apresentar ao Minist\u00e9rio P\u00fablico Estadual um estudo de viabilidade de amplia\u00e7\u00e3o da rede f\u00edsica escolar nesses bairros. Quanto \u00e0s creches, o secret\u00e1rio informou que a prefeitura j\u00e1 est\u00e1 resolvendo esse problema.<\/span><\/p>\n<p style=\"text-align: justify;\"><span style=\"font-size: 14pt;\">\u201cEstamos para inaugurar creches no Benedito Bentes, no Conjunto Selma Bandeira, no Pontal da Barra, no Clima Bom, na Levada e em Jacarecica, que vai funcionar no Clube da OAB\u201d, informou Tadeu Lira, acrescentando que cada creche dessa ter\u00e1 capacidade para atender at\u00e9 750 crian\u00e7as. O secretario ficou ainda de apresentar estudo para cria\u00e7\u00e3o de creches em outros bairros da periferia de Macei\u00f3.<\/span><\/p>\n<p style=\"text-align: justify;\"><span style=\"font-size: 14pt;\">Educa\u00e7\u00e3o estadual<\/span><\/p>\n<p style=\"text-align: justify;\"><span style=\"font-size: 14pt;\">Durante a audi\u00eancia, o secret\u00e1rio F\u00e1bio Farias se comprometeu em resolver, no prazo de dez dias, o problema de falta de pessoal na Escola Tarc\u00edsio de Jesus, em Macei\u00f3, e colocar em funcionamento uma escola em Delmiro Gouveia. Farias ficou tamb\u00e9m de fazer o remanejamento de professores, para atender escolas com car\u00eancia de pessoal; e nomear novos professores para substituir os aposentados.<\/span><\/p>\n<p style=\"text-align: justify;\"><span style=\"font-size: 14pt;\">Farias tamb\u00e9m prometeu ao MP que vai resolver o problema da falta de seguran\u00e7a da Escola coronel Francisco Alves Mata, que fica ao lado do antigo Centro de Recupera\u00e7\u00e3o de Menores (CRM), no Tabuleiro do Martins. No entanto, descartou a possibilidade de construir uma nova escola no bairro, por o custo sairia alto, algo em torno de R$ 2 milh\u00f5es.<\/span><\/p>\n<p style=\"text-align: justify;\"><span style=\"font-size: 14pt;\">\u201cAl\u00e9m disso, essa solu\u00e7\u00e3o seria muito demorada, j\u00e1 que a secretaria n\u00e3o pode come\u00e7ar uma nova obra, sem que tenha conclu\u00eddo as obras que j\u00e1 foram iniciadas. Como n\u00f3s estamos com cerca de 80 obras paralisadas, o mais prudente seria procurar uma outra sa\u00edda para esse problema\u201d, comentou F\u00e1bio Farias, reconhecendo que a quest\u00e3o da inseguran\u00e7a da Escola Francisco Alves Mota \u00e9 de dif\u00edcil solu\u00e7\u00e3o. Por isso, o secret\u00e1rio ficou de solicitar ao governador do estado a mudan\u00e7a de local da unidade de interna\u00e7\u00e3o.<\/span><\/p>\n<p style=\"text-align: justify;\"><span style=\"font-size: 14pt;\">Concursados<\/span><\/p>\n<p style=\"text-align: justify;\"><span style=\"font-size: 14pt;\">O secret\u00e1rio estadual de Educa\u00e7\u00e3o tamb\u00e9m se comprometeu em nomear, no prazo de dez dias, o pessoal de apoio que passou no concurso para as escolas com car\u00eancia de servidores. F\u00e1bio Farias tamb\u00e9m deve solicitar ao governador do Estado que renove, por mais dois anos, a validade do \u00faltimo concurso p\u00fablico da Secretaria Estadual de Educa\u00e7\u00e3o, realizado em 2005.<\/span><\/p>\n<p style=\"text-align: justify;\"><span style=\"font-size: 14pt;\">Matr\u00edculas<\/span><\/p>\n<p style=\"text-align: justify;\"><span style=\"font-size: 14pt;\">A promotora de Justi\u00e7a Cec\u00edlia Carna\u00faba deu um prazo de dez dias para os dois secret\u00e1rios apresentarem a rela\u00e7\u00e3o completa dos alunos matriculados na rede estadual e municipal de ensino. O secret\u00e1rio Tadeu Lira entregou uma rela\u00e7\u00e3o de 570 alunos em idade escolar de 5\u00aa a 8\u00aa s\u00e9ries, residentes na Ch\u00e3 da Jaqueira, que devem ser matriculados na rede estadual para estudarem no Cepa, com direito a transporte escolar gratuito.<\/span><\/p>\n<p style=\"text-align: justify;\"><span style=\"font-size: 14pt;\">Para tentar resolver a quest\u00e3o das crian\u00e7as fora de sala de aula na Ch\u00e3 da Jaqueira, Tadeu Lira ficou de marcar uma reuni\u00e3o com as lideran\u00e7as do bairro, para a pr\u00f3xima segunda-feira, a partir das 19 horas, com a presen\u00e7a da promotora Cec\u00edlia Carna\u00faba.<\/span><\/p>\n","protected":false},"excerpt":{"rendered":"<p> [&hellip;]<\/p>\n","protected":false},"author":5,"featured_media":11200,"comment_status":"open","ping_status":"open","sticky":false,"template":"","format":"standard","meta":{"om_disable_all_campaigns":false,"_monsterinsights_skip_tracking":false,"_monsterinsights_sitenote_active":false,"_monsterinsights_sitenote_note":"","_monsterinsights_sitenote_category":0,"_uf_show_specific_survey":0,"_uf_disable_surveys":false,"footnotes":""},"categories":[2],"tags":[],"class_list":["post-11199","post","type-post","status-publish","format-standard","has-post-thumbnail","hentry","category-not_mpal"],"aioseo_notices":[],"_links":{"self":[{"href":"https:\/\/www.mpal.mp.br\/index.php?rest_route=\/wp\/v2\/posts\/11199","targetHints":{"allow":["GET"]}}],"collection":[{"href":"https:\/\/www.mpal.mp.br\/index.php?rest_route=\/wp\/v2\/posts"}],"about":[{"href":"https:\/\/www.mpal.mp.br\/index.php?rest_route=\/wp\/v2\/types\/post"}],"author":[{"embeddable":true,"href":"https:\/\/www.mpal.mp.br\/index.php?rest_route=\/wp\/v2\/users\/5"}],"replies":[{"embeddable":true,"href":"https:\/\/www.mpal.mp.br\/index.php?rest_route=%2Fwp%2Fv2%2Fcomments&post=11199"}],"version-history":[{"count":1,"href":"https:\/\/www.mpal.mp.br\/index.php?rest_route=\/wp\/v2\/posts\/11199\/revisions"}],"predecessor-version":[{"id":11201,"href":"https:\/\/www.mpal.mp.br\/index.php?rest_route=\/wp\/v2\/posts\/11199\/revisions\/11201"}],"wp:featuredmedia":[{"embeddable":true,"href":"https:\/\/www.mpal.mp.br\/index.php?rest_route=\/wp\/v2\/media\/11200"}],"wp:attachment":[{"href":"https:\/\/www.mpal.mp.br\/index.php?rest_route=%2Fwp%2Fv2%2Fmedia&parent=11199"}],"wp:term":[{"taxonomy":"category","embeddable":true,"href":"https:\/\/www.mpal.mp.br\/index.php?rest_route=%2Fwp%2Fv2%2Fcategories&post=11199"},{"taxonomy":"post_tag","embeddable":true,"href":"https:\/\/www.mpal.mp.br\/index.php?rest_route=%2Fwp%2Fv2%2Ftags&post=11199"}],"curies":[{"name":"wp","href":"https:\/\/api.w.org\/{rel}","templated":true}]}}