{"id":11196,"date":"2007-06-06T08:52:10","date_gmt":"2007-06-06T11:52:10","guid":{"rendered":"https:\/\/www.mpal.mp.br\/?p=11196"},"modified":"2022-07-06T08:52:45","modified_gmt":"2022-07-06T11:52:45","slug":"mp-ingressa-com-acao-cautelar-para-garantir-transferencia-de-60-pacientes-em-48-horas","status":"publish","type":"post","link":"https:\/\/www.mpal.mp.br\/?p=11196","title":{"rendered":"MP ingressa com a\u00e7\u00e3o cautelar para garantir transfer\u00eancia de 60 pacientes, em 48 horas"},"content":{"rendered":"<p style=\"text-align: justify;\"><span style=\"font-size: 14pt;\">O Minist\u00e9rio P\u00fablico de Alagoas ingressou, agora h\u00e1 pouco, com a\u00e7\u00e3o cautelar no F\u00f3rum de Macei\u00f3 para garantir a transfer\u00eancia de 60 pacientes, internados na Unidade de Emerg\u00eancia, a outros hospitais onde houver leitos do SUS. \u201cCaso n\u00e3o haja vagas nesses leitos, a transfer\u00eancia deve ser feita para leitos particulares\u201d, informaram os promotores de Justi\u00e7a Micheline Ten\u00f3rio, Cec\u00edlia Carna\u00faba e Ubirajara Ramos.<\/span><\/p>\n<p style=\"text-align: justify;\"><span style=\"font-size: 14pt;\">Tamb\u00e9m foi requerido pelo MP alagoano a ju\u00edza Ester Manso, da 16\u00aa Vara da Fazenda Estadual, cobran\u00e7a de multa pessoal ao governador de Alagoas, prefeito de Macei\u00f3 e secret\u00e1rios Estadual e Municipal de Sa\u00fade, no valor, di\u00e1rio, de R$ 5 mil, por cada paciente, caso a transfer\u00eancia n\u00e3o seja cumprida em 48 horas.<\/span><\/p>\n<p style=\"text-align: justify;\"><span style=\"font-size: 14pt;\">\u201cN\u00e3o h\u00e1 condi\u00e7\u00e3o de atendimento m\u00e9dico emergencial para esse pessoal\u201d, enfatizaram, acrescentando que a a\u00e7\u00e3o cautelar \u00e9 uma preparat\u00f3ria para a\u00e7\u00e3o civil p\u00fablica, que deve ser impetrada num prazo de 30 dias, para que os problemas constatados na Unidade de Emerg\u00eancia sejam solucionados, o mais r\u00e1pido poss\u00edvel.<\/span><\/p>\n<p style=\"text-align: justify;\"><span style=\"font-size: 14pt;\">A a\u00e7\u00e3o cautelar do MP alagoano \u00e9 resultado de uma fiscaliza\u00e7\u00e3o conjunta com o Conselho Regional de Medicina de Alagoas na Unidade de Emerg\u00eancia, realizada na \u00faltima segunda-feira. Durante a fiscaliza\u00e7\u00e3o, al\u00e9m da superlota\u00e7\u00e3o, os promotores de Justi\u00e7a constataram diversas irregularidades nas instala\u00e7\u00f5es da Unidade de Emerg\u00eancia.<\/span><\/p>\n<p style=\"text-align: justify;\"><span style=\"font-size: 14pt;\">\u201cEm poucas horas no local, sentimos que h\u00e1 um problema s\u00e9rio de gest\u00e3o administrativa. H\u00e1 muita sujeira, baratas circulando nos arm\u00e1rios de utens\u00edlios e medica\u00e7\u00e3o de pacientes, moscas no centro cir\u00fargico, insufici\u00eancia de exaustores, falta de materiais de higieniza\u00e7\u00e3o (sab\u00e3o em l\u00edquido e toalhas de m\u00e3o), enfim uma s\u00e9rie de outras irregularidades, que vamos detalhar na a\u00e7\u00e3o civil p\u00fablica\u201d, informaram os promotores de Justi\u00e7a.<\/span><\/p>\n","protected":false},"excerpt":{"rendered":"<p> [&hellip;]<\/p>\n","protected":false},"author":5,"featured_media":11197,"comment_status":"open","ping_status":"open","sticky":false,"template":"","format":"standard","meta":{"om_disable_all_campaigns":false,"_monsterinsights_skip_tracking":false,"_monsterinsights_sitenote_active":false,"_monsterinsights_sitenote_note":"","_monsterinsights_sitenote_category":0,"_uf_show_specific_survey":0,"_uf_disable_surveys":false,"footnotes":""},"categories":[2],"tags":[],"class_list":["post-11196","post","type-post","status-publish","format-standard","has-post-thumbnail","hentry","category-not_mpal"],"aioseo_notices":[],"_links":{"self":[{"href":"https:\/\/www.mpal.mp.br\/index.php?rest_route=\/wp\/v2\/posts\/11196","targetHints":{"allow":["GET"]}}],"collection":[{"href":"https:\/\/www.mpal.mp.br\/index.php?rest_route=\/wp\/v2\/posts"}],"about":[{"href":"https:\/\/www.mpal.mp.br\/index.php?rest_route=\/wp\/v2\/types\/post"}],"author":[{"embeddable":true,"href":"https:\/\/www.mpal.mp.br\/index.php?rest_route=\/wp\/v2\/users\/5"}],"replies":[{"embeddable":true,"href":"https:\/\/www.mpal.mp.br\/index.php?rest_route=%2Fwp%2Fv2%2Fcomments&post=11196"}],"version-history":[{"count":1,"href":"https:\/\/www.mpal.mp.br\/index.php?rest_route=\/wp\/v2\/posts\/11196\/revisions"}],"predecessor-version":[{"id":11198,"href":"https:\/\/www.mpal.mp.br\/index.php?rest_route=\/wp\/v2\/posts\/11196\/revisions\/11198"}],"wp:featuredmedia":[{"embeddable":true,"href":"https:\/\/www.mpal.mp.br\/index.php?rest_route=\/wp\/v2\/media\/11197"}],"wp:attachment":[{"href":"https:\/\/www.mpal.mp.br\/index.php?rest_route=%2Fwp%2Fv2%2Fmedia&parent=11196"}],"wp:term":[{"taxonomy":"category","embeddable":true,"href":"https:\/\/www.mpal.mp.br\/index.php?rest_route=%2Fwp%2Fv2%2Fcategories&post=11196"},{"taxonomy":"post_tag","embeddable":true,"href":"https:\/\/www.mpal.mp.br\/index.php?rest_route=%2Fwp%2Fv2%2Ftags&post=11196"}],"curies":[{"name":"wp","href":"https:\/\/api.w.org\/{rel}","templated":true}]}}