{"id":11193,"date":"2007-06-11T08:51:02","date_gmt":"2007-06-11T11:51:02","guid":{"rendered":"https:\/\/www.mpal.mp.br\/?p=11193"},"modified":"2022-08-19T10:34:32","modified_gmt":"2022-08-19T13:34:32","slug":"festejos-juninos-tac-estabelece-multa-e-interdicao-de-arraias-irregulares","status":"publish","type":"post","link":"https:\/\/www.mpal.mp.br\/?p=11193","title":{"rendered":"Festejos juninos: TAC estabelece multa e interdi\u00e7\u00e3o de arrai\u00e1s irregulares"},"content":{"rendered":"<p style=\"text-align: justify;\"><span style=\"font-size: 14pt;\">Os respons\u00e1veis pelos palho\u00e7\u00f5es que v\u00e3o funcionar durante os festejos juninos de Macei\u00f3 podem ser multados, em R$ 5 mil, por irregularidade cometida, e ainda ter seu arraial interditado, caso n\u00e3o cumpram determina\u00e7\u00f5es ajustadas em acordo intermediado pelo Minist\u00e9rio P\u00fablico de Alagoas, durante audi\u00eancia realizada nesta segunda-feira.<\/span><\/p>\n<p style=\"text-align: justify;\"><span style=\"font-size: 14pt;\">De acordo com Termo de Ajustamento de Conduta, assinado por representantes dos diversos \u00f3rg\u00e3os da Prefeitura de Macei\u00f3 envolvidos na fiscaliza\u00e7\u00e3o dos festejos juninos e do Corpo de Bombeiros, a montagem de palcos e arquibancadas deve ter aval de engenheiros do Conselho Regional de Engenharia e Arquitetura (Crea); o som n\u00e3o pode ultrapassar 70 decib\u00e9is e o hor\u00e1rio estabelecido para encerramento dos shows \u00e9 meia noite, nos dias 15, 17, 22, 24 e 29 ; e duas horas da manh\u00e3, nos dias 16, 23, 28 e 30.<\/span><\/p>\n<p style=\"text-align: justify;\"><span style=\"font-size: 14pt;\">Al\u00e9m desses tr\u00eas pontos principais, segundo os promotores de Justi\u00e7a Max Martins e Denise Guimar\u00e3es, da Promotoria de Justi\u00e7a Especializada de Defesa do Consumidor, e Alberto Fonseca, da Promotoria Especializada de Defesa do Meio Ambiente, h\u00e1 outras regras que j\u00e1 haviam sido determinadas no TAC firmado em 2006 para o mesmo fim.<\/span><\/p>\n<p style=\"text-align: justify;\"><span style=\"font-size: 14pt;\">\u201cO lixo produzido no arraial, por exemplo, deve ser acondicionado e colocado em local que facilite o seu recolhimento pela Slum, cabendo ao respons\u00e1vel pelo evento realizar a limpeza da \u00e1rea at\u00e9 o meio dia\u201d, lembram os promotores de Justi\u00e7a.<\/span><\/p>\n<p style=\"text-align: justify;\"><span style=\"font-size: 14pt;\">Eles tamb\u00e9m ressaltaram que a pr\u00e1tica de soltar bal\u00f5es continua proibida e que os shows pirot\u00e9cnicos somente ser\u00e3o autorizados pelo Corpo de Bombeiros, mediante o cumprimento de regras espec\u00edficas. Das 33 solicita\u00e7\u00f5es de autoriza\u00e7\u00e3o para funcionamento de palho\u00e7\u00f5es que chegaram \u00e0 prefeitura de Macei\u00f3, tr\u00eas foram negadas devido a ind\u00edcios de irregularidades.<\/span><\/p>\n<p style=\"text-align: justify;\"><span style=\"font-size: 14pt;\">Seguran\u00e7a<\/span><\/p>\n<p style=\"text-align: justify;\"><span style=\"font-size: 14pt;\">Com rela\u00e7\u00e3o \u00e0 seguran\u00e7a, os promotores de Justi\u00e7a informam que a Pol\u00edcia Militar garantiu o policiamento nos locais dos festejos juninos. Na pr\u00f3xima quinta-feira, os respons\u00e1veis pelos palho\u00e7\u00f5es devem participar de reuni\u00e3o convocada pela Pol\u00edcia Militar e pela SMCCU para discuss\u00e3o da estrat\u00e9gia de policiamento que ser\u00e1 montada.<\/span><\/p>\n","protected":false},"excerpt":{"rendered":"<p> [&hellip;]<\/p>\n","protected":false},"author":5,"featured_media":11194,"comment_status":"open","ping_status":"open","sticky":false,"template":"","format":"standard","meta":{"om_disable_all_campaigns":false,"_monsterinsights_skip_tracking":false,"_monsterinsights_sitenote_active":false,"_monsterinsights_sitenote_note":"","_monsterinsights_sitenote_category":0,"_uf_show_specific_survey":0,"_uf_disable_surveys":false,"footnotes":""},"categories":[2],"tags":[],"class_list":["post-11193","post","type-post","status-publish","format-standard","has-post-thumbnail","hentry","category-not_mpal"],"aioseo_notices":[],"_links":{"self":[{"href":"https:\/\/www.mpal.mp.br\/index.php?rest_route=\/wp\/v2\/posts\/11193","targetHints":{"allow":["GET"]}}],"collection":[{"href":"https:\/\/www.mpal.mp.br\/index.php?rest_route=\/wp\/v2\/posts"}],"about":[{"href":"https:\/\/www.mpal.mp.br\/index.php?rest_route=\/wp\/v2\/types\/post"}],"author":[{"embeddable":true,"href":"https:\/\/www.mpal.mp.br\/index.php?rest_route=\/wp\/v2\/users\/5"}],"replies":[{"embeddable":true,"href":"https:\/\/www.mpal.mp.br\/index.php?rest_route=%2Fwp%2Fv2%2Fcomments&post=11193"}],"version-history":[{"count":1,"href":"https:\/\/www.mpal.mp.br\/index.php?rest_route=\/wp\/v2\/posts\/11193\/revisions"}],"predecessor-version":[{"id":11195,"href":"https:\/\/www.mpal.mp.br\/index.php?rest_route=\/wp\/v2\/posts\/11193\/revisions\/11195"}],"wp:featuredmedia":[{"embeddable":true,"href":"https:\/\/www.mpal.mp.br\/index.php?rest_route=\/wp\/v2\/media\/11194"}],"wp:attachment":[{"href":"https:\/\/www.mpal.mp.br\/index.php?rest_route=%2Fwp%2Fv2%2Fmedia&parent=11193"}],"wp:term":[{"taxonomy":"category","embeddable":true,"href":"https:\/\/www.mpal.mp.br\/index.php?rest_route=%2Fwp%2Fv2%2Fcategories&post=11193"},{"taxonomy":"post_tag","embeddable":true,"href":"https:\/\/www.mpal.mp.br\/index.php?rest_route=%2Fwp%2Fv2%2Ftags&post=11193"}],"curies":[{"name":"wp","href":"https:\/\/api.w.org\/{rel}","templated":true}]}}