{"id":11190,"date":"2007-06-12T08:49:45","date_gmt":"2007-06-12T11:49:45","guid":{"rendered":"https:\/\/www.mpal.mp.br\/?p=11190"},"modified":"2022-07-06T08:50:39","modified_gmt":"2022-07-06T11:50:39","slug":"mp-recomenda-interdicao-de-mercado-publico-de-penedo","status":"publish","type":"post","link":"https:\/\/www.mpal.mp.br\/?p=11190","title":{"rendered":"MP recomenda interdi\u00e7\u00e3o de Mercado P\u00fablico de Penedo"},"content":{"rendered":"<p style=\"text-align: justify;\"><span style=\"font-size: 14pt;\">O Minist\u00e9rio P\u00fablico de Alagoas recomendou \u00e0 Prefeitura Municipal de Penedo que seja determinada a imediata interdi\u00e7\u00e3o da \u00e1rea interna do Mercado P\u00fablico Municipal, onde h\u00e1 a comercializa\u00e7\u00e3o de alimentos. De acordo com o promotor de Justi\u00e7a, Jos\u00e9 Carlos Castro, caso a recomenda\u00e7\u00e3o n\u00e3o seja acatada, o MP vai entrar com a\u00e7\u00e3o civil p\u00fablica responsabilizando os agentes p\u00fablicos pela omiss\u00e3o.<\/span><\/p>\n<p style=\"text-align: justify;\"><span style=\"font-size: 14pt;\">Segundo Castro, durante procedimento investigativo, o MP alagoano recebeu relat\u00f3rios da Vigil\u00e2ncia Sanit\u00e1ria Municipal e do Corpo de Bombeiros, que apontaram uma s\u00e9rie de irregularidades no local. Em seu relat\u00f3rio, a Vigil\u00e2ncia constatou falta de condi\u00e7\u00f5es higi\u00eanico-sanit\u00e1ria; precariedade dos balc\u00f5es de comercializa\u00e7\u00e3o de alimentos; inexist\u00eancia de refrigera\u00e7\u00e3o para com\u00e9rcio de carnes; falta de limpeza geral do pr\u00e9dio; cobertura deficiente; prec\u00e1ria condi\u00e7\u00e3o das paredes e teto; presen\u00e7a de animais; falta de \u00e1gua nos boxes de venda, al\u00e9m de com\u00e9rcio de alimentos impr\u00f3prios para consumo humano.<\/span><\/p>\n<p style=\"text-align: justify;\"><span style=\"font-size: 14pt;\">J\u00e1 a vistoria do Corpo de Bombeiros constatou a inexist\u00eancia de sistema preventivo de inc\u00eandios, condi\u00e7\u00f5es prec\u00e1rias das instala\u00e7\u00f5es el\u00e9tricas, paredes com fissuras, armazenamento de grande volume de material s\u00f3lido inflam\u00e1vel, ind\u00edcios de curto-circuitos e princ\u00edpios de inc\u00eandios anteriores.<\/span><\/p>\n<p style=\"text-align: justify;\"><span style=\"font-size: 14pt;\">\u201cNo dia 27 de maio deste ano, houve um desabamento de uma parte do telhado que cobre a \u00e1rea interna do Mercado P\u00fablico Municipal. Somente por ter ocorrido no hor\u00e1rio noturno, n\u00e3o chegou a causar v\u00edtimas. Por este e outros motivos, o Mercado deve ser interditado imediatamente por provocar risco di\u00e1rio de acidentes, bem como ao patrim\u00f4nio hist\u00f3rico e cultural desta cidade, com tombamento federal, estadual e municipal\u201d, afirmou o promotor de Justi\u00e7a.<\/span><\/p>\n<p style=\"text-align: justify;\"><span style=\"font-size: 14pt;\">Na recomenda\u00e7\u00e3o, o promotor de Justi\u00e7a tamb\u00e9m pede que a Prefeitura Municipal de Penedo promova, em car\u00e1ter de urg\u00eancia, a realiza\u00e7\u00e3o das obras de conserva\u00e7\u00e3o e repara\u00e7\u00e3o do Mercado e de suas instala\u00e7\u00f5es el\u00e9tricas, para que a comercializa\u00e7\u00e3o de alimentos somente ocorra na conformidade da legisla\u00e7\u00e3o vigente, e posteriormente, s\u00f3 conceda permiss\u00e3o de uso aos comerciantes que se instalarem de acordo com as normas t\u00e9cnicas estabelecidas pela Vigil\u00e2ncia Sanit\u00e1ria.<\/span><\/p>\n","protected":false},"excerpt":{"rendered":"<p> [&hellip;]<\/p>\n","protected":false},"author":5,"featured_media":11191,"comment_status":"open","ping_status":"open","sticky":false,"template":"","format":"standard","meta":{"om_disable_all_campaigns":false,"_monsterinsights_skip_tracking":false,"_monsterinsights_sitenote_active":false,"_monsterinsights_sitenote_note":"","_monsterinsights_sitenote_category":0,"_uf_show_specific_survey":0,"_uf_disable_surveys":false,"footnotes":""},"categories":[2],"tags":[],"class_list":["post-11190","post","type-post","status-publish","format-standard","has-post-thumbnail","hentry","category-not_mpal"],"aioseo_notices":[],"_links":{"self":[{"href":"https:\/\/www.mpal.mp.br\/index.php?rest_route=\/wp\/v2\/posts\/11190","targetHints":{"allow":["GET"]}}],"collection":[{"href":"https:\/\/www.mpal.mp.br\/index.php?rest_route=\/wp\/v2\/posts"}],"about":[{"href":"https:\/\/www.mpal.mp.br\/index.php?rest_route=\/wp\/v2\/types\/post"}],"author":[{"embeddable":true,"href":"https:\/\/www.mpal.mp.br\/index.php?rest_route=\/wp\/v2\/users\/5"}],"replies":[{"embeddable":true,"href":"https:\/\/www.mpal.mp.br\/index.php?rest_route=%2Fwp%2Fv2%2Fcomments&post=11190"}],"version-history":[{"count":1,"href":"https:\/\/www.mpal.mp.br\/index.php?rest_route=\/wp\/v2\/posts\/11190\/revisions"}],"predecessor-version":[{"id":11192,"href":"https:\/\/www.mpal.mp.br\/index.php?rest_route=\/wp\/v2\/posts\/11190\/revisions\/11192"}],"wp:featuredmedia":[{"embeddable":true,"href":"https:\/\/www.mpal.mp.br\/index.php?rest_route=\/wp\/v2\/media\/11191"}],"wp:attachment":[{"href":"https:\/\/www.mpal.mp.br\/index.php?rest_route=%2Fwp%2Fv2%2Fmedia&parent=11190"}],"wp:term":[{"taxonomy":"category","embeddable":true,"href":"https:\/\/www.mpal.mp.br\/index.php?rest_route=%2Fwp%2Fv2%2Fcategories&post=11190"},{"taxonomy":"post_tag","embeddable":true,"href":"https:\/\/www.mpal.mp.br\/index.php?rest_route=%2Fwp%2Fv2%2Ftags&post=11190"}],"curies":[{"name":"wp","href":"https:\/\/api.w.org\/{rel}","templated":true}]}}