{"id":11187,"date":"2007-06-13T08:48:19","date_gmt":"2007-06-13T11:48:19","guid":{"rendered":"https:\/\/www.mpal.mp.br\/?p=11187"},"modified":"2022-07-06T08:49:05","modified_gmt":"2022-07-06T11:49:05","slug":"pacientes-e-servidores-do-jose-carneiro-vao-ser-remanejados-para-outros-hospitais","status":"publish","type":"post","link":"https:\/\/www.mpal.mp.br\/?p=11187","title":{"rendered":"Pacientes e servidores do Jos\u00e9 Carneiro v\u00e3o ser remanejados para outros hospitais"},"content":{"rendered":"<p style=\"text-align: justify;\"><span style=\"font-size: 14pt;\">Com intermedia\u00e7\u00e3o do Minist\u00e9rio P\u00fablico de Alagoas, foi definido durante audi\u00eancia p\u00fablica realizada na manh\u00e3 desta quarta-feira que os pacientes e os servidores do Hospital Jos\u00e9 Carneiro, desativado ano passado, ser\u00e3o imediatamente remanejados para outros hospitais. O compromisso foi assumido pelo secret\u00e1rio estadual de Sa\u00fade, Andr\u00e9 Valente, perante os promotores de Justi\u00e7a Micheline Ten\u00f3rio, da Promotoria da Sa\u00fade, e Cec\u00edlia Carna\u00faba, da Fazenda P\u00fablica, al\u00e9m de representantes dos servidores do hospital e presidentes dos conselhos estadual e municipal de Sa\u00fade.<\/span><\/p>\n<p style=\"text-align: justify;\"><span style=\"font-size: 14pt;\">Segundo a promotora de Justi\u00e7a Micheline Ten\u00f3rio, a audi\u00eancia alcan\u00e7ou seu objetivo ao encontrar solu\u00e7\u00e3o para a reloca\u00e7\u00e3o de servidores e assist\u00eancia para os pacientes que seriam atendidos pelo Hospital Escola Jos\u00e9 Carneiro. \u201cOs seis itens desse acordo foram registrados num documento endere\u00e7ado ao Minist\u00e9rio P\u00fablico Estadual, assinado pelo secret\u00e1rio Andr\u00e9 Valente \u2013 convalidado pelo reitor da Uncisal, Andr\u00e9 Falc\u00e3o, e pelo diretor do Hospital Jos\u00e9 Carneiro, Marcos Seabra \u2013 comprometendo-se em coloc\u00e1-los em pr\u00e1tica imediatamente\u201d, explicou a promotora.<\/span><\/p>\n<p style=\"text-align: justify;\"><span style=\"font-size: 14pt;\">As quest\u00f5es pendentes sobre a situa\u00e7\u00e3o do Hospital Escola Jos\u00e9 Carneiro, que foi desativado no ano passado para que fossem iniciadas as obras de reforma e amplia\u00e7\u00e3o da Unidade de Emerg\u00eancia, ser\u00e3o discutidas na pr\u00f3xima audi\u00eancia p\u00fablica, marcada para o dia 2 de julho, a partir das 9 horas, no audit\u00f3rio da Procuradoria-Geral de Justi\u00e7a. \u201cNessa pr\u00f3xima reuni\u00e3o iremos definir a quest\u00e3o do atendimento ambulatorial de forma mais detalhada, para que a popula\u00e7\u00e3o n\u00e3o seja prejudicada em nada\u201d, destacou Micheline Ten\u00f3rio.<\/span><\/p>\n<p style=\"text-align: justify;\"><span style=\"font-size: 14pt;\">Durante a audi\u00eancia, a promotora de Justi\u00e7a Cec\u00edlia Carna\u00faba pediu ao reitor da Uncisal, Andr\u00e9 Falc\u00e3o, c\u00f3pia autenticada do documento assinado por ele, criticando o governo do Estado pela forma como foi feita a desativa\u00e7\u00e3o do Hospital Escola Jos\u00e9 Carneiro, para que fossem iniciadas as obras de reforma e amplia\u00e7\u00e3o da Unidade de Emerg\u00eancia.<\/span><\/p>\n<p style=\"text-align: justify;\"><span style=\"font-size: 14pt;\">A audi\u00eancia tamb\u00e9m com a participa\u00e7\u00e3o de representantes da Secretaria Municipal da Sa\u00fade, do HDT e do Hospital Universit\u00e1rio.<\/span><\/p>\n<p style=\"text-align: justify;\"><span style=\"font-size: 14pt;\">Confira os detalhes do acordo:<\/span><\/p>\n<p style=\"text-align: justify;\"><span style=\"font-size: 14pt;\">1) Os pacientes de cl\u00ednica m\u00e9dica que eram atendidos no Hospital Escola Jos\u00e9 Carneiro ser\u00e3o atendidos no Hospital Escola H\u00e9lvio Auto, que fica dentro do complexo hospitalar administrado pela Uncisal;<\/span><\/p>\n<p style=\"text-align: justify;\"><span style=\"font-size: 14pt;\">2) Os pacientes de cl\u00ednica cir\u00fargica ser\u00e3o atendidos no Hospital do A\u00e7\u00facar, em \u00e1rea especifica determinada com esse prop\u00f3sito;<\/span><\/p>\n<p style=\"text-align: justify;\"><span style=\"font-size: 14pt;\">3) O atendimento da pediatria tamb\u00e9m foi transferido para o Hospital Escola H\u00e9lvio Auto.<\/span><\/p>\n<p style=\"text-align: justify;\"><span style=\"font-size: 14pt;\">4) Os pacientes do 1\u00ba Centro de Sa\u00fade \u2013 que ora abriga de forma improvisada o ambulat\u00f3rio do Hospital Escola Jos\u00e9 Carneiro \u2013 poder\u00e3o ficar internados no Hospital Escola H\u00e9lvio Auto ou no Hospital Ib Gatto falc\u00e3o, caso necessitem de interna\u00e7\u00e3o.<\/span><\/p>\n<p style=\"text-align: justify;\"><span style=\"font-size: 14pt;\">5) As obras do novo complexo hospitalar dever\u00e3o ser conclu\u00eddas em janeiro de 2008, dentro do projeto da reforma e amplia\u00e7\u00e3o da Unidade de Emerg\u00eancia Dr. Armando Lages, em Macei\u00f3.<\/span><\/p>\n<p style=\"text-align: justify;\"><span style=\"font-size: 14pt;\">6) Metade dos funcion\u00e1rios do Hospital Escola Jos\u00e9 Carneiro ser\u00e1 remanejado para outras unidades de sa\u00fade do complexo hospitalar administrado pela Uncisal, levando em considera\u00e7\u00e3o a forma\u00e7\u00e3o e as especialidades de cada um. A outra metade ir\u00e1 realizar um curso de qualifica\u00e7\u00e3o nos moldes do Programa Qualisus. Durante esse per\u00edodo, ficou garantido que todos os funcion\u00e1rios ir\u00e3o receber seus vencimentos de forma integral, do mesmo jeito que recebiam quando estava em funcionamento do Hospital Escola Jos\u00e9 Carneiro.<\/span><\/p>\n","protected":false},"excerpt":{"rendered":"<p> [&hellip;]<\/p>\n","protected":false},"author":5,"featured_media":11188,"comment_status":"open","ping_status":"open","sticky":false,"template":"","format":"standard","meta":{"om_disable_all_campaigns":false,"_monsterinsights_skip_tracking":false,"_monsterinsights_sitenote_active":false,"_monsterinsights_sitenote_note":"","_monsterinsights_sitenote_category":0,"_uf_show_specific_survey":0,"_uf_disable_surveys":false,"footnotes":""},"categories":[2],"tags":[],"class_list":["post-11187","post","type-post","status-publish","format-standard","has-post-thumbnail","hentry","category-not_mpal"],"aioseo_notices":[],"_links":{"self":[{"href":"https:\/\/www.mpal.mp.br\/index.php?rest_route=\/wp\/v2\/posts\/11187","targetHints":{"allow":["GET"]}}],"collection":[{"href":"https:\/\/www.mpal.mp.br\/index.php?rest_route=\/wp\/v2\/posts"}],"about":[{"href":"https:\/\/www.mpal.mp.br\/index.php?rest_route=\/wp\/v2\/types\/post"}],"author":[{"embeddable":true,"href":"https:\/\/www.mpal.mp.br\/index.php?rest_route=\/wp\/v2\/users\/5"}],"replies":[{"embeddable":true,"href":"https:\/\/www.mpal.mp.br\/index.php?rest_route=%2Fwp%2Fv2%2Fcomments&post=11187"}],"version-history":[{"count":1,"href":"https:\/\/www.mpal.mp.br\/index.php?rest_route=\/wp\/v2\/posts\/11187\/revisions"}],"predecessor-version":[{"id":11189,"href":"https:\/\/www.mpal.mp.br\/index.php?rest_route=\/wp\/v2\/posts\/11187\/revisions\/11189"}],"wp:featuredmedia":[{"embeddable":true,"href":"https:\/\/www.mpal.mp.br\/index.php?rest_route=\/wp\/v2\/media\/11188"}],"wp:attachment":[{"href":"https:\/\/www.mpal.mp.br\/index.php?rest_route=%2Fwp%2Fv2%2Fmedia&parent=11187"}],"wp:term":[{"taxonomy":"category","embeddable":true,"href":"https:\/\/www.mpal.mp.br\/index.php?rest_route=%2Fwp%2Fv2%2Fcategories&post=11187"},{"taxonomy":"post_tag","embeddable":true,"href":"https:\/\/www.mpal.mp.br\/index.php?rest_route=%2Fwp%2Fv2%2Ftags&post=11187"}],"curies":[{"name":"wp","href":"https:\/\/api.w.org\/{rel}","templated":true}]}}