{"id":11184,"date":"2007-06-26T08:46:49","date_gmt":"2007-06-26T11:46:49","guid":{"rendered":"https:\/\/www.mpal.mp.br\/?p=11184"},"modified":"2022-07-06T08:47:43","modified_gmt":"2022-07-06T11:47:43","slug":"prefeitura-de-penedo-e-obrigada-a-pagar-indenizacao-e-multa-por-descumprimento-de-decisao-judicial","status":"publish","type":"post","link":"https:\/\/www.mpal.mp.br\/?p=11184","title":{"rendered":"Prefeitura de Penedo \u00e9 obrigada a pagar indeniza\u00e7\u00e3o e multa por descumprimento de decis\u00e3o judicial"},"content":{"rendered":"<p style=\"text-align: justify;\"><span style=\"font-size: 14pt;\">A Justi\u00e7a alagoana condenou a Prefeitura Municipal de Penedo a pagar indeniza\u00e7\u00e3o de R$ 10 mil, al\u00e9m de multa di\u00e1ria de R$ 1 mil, por conta do descumprimento de acordo judicial.<\/span><\/p>\n<p style=\"text-align: justify;\"><span style=\"font-size: 14pt;\">Segundo o promotor de Justi\u00e7a Jos\u00e9 Carlos Castro, o acordo foi firmado entre o Minist\u00e9rio P\u00fablico de Alagoas, a pr\u00f3pria Prefeitura e o Estado de Alagoas, em a\u00e7\u00e3o civil p\u00fablica proposta pela 2\u00aa Promotoria de Justi\u00e7a de Penedo contra a constru\u00e7\u00e3o de um posto fiscal da Secretaria da Fazenda do Estado de Alagoas (Sefaz), em \u00e1rea considerada tombada pelo patrim\u00f4nio hist\u00f3rico. No acordo firmado, a Prefeitura de Penedo deveria sinalizar e fiscalizar as ruas da cidade para que n\u00e3o houvesse tr\u00e2nsito de ve\u00edculos pesados no centro hist\u00f3rico.<\/span><\/p>\n<p style=\"text-align: justify;\"><span style=\"font-size: 14pt;\">A indeniza\u00e7\u00e3o e a multa est\u00e3o depositadas em conta judicial e v\u00e3o ser, posteriormente, aplicadas em a\u00e7\u00f5es voltadas \u00e0 preserva\u00e7\u00e3o do patrim\u00f4nio cultural da cidade, a crit\u00e9rio da Promotoria da Comarca de Penedo e do juiz da causa, Luciano Galv\u00e3o, em conformidade com as pol\u00edticas culturais promovidas pelo Estado.<\/span><\/p>\n<p style=\"text-align: justify;\"><span style=\"font-size: 14pt;\">\u201cEssa a\u00e7\u00e3o do Minist\u00e9rio P\u00fablico teve o objetivo de impedir que o tr\u00e1fego causasse mais danos \u00e0s constru\u00e7\u00f5es consideradas hist\u00f3ricas da cidade de Penedo\u201d, ressaltou Castro. Segundo ele, a Sefaz cumpriu o acordo de construir outro posto em local apropriado e de demolir o que havia constru\u00eddo irregularmente.<\/span><\/p>\n<p style=\"text-align: justify;\"><span style=\"font-size: 14pt;\">De acordo com o promotor de Justi\u00e7a, desde o ano de 2005, o MP alagoano vem tentando fazer com que esse acordo fosse cumprido plenamente. \u201cFizemos v\u00e1rias tentativas, mas n\u00e3o tivemos uma conclus\u00e3o satisfat\u00f3ria. Algumas placas de sinaliza\u00e7\u00e3o foram colocadas, por\u00e9m sem atender a necessidade pretendida, como por exemplo, a de informar que n\u00e3o \u00e9 permitido o tr\u00e1fego de ve\u00edculos pesados no centro hist\u00f3rico da cidade; informar qual tipo de ve\u00edculo \u00e9 considerado pesado para a municipalidade; e informar que o caminho alternativo para esses ve\u00edculos \u00e9 a Av. M\u00e1rio Freire Leahy\u201d, afirmou Castro.<\/span><\/p>\n<p style=\"text-align: justify;\"><span style=\"font-size: 14pt;\">Ainda segundo o promotor de Justi\u00e7a, a Prefeitura Municipal de Penedo recorreu da decis\u00e3o , mas o Tribunal de Justi\u00e7a de Alagoas manteve a determina\u00e7\u00e3o do juiz Luciano Galv\u00e3o, da 3\u00aa Vara de Penedo.<\/span><\/p>\n","protected":false},"excerpt":{"rendered":"<p> [&hellip;]<\/p>\n","protected":false},"author":5,"featured_media":11185,"comment_status":"open","ping_status":"open","sticky":false,"template":"","format":"standard","meta":{"om_disable_all_campaigns":false,"_monsterinsights_skip_tracking":false,"_monsterinsights_sitenote_active":false,"_monsterinsights_sitenote_note":"","_monsterinsights_sitenote_category":0,"_uf_show_specific_survey":0,"_uf_disable_surveys":false,"footnotes":""},"categories":[2],"tags":[],"class_list":["post-11184","post","type-post","status-publish","format-standard","has-post-thumbnail","hentry","category-not_mpal"],"aioseo_notices":[],"_links":{"self":[{"href":"https:\/\/www.mpal.mp.br\/index.php?rest_route=\/wp\/v2\/posts\/11184","targetHints":{"allow":["GET"]}}],"collection":[{"href":"https:\/\/www.mpal.mp.br\/index.php?rest_route=\/wp\/v2\/posts"}],"about":[{"href":"https:\/\/www.mpal.mp.br\/index.php?rest_route=\/wp\/v2\/types\/post"}],"author":[{"embeddable":true,"href":"https:\/\/www.mpal.mp.br\/index.php?rest_route=\/wp\/v2\/users\/5"}],"replies":[{"embeddable":true,"href":"https:\/\/www.mpal.mp.br\/index.php?rest_route=%2Fwp%2Fv2%2Fcomments&post=11184"}],"version-history":[{"count":1,"href":"https:\/\/www.mpal.mp.br\/index.php?rest_route=\/wp\/v2\/posts\/11184\/revisions"}],"predecessor-version":[{"id":11186,"href":"https:\/\/www.mpal.mp.br\/index.php?rest_route=\/wp\/v2\/posts\/11184\/revisions\/11186"}],"wp:featuredmedia":[{"embeddable":true,"href":"https:\/\/www.mpal.mp.br\/index.php?rest_route=\/wp\/v2\/media\/11185"}],"wp:attachment":[{"href":"https:\/\/www.mpal.mp.br\/index.php?rest_route=%2Fwp%2Fv2%2Fmedia&parent=11184"}],"wp:term":[{"taxonomy":"category","embeddable":true,"href":"https:\/\/www.mpal.mp.br\/index.php?rest_route=%2Fwp%2Fv2%2Fcategories&post=11184"},{"taxonomy":"post_tag","embeddable":true,"href":"https:\/\/www.mpal.mp.br\/index.php?rest_route=%2Fwp%2Fv2%2Ftags&post=11184"}],"curies":[{"name":"wp","href":"https:\/\/api.w.org\/{rel}","templated":true}]}}