{"id":11181,"date":"2007-07-02T08:45:06","date_gmt":"2007-07-02T11:45:06","guid":{"rendered":"https:\/\/www.mpal.mp.br\/?p=11181"},"modified":"2022-07-06T08:46:18","modified_gmt":"2022-07-06T11:46:18","slug":"mp-da-prazo-de-30-dias-para-resolver-situacao-do-hospital-jose-carneiro","status":"publish","type":"post","link":"https:\/\/www.mpal.mp.br\/?p=11181","title":{"rendered":"MP d\u00e1 prazo de 30 dias para resolver situa\u00e7\u00e3o do Hospital Jos\u00e9 Carneiro"},"content":{"rendered":"<p style=\"text-align: justify;\"><span style=\"font-size: 14pt;\">O Minist\u00e9rio P\u00fablico de Alagoas deu um prazo de 30 dias para que uma comiss\u00e3o, coordenada pela Secretaria Estadual de Sa\u00fade (Sesau), apresente um documento final especificando qual parte dos servi\u00e7os do Hospital Jos\u00e9 Carneiro funcionar\u00e1 no Hospital Universit\u00e1rio e qual parte funcionar\u00e1 na Unidade de Emerg\u00eancia. O prazo come\u00e7a a contar desta ter\u00e7a-feira (3\/7) e foi concedido nesta segunda-feira, durante mais uma audi\u00eancia p\u00fablica, realizada no audit\u00f3rio da Procuradoria-Geral de Justi\u00e7a.<\/span><\/p>\n<p style=\"text-align: justify;\"><span style=\"font-size: 14pt;\">A audi\u00eancia foi coordenada pelas promotoras de Justi\u00e7a Micheline Ten\u00f3rio, Gilcele Damaso e Cec\u00edlia Carna\u00faba, das Promotorias de Sa\u00fade e da Fazenda P\u00fablica Estadual. Participaram tamb\u00e9m da audi\u00eancia representantes dos servidores, dos professores e gestores da Uncisal, Hospital Universit\u00e1rio, Secretarias de Sa\u00fade do Estado e de Macei\u00f3, al\u00e9m dos Conselhos Estadual e Municipal de Sa\u00fade.<\/span><\/p>\n<p style=\"text-align: justify;\"><span style=\"font-size: 14pt;\">A comiss\u00e3o ser\u00e1 coordenada pela doutora Silvana Medeiros, da Secretaria Estadual de Sa\u00fade (Sesau), e composta por representantes da Uncisal, Hospital Universit\u00e1rio, Secretarias Municipal e Estadual de Sa\u00fade, Unidade de Emerg\u00eancia, Hospital Escola H\u00e9lvio Auto, representantes dos servidores e dos alunos e do corpo docente da Uncisal. Segundo a coordenadora da comiss\u00e3o, esse documento vai mostrar um estudo em que ser\u00e3o levadas em considera\u00e7\u00e3o \u00e0 redistribui\u00e7\u00e3o dos recursos humanos, financeiros e do patrim\u00f4nio do hospital desativado temporariamente at\u00e9 a conclus\u00e3o das obras.<\/span><\/p>\n<p style=\"text-align: justify;\"><span style=\"font-size: 14pt;\">No entanto, antes desse prazo, o atendimento de pediatria e cl\u00ednica m\u00e9dica ser\u00e1 feito no Hospital de Doen\u00e7as Tropicais (HDT) e na Unidade de Emerg\u00eancia, que devem absorver tamb\u00e9m parte dos servidores do Hospital Escola Jos\u00e9 Carneiro. \u201cJ\u00e1 existem seis leitos de cl\u00ednica-cir\u00fargica em funcionamento no HDT. A partir de quinta-feira, 16 leitos do HDT estar\u00e3o dispon\u00edveis para a pediatria\u201d, garantiu Marcos Seabra, diretor do Hospital Escola Jos\u00e9 Carneiro.<\/span><\/p>\n<p style=\"text-align: justify;\"><span style=\"font-size: 14pt;\">Para a promotora Micheline Ten\u00f3rio, o importante \u00e9 que a popula\u00e7\u00e3o n\u00e3o continue prejudicada com a desativa\u00e7\u00e3o do Hospital Escola Jos\u00e9 Carneiro, que realizava cerca de 70 cirurgias por m\u00eas, mas foi desativado h\u00e1 cerca de um ano para o in\u00edcio da obra de reforma e amplia\u00e7\u00e3o da Unidade de Emerg\u00eancia. \u201cEsperamos que essa obra esteja conclu\u00edda em janeiro de 2008, uma vez que est\u00e1 atrasada a sua conclus\u00e3o e para que a popula\u00e7\u00e3o tenha acesso \u00e0 assist\u00eancia \u00e0 sa\u00fade com boa qualidade\u201d, afirmou a promotora.<\/span><\/p>\n<p style=\"text-align: justify;\"><span style=\"font-size: 14pt;\">At\u00e9 l\u00e1, a parte de cl\u00ednica cir\u00fargica dever\u00e1 mesmo ser realizada pelo Hospital Universit\u00e1rio, que foi escolhido por ter espa\u00e7os ociosos (90 leitos e cinco centros cir\u00fargicos) e ter car\u00eancia de pessoal, al\u00e9m de ser uma institui\u00e7\u00e3o ligada ao ensino superior, na \u00e1rea de sa\u00fade p\u00fablica. O diretor do HU, Paulo Teixeira, disse que a institui\u00e7\u00e3o est\u00e1 de portas abertas e \u00e0 disposi\u00e7\u00e3o dos gestores do Estado para ajudar no atendimento m\u00e9dico-cir\u00fargico.<\/span><\/p>\n<p style=\"text-align: justify;\"><span style=\"font-size: 14pt;\">Na audi\u00eancia, o reitor da Uncisal, Andr\u00e9 Falc\u00e3o, cobrou a responsabiliza\u00e7\u00e3o dos gestores pelos transtornos causados pela desativa\u00e7\u00e3o \u201cprecipitada\u201d do Hospital Escola Jos\u00e9 Carneiro. A promotora de Justi\u00e7a Cec\u00edlia Carna\u00faba explicou que essa investiga\u00e7\u00e3o j\u00e1 est\u00e1 em curso no MP estadual, mas a prioridade \u00e9 colocar em funcionamento os servi\u00e7os que eram oferecidos \u00e0 popula\u00e7\u00e3o pelo hospital desativado.<\/span><\/p>\n","protected":false},"excerpt":{"rendered":"<p> [&hellip;]<\/p>\n","protected":false},"author":5,"featured_media":11182,"comment_status":"open","ping_status":"open","sticky":false,"template":"","format":"standard","meta":{"om_disable_all_campaigns":false,"_monsterinsights_skip_tracking":false,"_monsterinsights_sitenote_active":false,"_monsterinsights_sitenote_note":"","_monsterinsights_sitenote_category":0,"_uf_show_specific_survey":0,"_uf_disable_surveys":false,"footnotes":""},"categories":[2],"tags":[],"class_list":["post-11181","post","type-post","status-publish","format-standard","has-post-thumbnail","hentry","category-not_mpal"],"aioseo_notices":[],"_links":{"self":[{"href":"https:\/\/www.mpal.mp.br\/index.php?rest_route=\/wp\/v2\/posts\/11181","targetHints":{"allow":["GET"]}}],"collection":[{"href":"https:\/\/www.mpal.mp.br\/index.php?rest_route=\/wp\/v2\/posts"}],"about":[{"href":"https:\/\/www.mpal.mp.br\/index.php?rest_route=\/wp\/v2\/types\/post"}],"author":[{"embeddable":true,"href":"https:\/\/www.mpal.mp.br\/index.php?rest_route=\/wp\/v2\/users\/5"}],"replies":[{"embeddable":true,"href":"https:\/\/www.mpal.mp.br\/index.php?rest_route=%2Fwp%2Fv2%2Fcomments&post=11181"}],"version-history":[{"count":1,"href":"https:\/\/www.mpal.mp.br\/index.php?rest_route=\/wp\/v2\/posts\/11181\/revisions"}],"predecessor-version":[{"id":11183,"href":"https:\/\/www.mpal.mp.br\/index.php?rest_route=\/wp\/v2\/posts\/11181\/revisions\/11183"}],"wp:featuredmedia":[{"embeddable":true,"href":"https:\/\/www.mpal.mp.br\/index.php?rest_route=\/wp\/v2\/media\/11182"}],"wp:attachment":[{"href":"https:\/\/www.mpal.mp.br\/index.php?rest_route=%2Fwp%2Fv2%2Fmedia&parent=11181"}],"wp:term":[{"taxonomy":"category","embeddable":true,"href":"https:\/\/www.mpal.mp.br\/index.php?rest_route=%2Fwp%2Fv2%2Fcategories&post=11181"},{"taxonomy":"post_tag","embeddable":true,"href":"https:\/\/www.mpal.mp.br\/index.php?rest_route=%2Fwp%2Fv2%2Ftags&post=11181"}],"curies":[{"name":"wp","href":"https:\/\/api.w.org\/{rel}","templated":true}]}}