{"id":11178,"date":"2007-07-02T08:41:58","date_gmt":"2007-07-02T11:41:58","guid":{"rendered":"https:\/\/www.mpal.mp.br\/?p=11178"},"modified":"2022-07-06T08:42:30","modified_gmt":"2022-07-06T11:42:30","slug":"mp-de-alagoas-realiza-inspecao-nas-obras-da-unidade-de-emergencia","status":"publish","type":"post","link":"https:\/\/www.mpal.mp.br\/?p=11178","title":{"rendered":"MP de Alagoas realiza inspe\u00e7\u00e3o nas obras da Unidade de Emerg\u00eancia"},"content":{"rendered":"<p style=\"text-align: justify;\"><span style=\"font-size: 14pt;\">Os promotores de Justi\u00e7a Jamyl Barbosa e Ubirajara Ramos realizaram hoje \u00e0 tarde uma inspe\u00e7\u00e3o nas obras de amplia\u00e7\u00e3o e reforma da Unidade de Emerg\u00eancia Armando Lages, que resultaram na desativa\u00e7\u00e3o do Hospital Escola Jos\u00e9 Carneiro, no bairro do Trapiche da Barra, em Macei\u00f3. Eles foram recebidos pelo engenheiro Rui Paiva, da Construtora Arquitec, respons\u00e1vel pelas obras, or\u00e7adas em R$ 16 milh\u00f5es. Segundo o engenheiro, cerca de 65% das obras f\u00edsicas j\u00e1 foram conclu\u00eddas. A conclus\u00e3o do restante das obras est\u00e1 prevista para janeiro de 2008.<\/span><\/p>\n<p style=\"text-align: justify;\"><span style=\"font-size: 14pt;\">Para os promotores, a visita foi proveitosa porque deu para ter uma id\u00e9ia da complexidade das obras. \u201cDeu para perceber que se trata de uma obra de grande porte, que precisa ser melhor fiscalizada para n\u00e3o ter problema de continuidade, para que possa ficar pronta no tempo previsto, para n\u00e3o prejudicar ainda mais a popula\u00e7\u00e3o\u201d, afirmou Jamyl Barbosa. Segundo ele, o MP Estadual ir\u00e1 requisitar \u00e0 Construtora Arquitec toda a documenta\u00e7\u00e3o necess\u00e1ria para ter um id\u00e9ia exata das obras. \u201cS\u00f3 assim poderemos cobrar a agilidade na sua execu\u00e7\u00e3o\u201d, acrescentou o promotor.<\/span><\/p>\n<p style=\"text-align: justify;\"><span style=\"font-size: 14pt;\">Na conversa com os promotores, o engenheiro Rui Paiva disse que a demora na desativa\u00e7\u00e3o da lavanderia estaria contribuindo para o atraso da constru\u00e7\u00e3o do pr\u00e9dio. Por isso, o promotor Ubirajara Ramos disse que vai solicitar do diretor do Hospital Escola Jos\u00e9 Carneiro, Marcos Seabra, que facilite a transfer\u00eancia da lavanderia para que as obras sejam agilizadas. Os promotores disseram ainda que pretendem ouvir os diretores do hospital desativado, a Uncisal e a construtora. Eles tamb\u00e9m pretendem solicitar laudos t\u00e9cnicos ao Conselho Regional de Medicina e ao CREA\/AL.<\/span><\/p>\n","protected":false},"excerpt":{"rendered":"<p> [&hellip;]<\/p>\n","protected":false},"author":5,"featured_media":11179,"comment_status":"open","ping_status":"open","sticky":false,"template":"","format":"standard","meta":{"om_disable_all_campaigns":false,"_monsterinsights_skip_tracking":false,"_monsterinsights_sitenote_active":false,"_monsterinsights_sitenote_note":"","_monsterinsights_sitenote_category":0,"_uf_show_specific_survey":0,"_uf_disable_surveys":false,"footnotes":""},"categories":[2],"tags":[],"class_list":["post-11178","post","type-post","status-publish","format-standard","has-post-thumbnail","hentry","category-not_mpal"],"aioseo_notices":[],"_links":{"self":[{"href":"https:\/\/www.mpal.mp.br\/index.php?rest_route=\/wp\/v2\/posts\/11178","targetHints":{"allow":["GET"]}}],"collection":[{"href":"https:\/\/www.mpal.mp.br\/index.php?rest_route=\/wp\/v2\/posts"}],"about":[{"href":"https:\/\/www.mpal.mp.br\/index.php?rest_route=\/wp\/v2\/types\/post"}],"author":[{"embeddable":true,"href":"https:\/\/www.mpal.mp.br\/index.php?rest_route=\/wp\/v2\/users\/5"}],"replies":[{"embeddable":true,"href":"https:\/\/www.mpal.mp.br\/index.php?rest_route=%2Fwp%2Fv2%2Fcomments&post=11178"}],"version-history":[{"count":1,"href":"https:\/\/www.mpal.mp.br\/index.php?rest_route=\/wp\/v2\/posts\/11178\/revisions"}],"predecessor-version":[{"id":11180,"href":"https:\/\/www.mpal.mp.br\/index.php?rest_route=\/wp\/v2\/posts\/11178\/revisions\/11180"}],"wp:featuredmedia":[{"embeddable":true,"href":"https:\/\/www.mpal.mp.br\/index.php?rest_route=\/wp\/v2\/media\/11179"}],"wp:attachment":[{"href":"https:\/\/www.mpal.mp.br\/index.php?rest_route=%2Fwp%2Fv2%2Fmedia&parent=11178"}],"wp:term":[{"taxonomy":"category","embeddable":true,"href":"https:\/\/www.mpal.mp.br\/index.php?rest_route=%2Fwp%2Fv2%2Fcategories&post=11178"},{"taxonomy":"post_tag","embeddable":true,"href":"https:\/\/www.mpal.mp.br\/index.php?rest_route=%2Fwp%2Fv2%2Ftags&post=11178"}],"curies":[{"name":"wp","href":"https:\/\/api.w.org\/{rel}","templated":true}]}}