{"id":11175,"date":"2007-07-26T08:39:53","date_gmt":"2007-07-26T11:39:53","guid":{"rendered":"https:\/\/www.mpal.mp.br\/?p=11175"},"modified":"2022-07-06T08:41:39","modified_gmt":"2022-07-06T11:41:39","slug":"mp-discute-com-governo-saida-para-superlotacao-de-delegacias","status":"publish","type":"post","link":"https:\/\/www.mpal.mp.br\/?p=11175","title":{"rendered":"MP discute com governo sa\u00edda para superlota\u00e7\u00e3o de delegacias"},"content":{"rendered":"<p style=\"text-align: justify;\"><span style=\"font-size: 14pt;\">O Minist\u00e9rio P\u00fablico de Alagoas deu um prazo de 15 dias para que a Secretaria de Defesa Social apresente novos documentos referentes \u00e0 situa\u00e7\u00e3o das delegacias de pol\u00edcia do Estado. Com base nesses documentos, o MP Estadual pretende realizar um termo de ajuste de conduta para solucionar os problemas de superlota\u00e7\u00e3o das cadeias p\u00fablicas e delegacias da Capital e do interior.<\/span><\/p>\n<p style=\"text-align: justify;\"><span style=\"font-size: 14pt;\">O prazo foi concedido pelo promotor de Justi\u00e7a Hamilton Carneiro J\u00fanior, em audi\u00eancia p\u00fablica realizada nesta quinta-feira com o subsecret\u00e1rio de Defesa Social, coronel PM Ronaldo dos Santos, que representou o secret\u00e1rio de Defesa Social, coronel Edson S\u00e1 Rocha, e com a procuradora do Estado Camile Maia. A audi\u00eancia faz parte de inqu\u00e9rito civil instaurado pela Promotoria da Fazenda P\u00fablica Estadual, no \u00faltimo dia 17, para apurar den\u00fancias da Associa\u00e7\u00e3o dos Delegados de Pol\u00edcia de Alagoas (Adepol-AL).<\/span><\/p>\n<p style=\"text-align: justify;\"><span style=\"font-size: 14pt;\">O coronel Ronaldo rebateu as cr\u00edticas da Adepol quanto aos riscos que representam as delegacias superlotadas. \u201cApresentamos essa primeira parte da documenta\u00e7\u00e3o, daqui a 15 dias traremos o restante dos documentos para provar que o Estado n\u00e3o est\u00e1 inoperante, como denunciou o presidente da Adepol\u201d, afirmou o coronel Ronaldo. Ele disse ainda que o governo estuda a transfer\u00eancia de presos das delegacias para o Baldomero Cavalcanti, que \u00e9 maior pres\u00eddio do complexo penitenci\u00e1rio do Estado.<\/span><\/p>\n<p style=\"text-align: justify;\"><span style=\"font-size: 14pt;\">Segundo o subsecret\u00e1rio, ou \u00e9 feito esse remanejamento de presos, ou o Estado ter\u00e1 que construir um novo Cadei\u00e3o, j\u00e1 que a Casa de Cust\u00f3dia, rec\u00e9m-inaugurada dentro do complexo penitenci\u00e1rio de Macei\u00f3, j\u00e1 est\u00e1 superlotada. \u201cAlguma coisa tem que ser feita para resolver o problema, j\u00e1 que temos mais presos transit\u00f3rios, que ainda n\u00e3o foram julgados, do que presos condenados pela Justi\u00e7a, em Alagoas\u201d, afirmou o coronel Ronaldo, que calcula em mais de 400 presos nas cerca de 130 delegacias do Estado.<\/span><\/p>\n","protected":false},"excerpt":{"rendered":"<p> [&hellip;]<\/p>\n","protected":false},"author":5,"featured_media":11176,"comment_status":"open","ping_status":"open","sticky":false,"template":"","format":"standard","meta":{"om_disable_all_campaigns":false,"_monsterinsights_skip_tracking":false,"_monsterinsights_sitenote_active":false,"_monsterinsights_sitenote_note":"","_monsterinsights_sitenote_category":0,"_uf_show_specific_survey":0,"_uf_disable_surveys":false,"footnotes":""},"categories":[2],"tags":[],"class_list":["post-11175","post","type-post","status-publish","format-standard","has-post-thumbnail","hentry","category-not_mpal"],"aioseo_notices":[],"_links":{"self":[{"href":"https:\/\/www.mpal.mp.br\/index.php?rest_route=\/wp\/v2\/posts\/11175","targetHints":{"allow":["GET"]}}],"collection":[{"href":"https:\/\/www.mpal.mp.br\/index.php?rest_route=\/wp\/v2\/posts"}],"about":[{"href":"https:\/\/www.mpal.mp.br\/index.php?rest_route=\/wp\/v2\/types\/post"}],"author":[{"embeddable":true,"href":"https:\/\/www.mpal.mp.br\/index.php?rest_route=\/wp\/v2\/users\/5"}],"replies":[{"embeddable":true,"href":"https:\/\/www.mpal.mp.br\/index.php?rest_route=%2Fwp%2Fv2%2Fcomments&post=11175"}],"version-history":[{"count":1,"href":"https:\/\/www.mpal.mp.br\/index.php?rest_route=\/wp\/v2\/posts\/11175\/revisions"}],"predecessor-version":[{"id":11177,"href":"https:\/\/www.mpal.mp.br\/index.php?rest_route=\/wp\/v2\/posts\/11175\/revisions\/11177"}],"wp:featuredmedia":[{"embeddable":true,"href":"https:\/\/www.mpal.mp.br\/index.php?rest_route=\/wp\/v2\/media\/11176"}],"wp:attachment":[{"href":"https:\/\/www.mpal.mp.br\/index.php?rest_route=%2Fwp%2Fv2%2Fmedia&parent=11175"}],"wp:term":[{"taxonomy":"category","embeddable":true,"href":"https:\/\/www.mpal.mp.br\/index.php?rest_route=%2Fwp%2Fv2%2Fcategories&post=11175"},{"taxonomy":"post_tag","embeddable":true,"href":"https:\/\/www.mpal.mp.br\/index.php?rest_route=%2Fwp%2Fv2%2Ftags&post=11175"}],"curies":[{"name":"wp","href":"https:\/\/api.w.org\/{rel}","templated":true}]}}