{"id":11170,"date":"2007-08-28T08:38:25","date_gmt":"2007-08-28T11:38:25","guid":{"rendered":"https:\/\/www.mpal.mp.br\/?p=11170"},"modified":"2022-07-06T08:39:28","modified_gmt":"2022-07-06T11:39:28","slug":"mp-e-semed-ampliam-projeto-ficai-no-combate-a-evasao-escolar","status":"publish","type":"post","link":"https:\/\/www.mpal.mp.br\/?p=11170","title":{"rendered":"MP e Semed ampliam Projeto Ficai no combate \u00e0 evas\u00e3o escolar"},"content":{"rendered":"<p style=\"text-align: justify;\"><span style=\"font-size: 14pt;\">O Minist\u00e9rio P\u00fablico de Alagoas, em parceria com a Secretaria Municipal de Educa\u00e7\u00e3o (Semed), realizou hoje pela manh\u00e3 a cerim\u00f4nia de amplia\u00e7\u00e3o do Projeto Ficai no Munic\u00edpio de Macei\u00f3, que a partir de agora passar\u00e1 a ser executado em 47 escolas da rede municipal de ensino.<\/span><\/p>\n<p style=\"text-align: justify;\"><span style=\"font-size: 14pt;\">A solenidade foi realizada no audit\u00f3rio da Procuradoria-Geral de Justi\u00e7a, na presen\u00e7a do procurador-geral de Justi\u00e7a de Alagoas, Coaracy Fonseca; do secret\u00e1rio municipal de Educa\u00e7\u00e3o, Tadeu Lira; e do promotor de Justi\u00e7a Ubirajara Ramos, coordenador do N\u00facleo da Inf\u00e2ncia e da Juventude.<\/span><\/p>\n<p style=\"text-align: justify;\"><span style=\"font-size: 14pt;\">Segundo Ubirajara Ramos, o projeto j\u00e1 contava com a ades\u00e3o de 30 escolas do Munic\u00edpio de Macei\u00f3. Com a ades\u00e3o dessas 17 novas escolas, passa a contar agora com 47 escolas assistidas pelo Projeto Ficai, que tem como objetivo reduzir o \u00edndice de evas\u00e3o escolar, que continua alto em Alagoas.<\/span><\/p>\n<p style=\"text-align: justify;\"><span style=\"font-size: 14pt;\">Em sua interven\u00e7\u00e3o, o procurador-geral de Justi\u00e7a disse que o Projeto Ficai \u00e9 um ganho significativo para a educa\u00e7\u00e3o em Macei\u00f3. \u201c\u00c9 um projeto que vem sendo implantado desde o ano 2000 como pol\u00edtica de Estado, n\u00e3o apenas como pol\u00edtica de governo, por isso est\u00e1 crescendo e se ampliando\u201d, destacou Coaracy Fonseca.<\/span><\/p>\n<p style=\"text-align: justify;\"><span style=\"font-size: 14pt;\">Para o promotor Ubrajara Ramos, o apoio da Procuradoria-Geral de Justi\u00e7a e a parceria com a Semed foram fundamentais na amplia\u00e7\u00e3o do Projeto Ficai em Macei\u00f3. \u201cEsperamos agora o engajamento ainda maior dos professores, assistentes sociais e diretores de escolas nesse projeto para, com a ajuda da comunidade, combater a evas\u00e3o escolar de forma mais eficaz\u201d, afirmou o promotor de Justi\u00e7a.<\/span><\/p>\n<p style=\"text-align: justify;\"><span style=\"font-size: 14pt;\">Segundo ele, o Projeto Ficai teve in\u00edcio em Alagoas no ano 2000 e est\u00e1 presente em 36 munic\u00edpios alagoanos, garantindo a redu\u00e7\u00e3o dos \u00edndices educacionais negativos nos munic\u00edpios em que foi implementado. \u201cTudo isso gra\u00e7as a parcerias entre o Minist\u00e9rio P\u00fablico e as secretarias de Educa\u00e7\u00e3o do Estado e dos munic\u00edpios\u201d, acrescentou Ubirajara Ramos.<\/span><\/p>\n<p style=\"text-align: justify;\"><span style=\"font-size: 14pt;\">\u00cdndice alto de evas\u00e3o<\/span><\/p>\n<p style=\"text-align: justify;\"><span style=\"font-size: 14pt;\">Em Macei\u00f3, de acordo com o secret\u00e1rio Tadeu Lira, de cada 100 alunos matriculados no ensino b\u00e1sico municipal apenas 64 permanece nas salas de aula. \u201cEsse taxa de evas\u00e3o escolar de 34% no ensino b\u00e1sico municipal \u00e9 muito alta e est\u00e1 contribuindo para baixo desempenho de Macei\u00f3 no IDEB \u2013 que \u00e9 \u00cdndice de Desempenho do Ensino B\u00e1sico, controlado pelo Minist\u00e9rio da Educa\u00e7\u00e3o\u201d, explicou Lira.<\/span><\/p>\n<p style=\"text-align: justify;\"><span style=\"font-size: 14pt;\">Com a amplia\u00e7\u00e3o do Projeto Ficai, o secret\u00e1rio espera melhorar a pontua\u00e7\u00e3o de Macei\u00f3 no IDEB, que numa escala de avalia\u00e7\u00e3o de zero a dez, deu ao ensino b\u00e1sico da rede municipal de educa\u00e7\u00e3o a nota 3,1. Para melhorar a qualidade no ensino, o secret\u00e1rio prop\u00f5e mais investimento na educa\u00e7\u00e3o municipal, que recebe R$ 64 por ano por aluno, quando o Estado gasta em m\u00e9dia R$ 1.047 por adolescente infrator, internado nos centros de recupera\u00e7\u00e3o de menores.<\/span><\/p>\n<p style=\"text-align: justify;\"><span style=\"font-size: 14pt;\">A assistente social da Semad Marcule Pereira encerrou a solenidade com uma palestra sobre as causas da evas\u00e3o escolar e as alternativas para a solu\u00e7\u00e3o do problema. Ela explicou como funciona o Ficai \u2013 que significa Ficha de Acompanhamento do Aluno Infreq\u00fcente \u2013 e deixou claro que somente com o engajamento de todos, o planejamento das a\u00e7\u00f5es e as parcerias, o problema da evas\u00e3o escolar poder\u00e1 ser resolvido, melhorando tamb\u00e9m a qualidade de ensino nas escolas p\u00fablicas em Alagoas.<\/span><\/p>\n","protected":false},"excerpt":{"rendered":"<p> [&hellip;]<\/p>\n","protected":false},"author":5,"featured_media":11172,"comment_status":"open","ping_status":"open","sticky":false,"template":"","format":"standard","meta":{"om_disable_all_campaigns":false,"_monsterinsights_skip_tracking":false,"_monsterinsights_sitenote_active":false,"_monsterinsights_sitenote_note":"","_monsterinsights_sitenote_category":0,"_uf_show_specific_survey":0,"_uf_disable_surveys":false,"footnotes":""},"categories":[2],"tags":[],"class_list":["post-11170","post","type-post","status-publish","format-standard","has-post-thumbnail","hentry","category-not_mpal"],"aioseo_notices":[],"_links":{"self":[{"href":"https:\/\/www.mpal.mp.br\/index.php?rest_route=\/wp\/v2\/posts\/11170","targetHints":{"allow":["GET"]}}],"collection":[{"href":"https:\/\/www.mpal.mp.br\/index.php?rest_route=\/wp\/v2\/posts"}],"about":[{"href":"https:\/\/www.mpal.mp.br\/index.php?rest_route=\/wp\/v2\/types\/post"}],"author":[{"embeddable":true,"href":"https:\/\/www.mpal.mp.br\/index.php?rest_route=\/wp\/v2\/users\/5"}],"replies":[{"embeddable":true,"href":"https:\/\/www.mpal.mp.br\/index.php?rest_route=%2Fwp%2Fv2%2Fcomments&post=11170"}],"version-history":[{"count":1,"href":"https:\/\/www.mpal.mp.br\/index.php?rest_route=\/wp\/v2\/posts\/11170\/revisions"}],"predecessor-version":[{"id":11174,"href":"https:\/\/www.mpal.mp.br\/index.php?rest_route=\/wp\/v2\/posts\/11170\/revisions\/11174"}],"wp:featuredmedia":[{"embeddable":true,"href":"https:\/\/www.mpal.mp.br\/index.php?rest_route=\/wp\/v2\/media\/11172"}],"wp:attachment":[{"href":"https:\/\/www.mpal.mp.br\/index.php?rest_route=%2Fwp%2Fv2%2Fmedia&parent=11170"}],"wp:term":[{"taxonomy":"category","embeddable":true,"href":"https:\/\/www.mpal.mp.br\/index.php?rest_route=%2Fwp%2Fv2%2Fcategories&post=11170"},{"taxonomy":"post_tag","embeddable":true,"href":"https:\/\/www.mpal.mp.br\/index.php?rest_route=%2Fwp%2Fv2%2Ftags&post=11170"}],"curies":[{"name":"wp","href":"https:\/\/api.w.org\/{rel}","templated":true}]}}