{"id":11164,"date":"2013-04-18T08:28:19","date_gmt":"2013-04-18T11:28:19","guid":{"rendered":"https:\/\/www.mpal.mp.br\/?p=11164"},"modified":"2022-07-06T08:33:06","modified_gmt":"2022-07-06T11:33:06","slug":"mpe-cobra-do-estado-e-do-municipio-atendimento-de-gestantes-em-ate-48-horas","status":"publish","type":"post","link":"https:\/\/www.mpal.mp.br\/?p=11164","title":{"rendered":"MPE cobra do Estado e do Munic\u00edpio atendimento de gestantes em at\u00e9 48 horas"},"content":{"rendered":"<p style=\"text-align: justify;\"><span style=\"font-size: 14pt;\">O Minist\u00e9rio P\u00fablico Estadual (MPE), por meio da Promotoria de Justi\u00e7a de Defesa da Sa\u00fade, ajuizou nesta quarta-feira (17) a\u00e7\u00e3o civil p\u00fablica para que o Estado de Alagoas e o Munic\u00edpio de Macei\u00f3 garantam o atendimento de gestantes na Maternidade Escola Santa M\u00f4nica e no Hospital Universit\u00e1rio Prof. Alberto Antunes\/Ufal no prazo de 48 horas. A a\u00e7\u00e3o do MPE pede \u00e0 16\u00aa Vara C\u00edvel da Capital\/Fazenda Estadual a concess\u00e3o de tutela antecipada para que o poder p\u00fablico aja em benef\u00edcio das pacientes.<\/span><\/p>\n<p style=\"text-align: justify;\"><span style=\"font-size: 14pt;\">No procedimento, a promotora de Justi\u00e7a Micheline Ten\u00f3rio cobra que o governo estadual garanta o o leito adequado \u00e0s gestantes que v\u00eam de cidades do interior e s\u00e3o v\u00edtimas da superlota\u00e7\u00e3o em um dos dois hospitais da capital. O Estado dever\u00e1 encaminhar a paciente a uma maternidade p\u00fablica ou filantr\u00f3pica ou a maternidades privadas, sob pagamento de indeniza\u00e7\u00e3o compat\u00edvel com os valores praticados pelo Sistema \u00danico de Sa\u00fade (SUS), em territ\u00f3rio alagoano ou mesmo fora de Alagoas, caso necess\u00e1rio. O MPE cobra as mesmas medidas para a Prefeitura de Macei\u00f3 em rela\u00e7\u00e3o \u00e0s gestantes que vivem na capital.<\/span><\/p>\n<p class=\"western\" style=\"text-align: justify;\" align=\"JUSTIFY\"><span style=\"font-size: 14pt;\">O Estado e o Munic\u00edpio dever\u00e3o efetivar as medidas de modo sistem\u00e1tico sempre que tal fato ocorrer, independentemente de qualquer provid\u00eancia judicial posterior. Para isso, ser\u00e1 necess\u00e1rio que os dois entes p\u00fablicos estabele\u00e7am um protocolo de fluxo para transfer\u00eancia a ser seguido pela Maternidades Escola Santa M\u00f4nica e pelo Hospital Uetiniversit\u00e1rio Prof.Alberto Antunes\/UFAL sempre que houver parturientes excedentes.<\/span><\/p>\n<p style=\"text-align: justify;\"><span style=\"font-size: 14pt;\">\u201c\u00c9 urgente e imposterg\u00e1vel que a Administra\u00e7\u00e3o P\u00fablica esteja preparada para acolher todas as gestantes que, estando em trabalho de parto, recorram ao SUS, de maneira que lhe seja disponibilizado o atendimento adequado ao caso, com oferecimento de leitos em maternidade de risco habitual ou de m\u00e9dio ou alto risco, leitos de urg\u00eancia, leitos de UTI ou UCI neonatal, preferencialmente na rede p\u00fablica e na rede filantr\u00f3pica. Caso n\u00e3o haja o atendimento nestas unidades, ele deve ocorrer subsidiariamente nas que pertencem ao setor privado com fins lucrativos, mediante pagamento de indeniza\u00e7\u00e3o pelo servi\u00e7o prestado, ou em outras localidades do pa\u00eds que previamente informem a exist\u00eancia de vagas\u201d, diz a a\u00e7\u00e3o assinada pela promotora.<\/span><\/p>\n<p style=\"text-align: justify;\"><span style=\"font-size: 14pt;\"><strong>Superlota\u00e7\u00e3o<\/strong><\/span><\/p>\n<p style=\"text-align: justify;\"><span style=\"font-size: 14pt;\">A Promotoria de Justi\u00e7a de Defesa da Sa\u00fade foi informada que, nos dias 30 e 31 de mar\u00e7o, a Maternidade Escola Santa M\u00f4nica suspendeu o atendimento ao p\u00fablico em virtude da superlota\u00e7\u00e3o. Na ocasi\u00e3o, seis gestantes ficaram acomodadas em macas, cadeiras de pl\u00e1stico ou mesmo no ch\u00e3o.<\/span><\/p>\n<p style=\"text-align: justify;\"><span style=\"font-size: 14pt;\">Segundo a ger\u00eancia da maternidade, em of\u00edcio encaminhado ao MPE, \u201c a superlota\u00e7\u00e3o gera, al\u00e9m da falta de acomoda\u00e7\u00f5es adequadas, falta de medicamentos, enxoval, dificuldade de atendimento da demanda pelo quadro de recursos humanos, que j\u00e1 \u00e9 escasso, e que nessa situa\u00e7\u00e3o torna-se insuficiente para atender a demanda\u201d.<\/span><\/p>\n<p style=\"text-align: justify;\"><span style=\"font-size: 14pt;\">O Hospital Universit\u00e1rio tamb\u00e9m esteve superlotado nos meses de mar\u00e7o e abril, \u00a0com gr\u00e1vidas ocupando todos os leitos e cadeiras reclin\u00e1veis nos corredores. A coordenadora da maternidade do hospital, L\u00facia Amorim, afirma que no dia 2 de abril a demanda por leitos era de 15 pacientes para apenas 10 vagas, enquanto que o setor de pr\u00e9-parto, com 12 leitos, j\u00e1 contava com 23 mulheres internadas, no aguardo da cirurgia.<\/span><\/p>\n<p style=\"text-align: justify;\"><span style=\"font-size: 14pt;\">J\u00e1 no 6\u00ba andar do hospital, a diretora adjunta do Hospital Universit\u00e1rio, M\u00e1rcia Rebelo de Lima, afirma que existem 48 leitos para gesta\u00e7\u00e3o de alto risco, pu\u00e9rperas e alojamento conjunto, estando tais leitos sempre ocupados. Quanto aos leitos de UTI e UCI neonatal, Rebelo informa que possui 10 leitos de UTI, que t\u00eam mantido m\u00e9dia de 13 (treze) rec\u00e9m-nascidos internados, e 19 \u00a0na UCI, que, \u00e0 \u00e9poca das informa\u00e7\u00f5es, contava com 16 beb\u00eas.<\/span><\/p>\n<p style=\"text-align: justify;\"><span style=\"font-size: 14pt;\"><strong>Anexos:<\/strong><\/span><\/p>\n<p style=\"text-align: justify;\"><span style=\"font-size: 14pt;\"><a href=\"https:\/\/farol.mpal.mp.br\/images\/stories\/noticias\/2013\/04_abr\/acp.pdf\" target=\"_blank\" rel=\"noopener\">ACP &#8211; Efetiva\u00e7\u00e3o do atendimento \u00e0s parturientes<\/a><\/span><\/p>\n<p style=\"text-align: justify;\"><span style=\"font-size: 14pt;\"><a href=\"https:\/\/farol.mpal.mp.br\/images\/stories\/noticias\/2013\/04_abr\/emenda\" target=\"_blank\" rel=\"noopener\">Emenda \u00e0 inicial ACP 0709769-06-2013-8-02-0001 efetiva\u00e7\u00e3o atendimento gestantes<\/a><\/span><\/p>\n","protected":false},"excerpt":{"rendered":"<p> [&hellip;]<\/p>\n","protected":false},"author":4,"featured_media":11162,"comment_status":"open","ping_status":"open","sticky":false,"template":"","format":"standard","meta":{"om_disable_all_campaigns":false,"_monsterinsights_skip_tracking":false,"_monsterinsights_sitenote_active":false,"_monsterinsights_sitenote_note":"","_monsterinsights_sitenote_category":0,"_uf_show_specific_survey":0,"_uf_disable_surveys":false,"footnotes":""},"categories":[2],"tags":[],"class_list":["post-11164","post","type-post","status-publish","format-standard","has-post-thumbnail","hentry","category-not_mpal"],"aioseo_notices":[],"_links":{"self":[{"href":"https:\/\/www.mpal.mp.br\/index.php?rest_route=\/wp\/v2\/posts\/11164","targetHints":{"allow":["GET"]}}],"collection":[{"href":"https:\/\/www.mpal.mp.br\/index.php?rest_route=\/wp\/v2\/posts"}],"about":[{"href":"https:\/\/www.mpal.mp.br\/index.php?rest_route=\/wp\/v2\/types\/post"}],"author":[{"embeddable":true,"href":"https:\/\/www.mpal.mp.br\/index.php?rest_route=\/wp\/v2\/users\/4"}],"replies":[{"embeddable":true,"href":"https:\/\/www.mpal.mp.br\/index.php?rest_route=%2Fwp%2Fv2%2Fcomments&post=11164"}],"version-history":[{"count":1,"href":"https:\/\/www.mpal.mp.br\/index.php?rest_route=\/wp\/v2\/posts\/11164\/revisions"}],"predecessor-version":[{"id":11165,"href":"https:\/\/www.mpal.mp.br\/index.php?rest_route=\/wp\/v2\/posts\/11164\/revisions\/11165"}],"wp:featuredmedia":[{"embeddable":true,"href":"https:\/\/www.mpal.mp.br\/index.php?rest_route=\/wp\/v2\/media\/11162"}],"wp:attachment":[{"href":"https:\/\/www.mpal.mp.br\/index.php?rest_route=%2Fwp%2Fv2%2Fmedia&parent=11164"}],"wp:term":[{"taxonomy":"category","embeddable":true,"href":"https:\/\/www.mpal.mp.br\/index.php?rest_route=%2Fwp%2Fv2%2Fcategories&post=11164"},{"taxonomy":"post_tag","embeddable":true,"href":"https:\/\/www.mpal.mp.br\/index.php?rest_route=%2Fwp%2Fv2%2Ftags&post=11164"}],"curies":[{"name":"wp","href":"https:\/\/api.w.org\/{rel}","templated":true}]}}