{"id":11160,"date":"2013-04-24T08:25:59","date_gmt":"2013-04-24T11:25:59","guid":{"rendered":"https:\/\/www.mpal.mp.br\/?p=11160"},"modified":"2022-07-06T08:28:14","modified_gmt":"2022-07-06T11:28:14","slug":"mpe-ajuiza-mais-uma-acao-civil-publica-para-garantir-melhorias-no-funcionamento-dos-caps-em-maceio","status":"publish","type":"post","link":"https:\/\/www.mpal.mp.br\/?p=11160","title":{"rendered":"MPE ajuiza mais uma a\u00e7\u00e3o civil p\u00fablica para garantir melhorias no funcionamento dos CAPS em Macei\u00f3"},"content":{"rendered":"<p style=\"text-align: justify;\"><span style=\"font-size: 14pt;\">O Minist\u00e9rio P\u00fablico Estadual (MPE), por meio da Promotoria de Justi\u00e7a de Defesa da Sa\u00fade, ajuizou nesta quarta-feira (24) uma nova a\u00e7\u00e3o civil p\u00fablica, com pedido de antecipa\u00e7\u00e3o de tutela, para que o Munic\u00edpio de Macei\u00f3 garanta no prazo de 48h as melhorias necess\u00e1rias ao funcionamento do Centro de Aten\u00e7\u00e3o Psicossocial (CAPS) Rostand Silvestre, na Jati\u00faca. Esta \u00e9 a segunda de cinco a\u00e7\u00f5es que ser\u00e3o ajuizadas pelo MPE junto ao Tribunal de Justi\u00e7a de Alagoas em defesa dos CAPS localizados na capital.<\/span><\/p>\n<p style=\"text-align: justify;\"><span style=\"font-size: 14pt;\">De acordo com a a\u00e7\u00e3o proposta pela promotora Micheline Ten\u00f3rio, a Prefeitura de Macei\u00f3 ter\u00e1 dois dias para fornecer medicamentos e materiais de expediente e instrumentos para a realiza\u00e7\u00e3o de oficinas. A disponibiliza\u00e7\u00e3o desses recursos passaria a ser efetuada, a partir de ent\u00e3o, de forma sist\u00eamica e planejada para que haja sempre uma reserva. O Munic\u00edpio dever\u00e1 se comprometer tamb\u00e9m com o fornecimento de alimenta\u00e7\u00e3o para os usu\u00e1rios do servi\u00e7o, observando a qualidade do alimento e a necessidade dos pacientes atendidos, a exemplo de diab\u00e9ticos, hipertensos e intolerantes \u00e0 lactose.<\/span><\/p>\n<p style=\"text-align: justify;\"><span style=\"font-size: 14pt;\">O MPE pede que o Munic\u00edpio seja condenado a oferecer as condi\u00e7\u00f5es adequadas para o atendimento individual ou em grupo dos pacientes, inclusive com realiza\u00e7\u00e3o de atividades esportivas. A CAPS Rostand Silvestre dever\u00e1 melhorar sua estrutura f\u00edsica de modo a evitar entrada de animais e insetos no pr\u00e9dio e ganhar ambientes para atendimento ao p\u00fablico, farm\u00e1cia e repouso de servidores e usu\u00e1rios. Ser\u00e1 necess\u00e1rio tamb\u00e9m que a Prefeitura resolva o problema da falta de seguran\u00e7a no local.<\/span><\/p>\n<p style=\"text-align: justify;\"><span style=\"font-size: 14pt;\">\u201cA situa\u00e7\u00e3o encontrada no CAPS Rostand Silvestre foi desoladora. Al\u00e9m das p\u00e9ssimas condi\u00e7\u00f5es estruturais, foram detectadas tamb\u00e9m discrep\u00e2ncias com rela\u00e7\u00e3o \u00e0s informa\u00e7\u00f5es da unidade que constam no Cadastro Nacional de Estabelecimentos de Sa\u00fade (CNES)\u201d, disse a promotora Micheline Ten\u00f3rio no texto da a\u00e7\u00e3o. O Munic\u00edpio ter\u00e1 ainda que contar com uma equipe funcional composta por sete psic\u00f3logos, um fonoaudi\u00f3logo, um pedagogo e tr\u00eas auxiliares de enfermagem, conforme informou ao CNES. O MPE recomenda uma multa di\u00e1ria de R$ 1000,00 em caso de descumprimento da decis\u00e3o antecipat\u00f3ria de tutela.<\/span><\/p>\n<p style=\"text-align: justify;\"><span style=\"font-size: 14pt;\"><strong>O CAPS<\/strong><\/span><\/p>\n<p style=\"text-align: justify;\"><span style=\"font-size: 14pt;\">O CAPS Rostand Silvestre se trata de um CAPS II, que corresponde a um servi\u00e7o de aten\u00e7\u00e3o psicossocial com capacidade operacional para atendimento em munic\u00edpios com popula\u00e7\u00e3o entre 70 mil e 200 mil habitantes. O centro atende diariamente 45 pacientes portadores de transtornos mentais e autistas adultos. \u00c9 um dos cinco CAPS de Macei\u00f3, junto com o CAPS \u00e1lcool e drogas Infanto Juvenil Everaldo Moreira, o CAPS Sadi Feitosa de Carvalho, o CAPS Noraci Pedrosa e o CAPS infanto-juvenil Luiz da Rocha Cerqueira, que foi objeto de a\u00e7\u00e3o civil p\u00fablica ajuizada no dia 12 de abril pelo MPE.<\/span><\/p>\n<p style=\"text-align: justify;\"><span style=\"font-size: 14pt;\">Em decorr\u00eancia das not\u00edcias de irregularidades, a \u00a0Promotoria de Justi\u00e7a de Defesa da Sa\u00fade realizou uma visita ao CAPS Rostand Silvestre no dia 28 de mar\u00e7o, quando servidores e usu\u00e1rios apontaram as irregularidades.<\/span><\/p>\n","protected":false},"excerpt":{"rendered":"<p> [&hellip;]<\/p>\n","protected":false},"author":4,"featured_media":11162,"comment_status":"open","ping_status":"open","sticky":false,"template":"","format":"standard","meta":{"om_disable_all_campaigns":false,"_monsterinsights_skip_tracking":false,"_monsterinsights_sitenote_active":false,"_monsterinsights_sitenote_note":"","_monsterinsights_sitenote_category":0,"_uf_show_specific_survey":0,"_uf_disable_surveys":false,"footnotes":""},"categories":[2],"tags":[],"class_list":["post-11160","post","type-post","status-publish","format-standard","has-post-thumbnail","hentry","category-not_mpal"],"aioseo_notices":[],"_links":{"self":[{"href":"https:\/\/www.mpal.mp.br\/index.php?rest_route=\/wp\/v2\/posts\/11160","targetHints":{"allow":["GET"]}}],"collection":[{"href":"https:\/\/www.mpal.mp.br\/index.php?rest_route=\/wp\/v2\/posts"}],"about":[{"href":"https:\/\/www.mpal.mp.br\/index.php?rest_route=\/wp\/v2\/types\/post"}],"author":[{"embeddable":true,"href":"https:\/\/www.mpal.mp.br\/index.php?rest_route=\/wp\/v2\/users\/4"}],"replies":[{"embeddable":true,"href":"https:\/\/www.mpal.mp.br\/index.php?rest_route=%2Fwp%2Fv2%2Fcomments&post=11160"}],"version-history":[{"count":1,"href":"https:\/\/www.mpal.mp.br\/index.php?rest_route=\/wp\/v2\/posts\/11160\/revisions"}],"predecessor-version":[{"id":11163,"href":"https:\/\/www.mpal.mp.br\/index.php?rest_route=\/wp\/v2\/posts\/11160\/revisions\/11163"}],"wp:featuredmedia":[{"embeddable":true,"href":"https:\/\/www.mpal.mp.br\/index.php?rest_route=\/wp\/v2\/media\/11162"}],"wp:attachment":[{"href":"https:\/\/www.mpal.mp.br\/index.php?rest_route=%2Fwp%2Fv2%2Fmedia&parent=11160"}],"wp:term":[{"taxonomy":"category","embeddable":true,"href":"https:\/\/www.mpal.mp.br\/index.php?rest_route=%2Fwp%2Fv2%2Fcategories&post=11160"},{"taxonomy":"post_tag","embeddable":true,"href":"https:\/\/www.mpal.mp.br\/index.php?rest_route=%2Fwp%2Fv2%2Ftags&post=11160"}],"curies":[{"name":"wp","href":"https:\/\/api.w.org\/{rel}","templated":true}]}}