{"id":11155,"date":"2013-07-19T08:19:34","date_gmt":"2013-07-19T11:19:34","guid":{"rendered":"https:\/\/www.mpal.mp.br\/?p=11155"},"modified":"2022-07-06T08:22:37","modified_gmt":"2022-07-06T11:22:37","slug":"grupo-de-trabalho-do-mp-al-comeca-a-investigar-epidemia-de-diarreia-em-alagoas","status":"publish","type":"post","link":"https:\/\/www.mpal.mp.br\/?p=11155","title":{"rendered":"Grupo de Trabalho do MP\/AL come\u00e7a a investigar epidemia de diarreia em Alagoas"},"content":{"rendered":"<p style=\"text-align: justify;\" align=\"JUSTIFY\"><span style=\"font-size: 14pt;\">O Minist\u00e9rio P\u00fablico do Estado de Alagoas est\u00e1 preocupado com as mortes e a epidemia de diarreia que j\u00e1 provocou 38 \u00f3bitos at\u00e9 o \u00faltimo dia 06 deste m\u00eas e atingiu quase 67 mil pessoas em 25 munic\u00edpios do Estado. Para investigar os motivos que provocaram o surto nas regi\u00f5es do Agreste e Sert\u00e3o, uma for\u00e7a-tarefa foi montada para identificar os pacientes, seus endere\u00e7os, a forma de distribui\u00e7\u00e3o de \u00e1gua que \u00e9 levada at\u00e9 as fam\u00edlias e para apurar a responsabilidade dos \u00f3rg\u00e3os envolvidos no transporte e fornecimento da \u00e1gua.<\/span><\/p>\n<p style=\"text-align: justify;\" align=\"JUSTIFY\"><span style=\"font-size: 14pt;\">A primeira medida adotada depois da reuni\u00e3o que aconteceu na tarde dessa quinta-feira (18), na sede do MP\/AL de Arapiraca, foi a instaura\u00e7\u00e3o de um inqu\u00e9rito civil p\u00fablico para se conseguir as identidades e endere\u00e7os das v\u00edtimas acometidas pela diarreia. \u201cPrecisamos saber onde essas pessoas moravam (aquelas que entraram em \u00f3bito) e continuam residindo para saber como acontece o abastecimento de \u00e1gua em suas casas. Ap\u00f3s esse levantamento, convocaremos a Casal, o Ex\u00e9rcito e a Secretaria Municipal de Sa\u00fade para cobrarmos as devidas explica\u00e7\u00f5es. J\u00e1 est\u00e1 claro que, em algum momento, houve omiss\u00e3o ou no fornecimento ou na distribui\u00e7\u00e3o da \u00e1gua e temos que identificar de onde partiram as falhas\u201d, explicou o procurador Geraldo Magela, coordenador do 2\u00ba Centro de Apoio Operacional do Minist\u00e9rio P\u00fablico, que comandou a reuni\u00e3o.<\/span><\/p>\n<p style=\"text-align: justify;\" align=\"JUSTIFY\"><span style=\"font-size: 14pt;\">O promotor de Justi\u00e7a da comarca de Palmeira dos \u00cdndios, Izad\u00edlio Vieira da Silva, atrav\u00e9s do inqu\u00e9rito civil, al\u00e9m de solicitar os dados \u00e0 Secretaria Municipal de Palmeira dos \u00cdndios, adotar\u00e1 o mesmo procedimento com rela\u00e7\u00e3o \u00e0 Prefeitura de Estrela de Alagoas. \u201cEm Palmeira houve 10 \u00f3bitos e, em Estrela, outros quatro. Temos que adotar as provid\u00eancias urgentes para que novas v\u00edtimas n\u00e3o morram por causa dessa doen\u00e7a. Inclusive, cobrando do Munic\u00edpio uma campanha de educa\u00e7\u00e3o e de higiene para que as pessoas pratiquem h\u00e1bitos b\u00e1sicos, a exemplo de usar o hipoclorito e lavar as m\u00e3os sempre antes das refei\u00e7\u00f5es\u201d, detalhou.<\/span><\/p>\n<p style=\"text-align: justify;\" align=\"JUSTIFY\"><span style=\"font-size: 14pt;\"><strong>GT unido no combate \u00e0s mortes<\/strong><\/span><\/p>\n<p style=\"text-align: justify;\" align=\"JUSTIFY\"><span style=\"font-size: 14pt;\">A for\u00e7a-tarefa montada pelo MP\/AL envolve o N\u00facleo de Defesa da Sa\u00fade P\u00fablica, N\u00facleo de Defesa do Patrim\u00f4nio P\u00fablico, N\u00facleo de Defesa do Consumidor, N\u00facleo de Defesa do Meio Ambiente e os promotores das 25 cidades em epidemia e das outras 40 que est\u00e3o em estado de alerta. \u201cTemos que descobrir se est\u00e1 havendo omiss\u00e3o das institui\u00e7\u00f5es envolvidas na fiscaliza\u00e7\u00e3o, fornecimento e distribui\u00e7\u00e3o de \u00e1gua. Caso essa hip\u00f3tese fique comprovada pelo Minist\u00e9rio P\u00fablico Estadual, \u00e9 nosso deve propor a\u00e7\u00f5es, tanto no campo c\u00edvel, quando no criminal\u201d, esclareceu a promotora Micheline Ten\u00f3rio.<\/span><\/p>\n<p style=\"text-align: justify;\" align=\"JUSTIFY\"><span style=\"font-size: 14pt;\">O promotor Saulo Ventura, do N\u00facleo de Defesa do Consumidor, tamb\u00e9m refor\u00e7ou que vai apurar se os \u00f3rg\u00e3os competentes deixaram de cumprir com suas obriga\u00e7\u00f5es. \u201cSe alguma institui\u00e7\u00e3o deixou de fazer o seu dever, ser\u00e1 denunciada pelo Minist\u00e9rio P\u00fablico. Nossas a\u00e7\u00f5es ser\u00e3o promovidas no sentindo de evitar que esse tipo de situa\u00e7\u00e3o volte a acontecer. Queremos que o C\u00f3digo de Defesa do Consumidor e a lei n\u00b0 5.440\/05, que trata do direito \u00e0 informa\u00e7\u00e3o sobre a qualidade da \u00e1gua, sejam cumpridos na sua integralidade\u201d, disse ele.<\/span><\/p>\n<p style=\"text-align: justify;\" align=\"JUSTIFY\"><span style=\"font-size: 14pt;\">\u201cNosso principal objetivo \u00e9 saber se aconteceu omiss\u00e3o ou a\u00e7\u00e3o inadequada por parte da Casal, do Ex\u00e9rcito, das secretarias municipais de Sa\u00fade ou at\u00e9 mesmo da Sesau. E, em paralelo, j\u00e1 cobrar a\u00e7\u00f5es preventivas, inclusive, o cumprimento \u00e0 normatiza\u00e7\u00e3o j\u00e1 prevista\u201d, declarou Jos\u00e9 Carlos Castro, coordenador do N\u00facleo de Defesa do Patrim\u00f4nio P\u00fablico.<\/span><\/p>\n<p style=\"text-align: justify;\" align=\"JUSTIFY\"><span style=\"font-size: 14pt;\">Na pr\u00f3xima semana haver\u00e1 nova reuni\u00e3o no munic\u00edpio de Santana do Ipanema. O objetivo ser\u00e1 o mesmo, tra\u00e7ar estrat\u00e9gias de trabalho para come\u00e7ar a investigar o surto de diarreia ocorrido na reg\u00e3o do Sert\u00e3o.<\/span><\/p>\n<p style=\"text-align: justify;\" align=\"JUSTIFY\"><span style=\"font-size: 14pt;\"><strong>Os dados da Sesau<\/strong><\/span><\/p>\n<p style=\"text-align: justify;\" align=\"JUSTIFY\"><span style=\"font-size: 14pt;\">De acordo com dados da Secretaria de Estado da Sa\u00fade, o problema do surto da doen\u00e7a se deveu, principalmente, por conta da \u00e1gua contaminada que \u00e9 consumida pela popula\u00e7\u00e3o e ela pode ter vindo do sistema de abastecimento da Casal, dos carros-pipa, da distribui\u00e7\u00e3o ou venda particular de \u00e1gua por meio de carro\u00e7as de burro e carros de boi que captam o l\u00edquido em locais contaminados ou ainda do uso da \u00e1gua da barragem. Este \u00faltimo normalmente ocorre por conta da estiagem ocasionada pela seca e \u00e9 considerada uma fonte alternativa de abastecimento.<\/span><\/p>\n<p style=\"text-align: justify;\" align=\"JUSTIFY\"><span style=\"font-size: 14pt;\">Segundo o Comit\u00ea de Combate \u00e0 Seca de Alagoas, em Palmeira dos \u00cdndios, al\u00e9m das 10 mortes registradas, houve mais de 7,2 mil atendimentos por diarreia somente agora em 2013. Outros 13 munic\u00edpios, que est\u00e3o em situa\u00e7\u00e3o de emerg\u00eancia ou de calamidade por causa da seca, registraram pelo menos uma morte devido \u00e0 doen\u00e7a.<\/span><\/p>\n<p style=\"text-align: justify;\" align=\"JUSTIFY\"><span style=\"font-size: 14pt;\"><strong>A diarreia<\/strong><\/span><\/p>\n<p style=\"text-align: justify;\" align=\"JUSTIFY\"><span style=\"font-size: 14pt;\">As principais caracter\u00edsticas da diarreia s\u00e3o o aumento do n\u00famero de evacua\u00e7\u00f5es e a perda de consist\u00eancia das fezes, que se tornam aguadas e uma das piores complica\u00e7\u00f5es da doen\u00e7a \u00e9 a desidrata\u00e7\u00e3o. Adultos s\u00e3o mais resistentes, mas, beb\u00eas, crian\u00e7as e idosos desidratam-se com bastante facilidade.<\/span><\/p>\n<p style=\"text-align: justify;\" align=\"JUSTIFY\"><span style=\"font-size: 14pt;\">Boca seca, l\u00e1bios rachados, letargia, confus\u00e3o mental e diminui\u00e7\u00e3o da urina s\u00e3o os principais sintomas de desidrata\u00e7\u00e3o que, al\u00e9m de diminuir as reservas de \u00e1gua do corpo humano constitu\u00eddo por cerca de 75% de \u00e1gua, reduzem os n\u00edveis de dois importantes minerais: s\u00f3dio e pot\u00e1ssio.<\/span><\/p>\n<p style=\"text-align: justify;\" align=\"JUSTIFY\"><span style=\"font-size: 14pt;\">Suas principais causas s\u00e3o: toxinas bacterianas como a do Estafilococus; infec\u00e7\u00f5es por bact\u00e9rias como a Salmonella e a Shighella; infec\u00e7\u00f5es virais; disfun\u00e7\u00e3o da motilidade do tubo digestivo; parasitas intestinais causadores de ameb\u00edase e giard\u00edase; efeitos colaterais de algumas drogas, por exemplo, antibi\u00f3ticos, altas doses de vitamina C e alguns medicamentos para o cora\u00e7\u00e3o e c\u00e2ncer; abuso de laxantes; intoler\u00e2ncia a derivados do leite pela incapacidade de digerir lactose (a\u00e7\u00facar do leite) e intoler\u00e2ncia ao sorbitol, ado\u00e7ante obtido a partir da glicose.<\/span><\/p>\n<p style=\"text-align: justify;\" align=\"JUSTIFY\"><span style=\"font-size: 14pt;\">A medicina recomenda o tratamento \u00e0 base de muito l\u00edquido, entre dois e tr\u00eas litros por dia. Contudo, como a \u00e1gua n\u00e3o rep\u00f5e a perda de s\u00f3dio e pot\u00e1ssio, \u00e9 preciso suprir essa necessidade com soro caseiro ou outros l\u00edquidos que contenham tais subst\u00e2ncias. Pessoas com press\u00e3o alta, diabetes, glaucoma, doen\u00e7as card\u00edacas ou com hist\u00f3rico de derrames devem consultar um m\u00e9dico antes de ingerir bebidas que contenha s\u00f3dio porque correm o risco de ter a press\u00e3o elevada.<\/span><\/p>\n","protected":false},"excerpt":{"rendered":"<p> [&hellip;]<\/p>\n","protected":false},"author":4,"featured_media":11156,"comment_status":"open","ping_status":"open","sticky":false,"template":"","format":"standard","meta":{"om_disable_all_campaigns":false,"_monsterinsights_skip_tracking":false,"_monsterinsights_sitenote_active":false,"_monsterinsights_sitenote_note":"","_monsterinsights_sitenote_category":0,"_uf_show_specific_survey":0,"_uf_disable_surveys":false,"footnotes":""},"categories":[2],"tags":[],"class_list":["post-11155","post","type-post","status-publish","format-standard","has-post-thumbnail","hentry","category-not_mpal"],"aioseo_notices":[],"_links":{"self":[{"href":"https:\/\/www.mpal.mp.br\/index.php?rest_route=\/wp\/v2\/posts\/11155","targetHints":{"allow":["GET"]}}],"collection":[{"href":"https:\/\/www.mpal.mp.br\/index.php?rest_route=\/wp\/v2\/posts"}],"about":[{"href":"https:\/\/www.mpal.mp.br\/index.php?rest_route=\/wp\/v2\/types\/post"}],"author":[{"embeddable":true,"href":"https:\/\/www.mpal.mp.br\/index.php?rest_route=\/wp\/v2\/users\/4"}],"replies":[{"embeddable":true,"href":"https:\/\/www.mpal.mp.br\/index.php?rest_route=%2Fwp%2Fv2%2Fcomments&post=11155"}],"version-history":[{"count":1,"href":"https:\/\/www.mpal.mp.br\/index.php?rest_route=\/wp\/v2\/posts\/11155\/revisions"}],"predecessor-version":[{"id":11157,"href":"https:\/\/www.mpal.mp.br\/index.php?rest_route=\/wp\/v2\/posts\/11155\/revisions\/11157"}],"wp:featuredmedia":[{"embeddable":true,"href":"https:\/\/www.mpal.mp.br\/index.php?rest_route=\/wp\/v2\/media\/11156"}],"wp:attachment":[{"href":"https:\/\/www.mpal.mp.br\/index.php?rest_route=%2Fwp%2Fv2%2Fmedia&parent=11155"}],"wp:term":[{"taxonomy":"category","embeddable":true,"href":"https:\/\/www.mpal.mp.br\/index.php?rest_route=%2Fwp%2Fv2%2Fcategories&post=11155"},{"taxonomy":"post_tag","embeddable":true,"href":"https:\/\/www.mpal.mp.br\/index.php?rest_route=%2Fwp%2Fv2%2Ftags&post=11155"}],"curies":[{"name":"wp","href":"https:\/\/api.w.org\/{rel}","templated":true}]}}