{"id":11149,"date":"2013-08-13T08:12:23","date_gmt":"2013-08-13T11:12:23","guid":{"rendered":"https:\/\/www.mpal.mp.br\/?p=11149"},"modified":"2022-07-06T08:16:14","modified_gmt":"2022-07-06T11:16:14","slug":"gt-da-saude-e-criado-pelo-ministerio-publico-para-cobrar-mais-eficiencia-dos-municipios-nessa-area","status":"publish","type":"post","link":"https:\/\/www.mpal.mp.br\/?p=11149","title":{"rendered":"GT da Sa\u00fade \u00e9 criado pelo Minist\u00e9rio P\u00fablico para cobrar mais efici\u00eancia dos munic\u00edpios nessa \u00e1rea"},"content":{"rendered":"<p style=\"text-align: justify;\"><span style=\"font-size: 14pt;\">Atrav\u00e9s do ato n\u00ba 10\/2013, foi institu\u00eddo, nesta ter\u00e7a-feira (13), no \u00e2mbito do Minist\u00e9rio P\u00fablico do Estado de Alagoas, o 1\u00ba Grupo de Trabalho (GT) de Defesa da Sa\u00fade P\u00fablica. Ele foi criado com o objetivo central de aprimorar a gest\u00e3o da sa\u00fade e a adequa\u00e7\u00e3o das a\u00e7\u00f5es e servi\u00e7os de sa\u00fade prestados nos munic\u00edpios alagoanos e ser\u00e1 coordenado pela promotora de Justi\u00e7a Micheline Ten\u00f3rio.<\/span><\/p>\n<p style=\"text-align: justify;\"><span style=\"font-size: 14pt;\">O Grupo de Trabalho atuar\u00e1 durante 17 meses e, agora em agosto, vai realizar o planejamento das atividades de execu\u00e7\u00e3o e a elabora\u00e7\u00e3o do escopo do projeto que dever\u00e1 ser posto em pr\u00e1tica at\u00e9 o final do ano que vem.<\/span><\/p>\n<p style=\"text-align: justify;\"><span style=\"font-size: 14pt;\">Durante tr\u00eas pr\u00f3ximos meses, um documento dever\u00e1 ser remetido aos gestores dos munic\u00edpios que ser\u00e3o objeto de atua\u00e7\u00e3o do GT, em que ser\u00e3o feitos questionamentos acerca dos dados necess\u00e1rios \u00e0 atua\u00e7\u00e3o do Grupo, a exemplo de coleta de dados, compila\u00e7\u00e3o das informa\u00e7\u00f5es coletadas e diagn\u00f3stico da situa\u00e7\u00e3o das prefeituras objeto de an\u00e1lise e apresenta\u00e7\u00e3o, ao procurador-geral de Justi\u00e7a, do relat\u00f3rio das atividades desenvolvidas.<\/span><\/p>\n<p style=\"text-align: justify;\"><span style=\"font-size: 14pt;\"><strong>Etapa seguinte<\/strong><\/span><\/p>\n<p style=\"text-align: justify;\"><span style=\"font-size: 14pt;\">O Ato n\u00ba 10\/2013 tamb\u00e9m prev\u00ea que, entre os meses de dezembro deste ano e mar\u00e7o de 2014, o Grupo de Trabalho fa\u00e7a a remessa do relat\u00f3rio e o disponibilize, por escrito, aos promotores de Justi\u00e7a com atribui\u00e7\u00f5es na \u00e1rea de defesa da sa\u00fade p\u00fablica, al\u00e9m de se colocar \u00e0 disposi\u00e7\u00e3o para apoiar os colegas no interior.<\/span><\/p>\n<p style=\"text-align: justify;\"><span style=\"font-size: 14pt;\">Reuni\u00f5es pr\u00e9vias com os promotores interessados em receber o GT, para discuss\u00e3o do diagn\u00f3stico e agendamento de data para reuni\u00e3o conjunta com os gestores da \u00e1rea da sa\u00fade p\u00fablica tamb\u00e9m ser\u00e3o realizadas. Na sequ\u00eancia, os membros do MP que integram a &#8216;for\u00e7a-tarefa&#8217; dever\u00e3o marcar os encontros com agentes p\u00fablicos com a finalidade de identificar as principais dificuldades no desenvolvimento das atividades e fazer progn\u00f3sticos de atua\u00e7\u00e3o. A realiza\u00e7\u00e3o de audi\u00eancias p\u00fablicas para coleta e registro da opini\u00e3o da popula\u00e7\u00e3o dos munic\u00edpios sob an\u00e1lise ser\u00e1 uma outra atividade importante a ser desenvolvida.<\/span><\/p>\n<p style=\"text-align: justify;\"><span style=\"font-size: 14pt;\">Depois dessa etapa, entre abril e junho do pr\u00f3ximo ano, o GT da Sa\u00fade ter\u00e1 a miss\u00e3o de elaborar termos de ajustamento de conduta ou recomenda\u00e7\u00f5es, em conjunto com os \u00f3rg\u00e3os naturais de execu\u00e7\u00e3o interessados no apoio do Grupo de Trabalho, de acordo com as especifidades de cada caso, com o estabelecimento de prazos para a implementa\u00e7\u00e3o das medidas necess\u00e1rias. A chefia do MPE\/AL dever\u00e1, sempre, ser cientificada a cerca das atividades desenvolvidas.<\/span><\/p>\n<p style=\"text-align: justify;\"><span style=\"font-size: 14pt;\">Em seguida, at\u00e9 setembro, a miss\u00e3o ser\u00e1 a de verifica\u00e7\u00e3o do cumprimento dos ajustes de conduta, conforme forem expirando os prazos estipulados. E, at\u00e9 dezembro de 2014, o ajuizamento, em conjunto com os promotores naturais, das a\u00e7\u00f5es civis p\u00fablicas referentes ao descumprimento dos TACs firmados ou das recomenda\u00e7\u00f5es expedidas. Um relat\u00f3rio final dever\u00e1 ser produzido e entregue ao procurador-geral de Justi\u00e7a.<\/span><\/p>\n<p style=\"text-align: justify;\"><span style=\"font-size: 14pt;\">\u201cO GT da Sa\u00fade receber\u00e1 todo apoio necess\u00e1rio \u00e0 consecu\u00e7\u00e3o de seus objetivos, em especial nas \u00e1reas de recursos humanos e materiais. Ele faz do Plano Estrat\u00e9gico do Minist\u00e9rio P\u00fablico Estadual de Alagoas 2011-2022, que, dentre outras coisas, tem como meta a promo\u00e7\u00e3o da defesa da sa\u00fade p\u00fablica e o aprimoramento do Sistema \u00danico de Sa\u00fade em Alagoas\u201d, destacou S\u00e9rgio Juc\u00e1, procurador-geral de Justi\u00e7a.<\/span><\/p>\n<p style=\"text-align: justify;\"><span style=\"font-size: 14pt;\">\u201cO Grupo foi idealizado por conta da necessidade de se implementar maior efici\u00eancia e celeridade na defesa da sa\u00fade p\u00fablica. \u00c9 por essa justa causa que vamos intensificar o trabalho nessa \u00e1rea\u201d, afirmou a coordenadora do GT, promotora Micheline Ten\u00f3rio.<\/span><\/p>\n<p style=\"text-align: justify;\"><span style=\"font-size: 14pt;\">O Grupo ser\u00e1 composto por tr\u00eas membros do Minist\u00e9rio P\u00fablico, incluindo o seu coordenador, e por seis servidores, sendo dois analistas da \u00e1rea jur\u00eddica, um analista da \u00e1rea de gest\u00e3o p\u00fablica, um assessor administrativo, um t\u00e9cnico do MPE\/AL e um t\u00e9cnico de Tecnologia da Informa\u00e7\u00e3o.<\/span><\/p>\n","protected":false},"excerpt":{"rendered":"<p> [&hellip;]<\/p>\n","protected":false},"author":4,"featured_media":11150,"comment_status":"open","ping_status":"open","sticky":false,"template":"","format":"standard","meta":{"om_disable_all_campaigns":false,"_monsterinsights_skip_tracking":false,"_monsterinsights_sitenote_active":false,"_monsterinsights_sitenote_note":"","_monsterinsights_sitenote_category":0,"_uf_show_specific_survey":0,"_uf_disable_surveys":false,"footnotes":""},"categories":[2],"tags":[],"class_list":["post-11149","post","type-post","status-publish","format-standard","has-post-thumbnail","hentry","category-not_mpal"],"aioseo_notices":[],"_links":{"self":[{"href":"https:\/\/www.mpal.mp.br\/index.php?rest_route=\/wp\/v2\/posts\/11149","targetHints":{"allow":["GET"]}}],"collection":[{"href":"https:\/\/www.mpal.mp.br\/index.php?rest_route=\/wp\/v2\/posts"}],"about":[{"href":"https:\/\/www.mpal.mp.br\/index.php?rest_route=\/wp\/v2\/types\/post"}],"author":[{"embeddable":true,"href":"https:\/\/www.mpal.mp.br\/index.php?rest_route=\/wp\/v2\/users\/4"}],"replies":[{"embeddable":true,"href":"https:\/\/www.mpal.mp.br\/index.php?rest_route=%2Fwp%2Fv2%2Fcomments&post=11149"}],"version-history":[{"count":1,"href":"https:\/\/www.mpal.mp.br\/index.php?rest_route=\/wp\/v2\/posts\/11149\/revisions"}],"predecessor-version":[{"id":11151,"href":"https:\/\/www.mpal.mp.br\/index.php?rest_route=\/wp\/v2\/posts\/11149\/revisions\/11151"}],"wp:featuredmedia":[{"embeddable":true,"href":"https:\/\/www.mpal.mp.br\/index.php?rest_route=\/wp\/v2\/media\/11150"}],"wp:attachment":[{"href":"https:\/\/www.mpal.mp.br\/index.php?rest_route=%2Fwp%2Fv2%2Fmedia&parent=11149"}],"wp:term":[{"taxonomy":"category","embeddable":true,"href":"https:\/\/www.mpal.mp.br\/index.php?rest_route=%2Fwp%2Fv2%2Fcategories&post=11149"},{"taxonomy":"post_tag","embeddable":true,"href":"https:\/\/www.mpal.mp.br\/index.php?rest_route=%2Fwp%2Fv2%2Ftags&post=11149"}],"curies":[{"name":"wp","href":"https:\/\/api.w.org\/{rel}","templated":true}]}}